{"id":7348,"date":"2017-11-13T12:06:00","date_gmt":"2017-11-13T12:06:00","guid":{"rendered":"https:\/\/server03.blackpixel.se\/~designteamet\/?p=7348"},"modified":"2025-04-03T12:23:54","modified_gmt":"2025-04-03T12:23:54","slug":"fokus-pa-miljo-energi-2","status":"publish","type":"post","link":"https:\/\/www.nordicclimategroup.se\/dotterbolag\/nyhetsrum\/nyheter\/dotterbolag\/fokus-pa-miljo-energi-2\/","title":{"rendered":"Fokus p\u00e5 milj\u00f6 &amp; energi!"},"content":{"rendered":"\n<p><strong>Behovet av ny teknik som svarar upp mot samh\u00e4llets krav p\u00e5 milj\u00f6v\u00e4nliga och energieffektiva system \u00e4r stort. Kraven \u00f6kar p\u00e5 att installat\u00f6rernas kompetens och erfarenhet motsvarar uppdragen. Industri &amp; Laboratoriekyl, som ing\u00e5r i TESAB-kedjan, r\u00e4knas idag som ett f\u00f6retag med h\u00f6g kompetens inom den nya tekniken.<\/strong><\/p>\n\n\n\n<div style=\"height:50px\" aria-hidden=\"true\" class=\"wp-block-spacer\"><\/div>\n\n\n\n<p>Milj\u00f6 och energi \u00e4r de tv\u00e5 faktorer som styr det mesta av arbetet p\u00e5 Industri &amp; Laboratoriekyl. M\u00e5let \u00e4r att hj\u00e4lpa uppdragsgivaren med ny teknik f\u00f6r att spara energi och minska milj\u00f6p\u00e5verkan. Dessa tv\u00e5 faktorer h\u00e4nger ihop med de lagar (F-gasf\u00f6rordningen) som styr alla systemval som Industri &amp; Laboratoriekyl g\u00f6r. Industri &amp; Laboratoriekyl var ett av de f\u00f6rsta kylf\u00f6retagen i Stockholmsomr\u00e5det som b\u00f6rjade arbeta med CO2 (koldioxid). Redan 2005 byggde de sin f\u00f6rsta CO2-anl\u00e4ggning.<\/p>\n\n\n\n<p>Deras CO2-anl\u00e4ggningar finns i livsmedelsaff\u00e4rer, lager, restauranger, sjukhus, isbanor och som industriapplikationer. I dag r\u00e4knas de som ett av f\u00e5 f\u00f6retag i Sverige som kan erbjuda sina kunder spjutspetskompetens inom CO2.<\/p>\n\n\n\n<p>Marknaden \u00e4r o\u00e4ndlig, men inte antalet kyl\u00adf\u00f6retag som beh\u00e4rskar tekniken.<br>Det finns ett antal tusen livsmedelsbutiker i Sverige och av dem \u00e4r det bara de som \u00e4r byggda efter 2012 som mer generellt har installerats med CO2-teknik. Totalt har uppskattningsvis 80% av alla butiker i Sverige kvar att g\u00f6ra en konvertering av sitt kylsystem. Det finns ca 200 kylf\u00f6retag i Stockholmsomr\u00e5det varav bara en handfull beh\u00e4rskar den nya tekniken.<\/p>\n\n\n\n<div style=\"height:50px\" aria-hidden=\"true\" class=\"wp-block-spacer\"><\/div>\n\n\n\n<h3 class=\"wp-block-heading\"><strong>F-\u00adgasf\u00f6rordningen och dess konsekvenser<\/strong><\/h3>\n\n\n\n<p>Inf\u00f6r stoppdatumet 2020 kommer m\u00e5nga livsmedelsbutiker som i dag anv\u00e4nder k\u00f6ldmediet R404A beh\u00f6va bygga om sina anl\u00e4ggningar. De flesta server- och datahallar har f\u00f6rmodligen ytterligare tv\u00e5 \u00e5r p\u00e5 sig. Ut\u00f6ver det finns det m\u00e4ngder av komfortkylanl\u00e4ggningar och tusentals restaurang- och stork\u00f6k som kommer att beh\u00f6va konverteras. Efterfr\u00e5gan kommer att vara betydligt st\u00f6rre \u00e4n tillg\u00e5ngen p\u00e5 resurser till detta.<\/p>\n\n\n\n<p>Redan 2018\/2019 blir det kritiskt f\u00f6r m\u00e5nga som inte agerat. Tiden \u00e4r knapp och risken \u00e4r att priserna kommer g\u00e5 upp. V\u00e4rldens st\u00f6rsta tillverkare av k\u00f6ldmediet R404A upph\u00f6r fr\u00e5n och med \u00e5rskiftet 2017\/2018 med sin tillverkning. Det inneb\u00e4r att \u00e4ven om det \u00e4r till\u00e5tet att fylla p\u00e5 till 2020 s\u00e5 kanske det inte finns n\u00e5got att fylla med. Efter 2020 blir m\u00e5nga tvungna att anv\u00e4nda sig av ers\u00e4ttningsk\u00f6ldmedier. I dag vet ingen hur de befintliga anl\u00e4ggningarna kommer att fungera med nya k\u00f6ldmedier. I v\u00e4rsta fall kan det bli som att tanka en bensinmotor med diesel.<\/p>\n\n\n\n<div style=\"height:50px\" aria-hidden=\"true\" class=\"wp-block-spacer\"><\/div>\n\n\n\n<h3 class=\"wp-block-heading\"><strong>Produktutvecklingen f\u00f6r CO2\u00adteknik<\/strong><\/h3>\n\n\n\n<p>Det som f\u00f6rst togs fram var kylaggregat i mellanregistret. Det \u00e4r de som i dag sitter i moderna livsmedelsbutiker. N\u00e4r det g\u00e4ller mindre anl\u00e4ggningar \u00e4r branschen i m\u00e5l. Tekniken har f\u00f6rfinats ytterligare och effektiviteten har \u00f6kat. Prisniv\u00e5erna sjunker och nu kan vi installera CO2 \u00e4ven i vanliga kylsk\u00e5p.<\/p>\n\n\n\n<p>I det stora segmentet har det tidigare sagts att det skulle bli f\u00f6r dyrt. Inte heller det \u00e4r<br>sant l\u00e4ngre. Green &amp; Cool har visat att deras CO2-l\u00f6sningar f\u00f6r stora anl\u00e4ggningar \u00e4r i samma prisklass eller billigare \u00e4n en konventionell ammoniakanl\u00e4ggning. Industri &amp; Laboratoriekyl har arbetat aktivt med produktutveckling tillsammans med Green &amp; Cool i \u00f6ver 10 \u00e5r.<\/p>\n\n\n\n<div style=\"height:50px\" aria-hidden=\"true\" class=\"wp-block-spacer\"><\/div>\n\n\n\n<h3 class=\"wp-block-heading\"><strong>Vi bidrar till ett h\u00e5llbarare samh\u00e4lle<\/strong><\/h3>\n\n\n\n<p>CO2 har ingen som helst p\u00e5verkan p\u00e5 klimatet. Det \u00e4r en helt naturlig produkt som vi dricker<br>i v\u00e5r \u00f6l och l\u00e4sk som kolsyra. Transport och f\u00f6rpackning \u00e4r det som kostar. I sj\u00e4lva verket binder vi CO2 i t\u00e4ta system i st\u00e4llet f\u00f6r att skicka upp det i v\u00e5r atmosf\u00e4r. CO2 har m\u00e5nga f\u00f6rdelar, men v\u00e4ldigt f\u00e5 nackdelar. Milj\u00f6v\u00e4nligt, flexibelt och energieffektivt.<\/p>\n","protected":false},"excerpt":{"rendered":"<p>Allt vi g\u00f6r har fokus p\u00e5 milj\u00f6 &#038; energi!, s\u00e4ger Patrik Larsson, vd och Teknisk chef p\u00e5 Industri &#038; Laboratoriekyl.<\/p>\n","protected":false},"author":1,"featured_media":7182,"comment_status":"open","ping_status":"open","sticky":false,"template":"","format":"standard","meta":{"_acf_changed":false,"footnotes":""},"categories":[37],"tags":[],"class_list":["post-7348","post","type-post","status-publish","format-standard","has-post-thumbnail","hentry","category-dotterbolag"],"acf":[],"yoast_head":"<!-- This site is optimized with the Yoast SEO plugin v25.4 - https:\/\/yoast.com\/wordpress\/plugins\/seo\/ -->\n<title>Fokus p\u00e5 milj\u00f6 &amp; energi! - Dotterbolag<\/title>\n<meta name=\"robots\" content=\"noindex, follow, max-snippet:-1, max-image-preview:large, max-video-preview:-1\" \/>\n<meta property=\"og:locale\" content=\"sv_SE\" \/>\n<meta property=\"og:type\" content=\"article\" \/>\n<meta property=\"og:title\" content=\"Fokus p\u00e5 milj\u00f6 &amp; energi! - Dotterbolag\" \/>\n<meta property=\"og:description\" content=\"Allt vi g\u00f6r har fokus p\u00e5 milj\u00f6 &amp; energi!, s\u00e4ger Patrik Larsson, vd och Teknisk chef p\u00e5 Industri &amp; Laboratoriekyl.\" \/>\n<meta property=\"og:url\" content=\"https:\/\/www.nordicclimategroup.se\/dotterbolag\/nyhetsrum\/nyheter\/dotterbolag\/fokus-pa-miljo-energi-2\/\" \/>\n<meta property=\"og:site_name\" content=\"Dotterbolag\" \/>\n<meta property=\"article:published_time\" content=\"2017-11-13T12:06:00+00:00\" \/>\n<meta property=\"article:modified_time\" content=\"2025-04-03T12:23:54+00:00\" \/>\n<meta property=\"og:image\" content=\"https:\/\/www.nordicclimategroup.se\/dotterbolag\/wp-content\/uploads\/sites\/3\/2025\/04\/labkyl_patrik2.jpg\" \/>\n\t<meta property=\"og:image:width\" content=\"500\" \/>\n\t<meta property=\"og:image:height\" content=\"451\" \/>\n\t<meta property=\"og:image:type\" content=\"image\/jpeg\" \/>\n<meta name=\"author\" content=\"admin\" \/>\n<meta name=\"twitter:card\" content=\"summary_large_image\" \/>\n<meta name=\"twitter:label1\" content=\"Skriven av\" \/>\n\t<meta name=\"twitter:data1\" content=\"admin\" \/>\n\t<meta name=\"twitter:label2\" content=\"Ber\u00e4knad l\u00e4stid\" \/>\n\t<meta name=\"twitter:data2\" content=\"3 minuter\" \/>\n<script type=\"application\/ld+json\" class=\"yoast-schema-graph\">{\"@context\":\"https:\/\/schema.org\",\"@graph\":[{\"@type\":\"Article\",\"@id\":\"https:\/\/www.nordicclimategroup.se\/dotterbolag\/nyhetsrum\/nyheter\/dotterbolag\/fokus-pa-miljo-energi-2\/#article\",\"isPartOf\":{\"@id\":\"https:\/\/www.nordicclimategroup.se\/dotterbolag\/nyhetsrum\/nyheter\/dotterbolag\/fokus-pa-miljo-energi-2\/\"},\"author\":{\"name\":\"admin\",\"@id\":\"https:\/\/www.nordicclimategroup.se\/dotterbolag\/#\/schema\/person\/facad66499691d7986ce0d727cd80347\"},\"headline\":\"Fokus p\u00e5 milj\u00f6 &amp; energi!\",\"datePublished\":\"2017-11-13T12:06:00+00:00\",\"dateModified\":\"2025-04-03T12:23:54+00:00\",\"mainEntityOfPage\":{\"@id\":\"https:\/\/www.nordicclimategroup.se\/dotterbolag\/nyhetsrum\/nyheter\/dotterbolag\/fokus-pa-miljo-energi-2\/\"},\"wordCount\":654,\"commentCount\":0,\"publisher\":{\"@id\":\"https:\/\/www.nordicclimategroup.se\/dotterbolag\/#organization\"},\"image\":{\"@id\":\"https:\/\/www.nordicclimategroup.se\/dotterbolag\/nyhetsrum\/nyheter\/dotterbolag\/fokus-pa-miljo-energi-2\/#primaryimage\"},\"thumbnailUrl\":\"https:\/\/www.nordicclimategroup.se\/dotterbolag\/wp-content\/uploads\/sites\/3\/2025\/04\/labkyl_patrik2.jpg\",\"articleSection\":[\"Dotterbolag\"],\"inLanguage\":\"sv-SE\",\"potentialAction\":[{\"@type\":\"CommentAction\",\"name\":\"Comment\",\"target\":[\"https:\/\/www.nordicclimategroup.se\/dotterbolag\/nyhetsrum\/nyheter\/dotterbolag\/fokus-pa-miljo-energi-2\/#respond\"]}]},{\"@type\":\"WebPage\",\"@id\":\"https:\/\/www.nordicclimategroup.se\/dotterbolag\/nyhetsrum\/nyheter\/dotterbolag\/fokus-pa-miljo-energi-2\/\",\"url\":\"https:\/\/www.nordicclimategroup.se\/dotterbolag\/nyhetsrum\/nyheter\/dotterbolag\/fokus-pa-miljo-energi-2\/\",\"name\":\"Fokus p\u00e5 milj\u00f6 &amp; energi! - Dotterbolag\",\"isPartOf\":{\"@id\":\"https:\/\/www.nordicclimategroup.se\/dotterbolag\/#website\"},\"primaryImageOfPage\":{\"@id\":\"https:\/\/www.nordicclimategroup.se\/dotterbolag\/nyhetsrum\/nyheter\/dotterbolag\/fokus-pa-miljo-energi-2\/#primaryimage\"},\"image\":{\"@id\":\"https:\/\/www.nordicclimategroup.se\/dotterbolag\/nyhetsrum\/nyheter\/dotterbolag\/fokus-pa-miljo-energi-2\/#primaryimage\"},\"thumbnailUrl\":\"https:\/\/www.nordicclimategroup.se\/dotterbolag\/wp-content\/uploads\/sites\/3\/2025\/04\/labkyl_patrik2.jpg\",\"datePublished\":\"2017-11-13T12:06:00+00:00\",\"dateModified\":\"2025-04-03T12:23:54+00:00\",\"inLanguage\":\"sv-SE\",\"potentialAction\":[{\"@type\":\"ReadAction\",\"target\":[\"https:\/\/www.nordicclimategroup.se\/dotterbolag\/nyhetsrum\/nyheter\/dotterbolag\/fokus-pa-miljo-energi-2\/\"]}]},{\"@type\":\"ImageObject\",\"inLanguage\":\"sv-SE\",\"@id\":\"https:\/\/www.nordicclimategroup.se\/dotterbolag\/nyhetsrum\/nyheter\/dotterbolag\/fokus-pa-miljo-energi-2\/#primaryimage\",\"url\":\"https:\/\/www.nordicclimategroup.se\/dotterbolag\/wp-content\/uploads\/sites\/3\/2025\/04\/labkyl_patrik2.jpg\",\"contentUrl\":\"https:\/\/www.nordicclimategroup.se\/dotterbolag\/wp-content\/uploads\/sites\/3\/2025\/04\/labkyl_patrik2.jpg\",\"width\":500,\"height\":451},{\"@type\":\"WebSite\",\"@id\":\"https:\/\/www.nordicclimategroup.se\/dotterbolag\/#website\",\"url\":\"https:\/\/www.nordicclimategroup.se\/dotterbolag\/\",\"name\":\"Dotterbolag\",\"description\":\"\",\"publisher\":{\"@id\":\"https:\/\/www.nordicclimategroup.se\/dotterbolag\/#organization\"},\"potentialAction\":[{\"@type\":\"SearchAction\",\"target\":{\"@type\":\"EntryPoint\",\"urlTemplate\":\"https:\/\/www.nordicclimategroup.se\/dotterbolag\/?s={search_term_string}\"},\"query-input\":{\"@type\":\"PropertyValueSpecification\",\"valueRequired\":true,\"valueName\":\"search_term_string\"}}],\"inLanguage\":\"sv-SE\"},{\"@type\":\"Organization\",\"@id\":\"https:\/\/www.nordicclimategroup.se\/dotterbolag\/#organization\",\"name\":\"Dotterbolag\",\"url\":\"https:\/\/www.nordicclimategroup.se\/dotterbolag\/\",\"logo\":{\"@type\":\"ImageObject\",\"inLanguage\":\"sv-SE\",\"@id\":\"https:\/\/www.nordicclimategroup.se\/dotterbolag\/#\/schema\/logo\/image\/\",\"url\":\"https:\/\/www.nordicclimategroup.se\/dotterbolag\/wp-content\/uploads\/sites\/3\/2024\/02\/NCG-LOGO.svg\",\"contentUrl\":\"https:\/\/www.nordicclimategroup.se\/dotterbolag\/wp-content\/uploads\/sites\/3\/2024\/02\/NCG-LOGO.svg\",\"caption\":\"Dotterbolag\"},\"image\":{\"@id\":\"https:\/\/www.nordicclimategroup.se\/dotterbolag\/#\/schema\/logo\/image\/\"}},{\"@type\":\"Person\",\"@id\":\"https:\/\/www.nordicclimategroup.se\/dotterbolag\/#\/schema\/person\/facad66499691d7986ce0d727cd80347\",\"name\":\"admin\",\"image\":{\"@type\":\"ImageObject\",\"inLanguage\":\"sv-SE\",\"@id\":\"https:\/\/www.nordicclimategroup.se\/dotterbolag\/#\/schema\/person\/image\/\",\"url\":\"https:\/\/secure.gravatar.com\/avatar\/04bb6f505c842e525adc7c63df6c0b599b63fe7fde089987dbab6e0bcf6882b3?s=96&d=mm&r=g\",\"contentUrl\":\"https:\/\/secure.gravatar.com\/avatar\/04bb6f505c842e525adc7c63df6c0b599b63fe7fde089987dbab6e0bcf6882b3?s=96&d=mm&r=g\",\"caption\":\"admin\"},\"sameAs\":[\"https:\/\/designteamet.se\"],\"url\":\"https:\/\/www.nordicclimategroup.se\/dotterbolag\/nyhetsrum\/nyheter\/author\/designteamet\/\"}]}<\/script>\n<!-- \/ Yoast SEO plugin. -->","yoast_head_json":{"title":"Fokus p\u00e5 milj\u00f6 &amp; energi! - Dotterbolag","robots":{"index":"noindex","follow":"follow","max-snippet":"max-snippet:-1","max-image-preview":"max-image-preview:large","max-video-preview":"max-video-preview:-1"},"og_locale":"sv_SE","og_type":"article","og_title":"Fokus p\u00e5 milj\u00f6 &amp; energi! - Dotterbolag","og_description":"Allt vi g\u00f6r har fokus p\u00e5 milj\u00f6 & energi!, s\u00e4ger Patrik Larsson, vd och Teknisk chef p\u00e5 Industri & Laboratoriekyl.","og_url":"https:\/\/www.nordicclimategroup.se\/dotterbolag\/nyhetsrum\/nyheter\/dotterbolag\/fokus-pa-miljo-energi-2\/","og_site_name":"Dotterbolag","article_published_time":"2017-11-13T12:06:00+00:00","article_modified_time":"2025-04-03T12:23:54+00:00","og_image":[{"width":500,"height":451,"url":"https:\/\/www.nordicclimategroup.se\/dotterbolag\/wp-content\/uploads\/sites\/3\/2025\/04\/labkyl_patrik2.jpg","type":"image\/jpeg"}],"author":"admin","twitter_card":"summary_large_image","twitter_misc":{"Skriven av":"admin","Ber\u00e4knad l\u00e4stid":"3 minuter"},"schema":{"@context":"https:\/\/schema.org","@graph":[{"@type":"Article","@id":"https:\/\/www.nordicclimategroup.se\/dotterbolag\/nyhetsrum\/nyheter\/dotterbolag\/fokus-pa-miljo-energi-2\/#article","isPartOf":{"@id":"https:\/\/www.nordicclimategroup.se\/dotterbolag\/nyhetsrum\/nyheter\/dotterbolag\/fokus-pa-miljo-energi-2\/"},"author":{"name":"admin","@id":"https:\/\/www.nordicclimategroup.se\/dotterbolag\/#\/schema\/person\/facad66499691d7986ce0d727cd80347"},"headline":"Fokus p\u00e5 milj\u00f6 &amp; energi!","datePublished":"2017-11-13T12:06:00+00:00","dateModified":"2025-04-03T12:23:54+00:00","mainEntityOfPage":{"@id":"https:\/\/www.nordicclimategroup.se\/dotterbolag\/nyhetsrum\/nyheter\/dotterbolag\/fokus-pa-miljo-energi-2\/"},"wordCount":654,"commentCount":0,"publisher":{"@id":"https:\/\/www.nordicclimategroup.se\/dotterbolag\/#organization"},"image":{"@id":"https:\/\/www.nordicclimategroup.se\/dotterbolag\/nyhetsrum\/nyheter\/dotterbolag\/fokus-pa-miljo-energi-2\/#primaryimage"},"thumbnailUrl":"https:\/\/www.nordicclimategroup.se\/dotterbolag\/wp-content\/uploads\/sites\/3\/2025\/04\/labkyl_patrik2.jpg","articleSection":["Dotterbolag"],"inLanguage":"sv-SE","potentialAction":[{"@type":"CommentAction","name":"Comment","target":["https:\/\/www.nordicclimategroup.se\/dotterbolag\/nyhetsrum\/nyheter\/dotterbolag\/fokus-pa-miljo-energi-2\/#respond"]}]},{"@type":"WebPage","@id":"https:\/\/www.nordicclimategroup.se\/dotterbolag\/nyhetsrum\/nyheter\/dotterbolag\/fokus-pa-miljo-energi-2\/","url":"https:\/\/www.nordicclimategroup.se\/dotterbolag\/nyhetsrum\/nyheter\/dotterbolag\/fokus-pa-miljo-energi-2\/","name":"Fokus p\u00e5 milj\u00f6 &amp; energi! - Dotterbolag","isPartOf":{"@id":"https:\/\/www.nordicclimategroup.se\/dotterbolag\/#website"},"primaryImageOfPage":{"@id":"https:\/\/www.nordicclimategroup.se\/dotterbolag\/nyhetsrum\/nyheter\/dotterbolag\/fokus-pa-miljo-energi-2\/#primaryimage"},"image":{"@id":"https:\/\/www.nordicclimategroup.se\/dotterbolag\/nyhetsrum\/nyheter\/dotterbolag\/fokus-pa-miljo-energi-2\/#primaryimage"},"thumbnailUrl":"https:\/\/www.nordicclimategroup.se\/dotterbolag\/wp-content\/uploads\/sites\/3\/2025\/04\/labkyl_patrik2.jpg","datePublished":"2017-11-13T12:06:00+00:00","dateModified":"2025-04-03T12:23:54+00:00","inLanguage":"sv-SE","potentialAction":[{"@type":"ReadAction","target":["https:\/\/www.nordicclimategroup.se\/dotterbolag\/nyhetsrum\/nyheter\/dotterbolag\/fokus-pa-miljo-energi-2\/"]}]},{"@type":"ImageObject","inLanguage":"sv-SE","@id":"https:\/\/www.nordicclimategroup.se\/dotterbolag\/nyhetsrum\/nyheter\/dotterbolag\/fokus-pa-miljo-energi-2\/#primaryimage","url":"https:\/\/www.nordicclimategroup.se\/dotterbolag\/wp-content\/uploads\/sites\/3\/2025\/04\/labkyl_patrik2.jpg","contentUrl":"https:\/\/www.nordicclimategroup.se\/dotterbolag\/wp-content\/uploads\/sites\/3\/2025\/04\/labkyl_patrik2.jpg","width":500,"height":451},{"@type":"WebSite","@id":"https:\/\/www.nordicclimategroup.se\/dotterbolag\/#website","url":"https:\/\/www.nordicclimategroup.se\/dotterbolag\/","name":"Dotterbolag","description":"","publisher":{"@id":"https:\/\/www.nordicclimategroup.se\/dotterbolag\/#organization"},"potentialAction":[{"@type":"SearchAction","target":{"@type":"EntryPoint","urlTemplate":"https:\/\/www.nordicclimategroup.se\/dotterbolag\/?s={search_term_string}"},"query-input":{"@type":"PropertyValueSpecification","valueRequired":true,"valueName":"search_term_string"}}],"inLanguage":"sv-SE"},{"@type":"Organization","@id":"https:\/\/www.nordicclimategroup.se\/dotterbolag\/#organization","name":"Dotterbolag","url":"https:\/\/www.nordicclimategroup.se\/dotterbolag\/","logo":{"@type":"ImageObject","inLanguage":"sv-SE","@id":"https:\/\/www.nordicclimategroup.se\/dotterbolag\/#\/schema\/logo\/image\/","url":"https:\/\/www.nordicclimategroup.se\/dotterbolag\/wp-content\/uploads\/sites\/3\/2024\/02\/NCG-LOGO.svg","contentUrl":"https:\/\/www.nordicclimategroup.se\/dotterbolag\/wp-content\/uploads\/sites\/3\/2024\/02\/NCG-LOGO.svg","caption":"Dotterbolag"},"image":{"@id":"https:\/\/www.nordicclimategroup.se\/dotterbolag\/#\/schema\/logo\/image\/"}},{"@type":"Person","@id":"https:\/\/www.nordicclimategroup.se\/dotterbolag\/#\/schema\/person\/facad66499691d7986ce0d727cd80347","name":"admin","image":{"@type":"ImageObject","inLanguage":"sv-SE","@id":"https:\/\/www.nordicclimategroup.se\/dotterbolag\/#\/schema\/person\/image\/","url":"https:\/\/secure.gravatar.com\/avatar\/04bb6f505c842e525adc7c63df6c0b599b63fe7fde089987dbab6e0bcf6882b3?s=96&d=mm&r=g","contentUrl":"https:\/\/secure.gravatar.com\/avatar\/04bb6f505c842e525adc7c63df6c0b599b63fe7fde089987dbab6e0bcf6882b3?s=96&d=mm&r=g","caption":"admin"},"sameAs":["https:\/\/designteamet.se"],"url":"https:\/\/www.nordicclimategroup.se\/dotterbolag\/nyhetsrum\/nyheter\/author\/designteamet\/"}]}},"_links":{"self":[{"href":"https:\/\/www.nordicclimategroup.se\/dotterbolag\/wp-json\/wp\/v2\/posts\/7348","targetHints":{"allow":["GET"]}}],"collection":[{"href":"https:\/\/www.nordicclimategroup.se\/dotterbolag\/wp-json\/wp\/v2\/posts"}],"about":[{"href":"https:\/\/www.nordicclimategroup.se\/dotterbolag\/wp-json\/wp\/v2\/types\/post"}],"author":[{"embeddable":true,"href":"https:\/\/www.nordicclimategroup.se\/dotterbolag\/wp-json\/wp\/v2\/users\/1"}],"replies":[{"embeddable":true,"href":"https:\/\/www.nordicclimategroup.se\/dotterbolag\/wp-json\/wp\/v2\/comments?post=7348"}],"version-history":[{"count":1,"href":"https:\/\/www.nordicclimategroup.se\/dotterbolag\/wp-json\/wp\/v2\/posts\/7348\/revisions"}],"predecessor-version":[{"id":7349,"href":"https:\/\/www.nordicclimategroup.se\/dotterbolag\/wp-json\/wp\/v2\/posts\/7348\/revisions\/7349"}],"wp:featuredmedia":[{"embeddable":true,"href":"https:\/\/www.nordicclimategroup.se\/dotterbolag\/wp-json\/wp\/v2\/media\/7182"}],"wp:attachment":[{"href":"https:\/\/www.nordicclimategroup.se\/dotterbolag\/wp-json\/wp\/v2\/media?parent=7348"}],"wp:term":[{"taxonomy":"category","embeddable":true,"href":"https:\/\/www.nordicclimategroup.se\/dotterbolag\/wp-json\/wp\/v2\/categories?post=7348"},{"taxonomy":"post_tag","embeddable":true,"href":"https:\/\/www.nordicclimategroup.se\/dotterbolag\/wp-json\/wp\/v2\/tags?post=7348"}],"curies":[{"name":"wp","href":"https:\/\/api.w.org\/{rel}","templated":true}]}}