{"id":7310,"date":"2018-02-14T11:49:00","date_gmt":"2018-02-14T11:49:00","guid":{"rendered":"https:\/\/server03.blackpixel.se\/~designteamet\/?p=7310"},"modified":"2025-04-03T11:50:12","modified_gmt":"2025-04-03T11:50:12","slug":"nki-kyl-blev-arets-foretagare-2","status":"publish","type":"post","link":"https:\/\/www.nordicclimategroup.se\/dotterbolag\/nyhetsrum\/nyheter\/dotterbolag\/nki-kyl-blev-arets-foretagare-2\/","title":{"rendered":"NKI-KYL blev \u00c5rets F\u00f6retagare!"},"content":{"rendered":"\n<p><strong>Motiveringen lyder:<\/strong><\/p>\n\n\n\n<p><em>Ett genuint \u00d6viksf\u00f6retag p\u00e5 stark uppg\u00e5ng. Tar nya marknadsandelar, inte bara i \u00d6rnsk\u00f6ldsvik utan \u00e4ven p\u00e5 andra orter. Styrkan ligger mycket i den personliga kontakten, d\u00e4r de ser till kundernas behov. Utbildar sig b\u00e5de p\u00e5 ledar- och personalniv\u00e5, allt f\u00f6r att m\u00f6ta morgondagens utmaningar. Ett f\u00f6retag som genom sin sponsring bidrar till att m\u00e5nga lokala idrottsf\u00f6reningar kan bedriva verksamhet.<\/em><\/p>\n\n\n\n<p><em>&#8211; Den \u00e4r ett kvitto p\u00e5 att vi uppskattas, att vi g\u00f6r r\u00e4tt och att vi lyckats g\u00f6ra ett avtryck i v\u00e5r region. Det \u00e4r fantastiskt att just vi hamnade i blickf\u00e5nget i en s\u00e5 industri- och f\u00f6retagst\u00e4t plats som \u00d6rnsk\u00f6ldsvik. V\u00e5r region st\u00e5r f\u00f6r 3% av Sveriges totala export. Av den anledningen var det extra roligt att bli nominerad. Att vi skulle vinna fanns inte p\u00e5 agendan. Under m\u00e5nga \u00e5r har vi arbetat med att st\u00e4rka v\u00e5r organisation, \u00f6ka v\u00e5r kompetens och p\u00e5 det s\u00e4ttet bli \u00e4nnu b\u00e4ttre p\u00e5 det vi g\u00f6r. Det h\u00e4r priset g\u00e5r till hela f\u00f6retaget, utan v\u00e5ra duktiga medarbetare hade vi inte vunnit den h\u00e4r utm\u00e4rkelsen,&nbsp;<\/em>s\u00e4ger Stefan Grundstr\u00f6m, vd p\u00e5 NKI-KYL AB.<\/p>\n\n\n\n<p><strong>Priset delas ut av F\u00f6retagarna till en f\u00f6retagare som utf\u00f6rt en prestation i sin kommun och som fungerar som en f\u00f6rebild f\u00f6r andra f\u00f6retagare.<\/strong><\/p>\n","protected":false},"excerpt":{"rendered":"<p>NKI-KYL med Stefan Grundstr\u00f6m och Anders J\u00e4ger fick nyligen ta emot priset som \u00c5rets F\u00f6retagare i \u00d6rnsk\u00f6ldsvik.<\/p>\n","protected":false},"author":1,"featured_media":7311,"comment_status":"open","ping_status":"open","sticky":false,"template":"","format":"standard","meta":{"_acf_changed":false,"footnotes":""},"categories":[37],"tags":[],"class_list":["post-7310","post","type-post","status-publish","format-standard","has-post-thumbnail","hentry","category-dotterbolag"],"acf":[],"yoast_head":"<!-- This site is optimized with the Yoast SEO plugin v25.4 - https:\/\/yoast.com\/wordpress\/plugins\/seo\/ -->\n<title>NKI-KYL blev \u00c5rets F\u00f6retagare! - Dotterbolag<\/title>\n<meta name=\"robots\" content=\"noindex, follow, max-snippet:-1, max-image-preview:large, max-video-preview:-1\" \/>\n<meta property=\"og:locale\" content=\"sv_SE\" \/>\n<meta property=\"og:type\" content=\"article\" \/>\n<meta property=\"og:title\" content=\"NKI-KYL blev \u00c5rets F\u00f6retagare! - Dotterbolag\" \/>\n<meta property=\"og:description\" content=\"NKI-KYL med Stefan Grundstr\u00f6m och Anders J\u00e4ger fick nyligen ta emot priset som \u00c5rets F\u00f6retagare i \u00d6rnsk\u00f6ldsvik.\" \/>\n<meta property=\"og:url\" content=\"https:\/\/www.nordicclimategroup.se\/dotterbolag\/nyhetsrum\/nyheter\/dotterbolag\/nki-kyl-blev-arets-foretagare-2\/\" \/>\n<meta property=\"og:site_name\" content=\"Dotterbolag\" \/>\n<meta property=\"article:published_time\" content=\"2018-02-14T11:49:00+00:00\" \/>\n<meta property=\"article:modified_time\" content=\"2025-04-03T11:50:12+00:00\" \/>\n<meta property=\"og:image\" content=\"https:\/\/www.nordicclimategroup.se\/dotterbolag\/wp-content\/uploads\/sites\/3\/2025\/04\/iso-8859-1nki2001.jpg\" \/>\n\t<meta property=\"og:image:width\" content=\"590\" \/>\n\t<meta property=\"og:image:height\" content=\"590\" \/>\n\t<meta property=\"og:image:type\" content=\"image\/jpeg\" \/>\n<meta name=\"author\" content=\"admin\" \/>\n<meta name=\"twitter:card\" content=\"summary_large_image\" \/>\n<meta name=\"twitter:label1\" content=\"Skriven av\" \/>\n\t<meta name=\"twitter:data1\" content=\"admin\" \/>\n\t<meta name=\"twitter:label2\" content=\"Ber\u00e4knad l\u00e4stid\" \/>\n\t<meta name=\"twitter:data2\" content=\"2 minuter\" \/>\n<script type=\"application\/ld+json\" class=\"yoast-schema-graph\">{\"@context\":\"https:\/\/schema.org\",\"@graph\":[{\"@type\":\"Article\",\"@id\":\"https:\/\/www.nordicclimategroup.se\/dotterbolag\/nyhetsrum\/nyheter\/dotterbolag\/nki-kyl-blev-arets-foretagare-2\/#article\",\"isPartOf\":{\"@id\":\"https:\/\/www.nordicclimategroup.se\/dotterbolag\/nyhetsrum\/nyheter\/dotterbolag\/nki-kyl-blev-arets-foretagare-2\/\"},\"author\":{\"name\":\"admin\",\"@id\":\"https:\/\/www.nordicclimategroup.se\/dotterbolag\/#\/schema\/person\/facad66499691d7986ce0d727cd80347\"},\"headline\":\"NKI-KYL blev \u00c5rets F\u00f6retagare!\",\"datePublished\":\"2018-02-14T11:49:00+00:00\",\"dateModified\":\"2025-04-03T11:50:12+00:00\",\"mainEntityOfPage\":{\"@id\":\"https:\/\/www.nordicclimategroup.se\/dotterbolag\/nyhetsrum\/nyheter\/dotterbolag\/nki-kyl-blev-arets-foretagare-2\/\"},\"wordCount\":250,\"commentCount\":0,\"publisher\":{\"@id\":\"https:\/\/www.nordicclimategroup.se\/dotterbolag\/#organization\"},\"image\":{\"@id\":\"https:\/\/www.nordicclimategroup.se\/dotterbolag\/nyhetsrum\/nyheter\/dotterbolag\/nki-kyl-blev-arets-foretagare-2\/#primaryimage\"},\"thumbnailUrl\":\"https:\/\/www.nordicclimategroup.se\/dotterbolag\/wp-content\/uploads\/sites\/3\/2025\/04\/iso-8859-1nki2001.jpg\",\"articleSection\":[\"Dotterbolag\"],\"inLanguage\":\"sv-SE\",\"potentialAction\":[{\"@type\":\"CommentAction\",\"name\":\"Comment\",\"target\":[\"https:\/\/www.nordicclimategroup.se\/dotterbolag\/nyhetsrum\/nyheter\/dotterbolag\/nki-kyl-blev-arets-foretagare-2\/#respond\"]}]},{\"@type\":\"WebPage\",\"@id\":\"https:\/\/www.nordicclimategroup.se\/dotterbolag\/nyhetsrum\/nyheter\/dotterbolag\/nki-kyl-blev-arets-foretagare-2\/\",\"url\":\"https:\/\/www.nordicclimategroup.se\/dotterbolag\/nyhetsrum\/nyheter\/dotterbolag\/nki-kyl-blev-arets-foretagare-2\/\",\"name\":\"NKI-KYL blev \u00c5rets F\u00f6retagare! - Dotterbolag\",\"isPartOf\":{\"@id\":\"https:\/\/www.nordicclimategroup.se\/dotterbolag\/#website\"},\"primaryImageOfPage\":{\"@id\":\"https:\/\/www.nordicclimategroup.se\/dotterbolag\/nyhetsrum\/nyheter\/dotterbolag\/nki-kyl-blev-arets-foretagare-2\/#primaryimage\"},\"image\":{\"@id\":\"https:\/\/www.nordicclimategroup.se\/dotterbolag\/nyhetsrum\/nyheter\/dotterbolag\/nki-kyl-blev-arets-foretagare-2\/#primaryimage\"},\"thumbnailUrl\":\"https:\/\/www.nordicclimategroup.se\/dotterbolag\/wp-content\/uploads\/sites\/3\/2025\/04\/iso-8859-1nki2001.jpg\",\"datePublished\":\"2018-02-14T11:49:00+00:00\",\"dateModified\":\"2025-04-03T11:50:12+00:00\",\"inLanguage\":\"sv-SE\",\"potentialAction\":[{\"@type\":\"ReadAction\",\"target\":[\"https:\/\/www.nordicclimategroup.se\/dotterbolag\/nyhetsrum\/nyheter\/dotterbolag\/nki-kyl-blev-arets-foretagare-2\/\"]}]},{\"@type\":\"ImageObject\",\"inLanguage\":\"sv-SE\",\"@id\":\"https:\/\/www.nordicclimategroup.se\/dotterbolag\/nyhetsrum\/nyheter\/dotterbolag\/nki-kyl-blev-arets-foretagare-2\/#primaryimage\",\"url\":\"https:\/\/www.nordicclimategroup.se\/dotterbolag\/wp-content\/uploads\/sites\/3\/2025\/04\/iso-8859-1nki2001.jpg\",\"contentUrl\":\"https:\/\/www.nordicclimategroup.se\/dotterbolag\/wp-content\/uploads\/sites\/3\/2025\/04\/iso-8859-1nki2001.jpg\",\"width\":590,\"height\":590},{\"@type\":\"WebSite\",\"@id\":\"https:\/\/www.nordicclimategroup.se\/dotterbolag\/#website\",\"url\":\"https:\/\/www.nordicclimategroup.se\/dotterbolag\/\",\"name\":\"Dotterbolag\",\"description\":\"\",\"publisher\":{\"@id\":\"https:\/\/www.nordicclimategroup.se\/dotterbolag\/#organization\"},\"potentialAction\":[{\"@type\":\"SearchAction\",\"target\":{\"@type\":\"EntryPoint\",\"urlTemplate\":\"https:\/\/www.nordicclimategroup.se\/dotterbolag\/?s={search_term_string}\"},\"query-input\":{\"@type\":\"PropertyValueSpecification\",\"valueRequired\":true,\"valueName\":\"search_term_string\"}}],\"inLanguage\":\"sv-SE\"},{\"@type\":\"Organization\",\"@id\":\"https:\/\/www.nordicclimategroup.se\/dotterbolag\/#organization\",\"name\":\"Dotterbolag\",\"url\":\"https:\/\/www.nordicclimategroup.se\/dotterbolag\/\",\"logo\":{\"@type\":\"ImageObject\",\"inLanguage\":\"sv-SE\",\"@id\":\"https:\/\/www.nordicclimategroup.se\/dotterbolag\/#\/schema\/logo\/image\/\",\"url\":\"https:\/\/www.nordicclimategroup.se\/dotterbolag\/wp-content\/uploads\/sites\/3\/2024\/02\/NCG-LOGO.svg\",\"contentUrl\":\"https:\/\/www.nordicclimategroup.se\/dotterbolag\/wp-content\/uploads\/sites\/3\/2024\/02\/NCG-LOGO.svg\",\"caption\":\"Dotterbolag\"},\"image\":{\"@id\":\"https:\/\/www.nordicclimategroup.se\/dotterbolag\/#\/schema\/logo\/image\/\"}},{\"@type\":\"Person\",\"@id\":\"https:\/\/www.nordicclimategroup.se\/dotterbolag\/#\/schema\/person\/facad66499691d7986ce0d727cd80347\",\"name\":\"admin\",\"image\":{\"@type\":\"ImageObject\",\"inLanguage\":\"sv-SE\",\"@id\":\"https:\/\/www.nordicclimategroup.se\/dotterbolag\/#\/schema\/person\/image\/\",\"url\":\"https:\/\/secure.gravatar.com\/avatar\/04bb6f505c842e525adc7c63df6c0b599b63fe7fde089987dbab6e0bcf6882b3?s=96&d=mm&r=g\",\"contentUrl\":\"https:\/\/secure.gravatar.com\/avatar\/04bb6f505c842e525adc7c63df6c0b599b63fe7fde089987dbab6e0bcf6882b3?s=96&d=mm&r=g\",\"caption\":\"admin\"},\"sameAs\":[\"https:\/\/designteamet.se\"],\"url\":\"https:\/\/www.nordicclimategroup.se\/dotterbolag\/nyhetsrum\/nyheter\/author\/designteamet\/\"}]}<\/script>\n<!-- \/ Yoast SEO plugin. -->","yoast_head_json":{"title":"NKI-KYL blev \u00c5rets F\u00f6retagare! - Dotterbolag","robots":{"index":"noindex","follow":"follow","max-snippet":"max-snippet:-1","max-image-preview":"max-image-preview:large","max-video-preview":"max-video-preview:-1"},"og_locale":"sv_SE","og_type":"article","og_title":"NKI-KYL blev \u00c5rets F\u00f6retagare! - Dotterbolag","og_description":"NKI-KYL med Stefan Grundstr\u00f6m och Anders J\u00e4ger fick nyligen ta emot priset som \u00c5rets F\u00f6retagare i \u00d6rnsk\u00f6ldsvik.","og_url":"https:\/\/www.nordicclimategroup.se\/dotterbolag\/nyhetsrum\/nyheter\/dotterbolag\/nki-kyl-blev-arets-foretagare-2\/","og_site_name":"Dotterbolag","article_published_time":"2018-02-14T11:49:00+00:00","article_modified_time":"2025-04-03T11:50:12+00:00","og_image":[{"width":590,"height":590,"url":"https:\/\/www.nordicclimategroup.se\/dotterbolag\/wp-content\/uploads\/sites\/3\/2025\/04\/iso-8859-1nki2001.jpg","type":"image\/jpeg"}],"author":"admin","twitter_card":"summary_large_image","twitter_misc":{"Skriven av":"admin","Ber\u00e4knad l\u00e4stid":"2 minuter"},"schema":{"@context":"https:\/\/schema.org","@graph":[{"@type":"Article","@id":"https:\/\/www.nordicclimategroup.se\/dotterbolag\/nyhetsrum\/nyheter\/dotterbolag\/nki-kyl-blev-arets-foretagare-2\/#article","isPartOf":{"@id":"https:\/\/www.nordicclimategroup.se\/dotterbolag\/nyhetsrum\/nyheter\/dotterbolag\/nki-kyl-blev-arets-foretagare-2\/"},"author":{"name":"admin","@id":"https:\/\/www.nordicclimategroup.se\/dotterbolag\/#\/schema\/person\/facad66499691d7986ce0d727cd80347"},"headline":"NKI-KYL blev \u00c5rets F\u00f6retagare!","datePublished":"2018-02-14T11:49:00+00:00","dateModified":"2025-04-03T11:50:12+00:00","mainEntityOfPage":{"@id":"https:\/\/www.nordicclimategroup.se\/dotterbolag\/nyhetsrum\/nyheter\/dotterbolag\/nki-kyl-blev-arets-foretagare-2\/"},"wordCount":250,"commentCount":0,"publisher":{"@id":"https:\/\/www.nordicclimategroup.se\/dotterbolag\/#organization"},"image":{"@id":"https:\/\/www.nordicclimategroup.se\/dotterbolag\/nyhetsrum\/nyheter\/dotterbolag\/nki-kyl-blev-arets-foretagare-2\/#primaryimage"},"thumbnailUrl":"https:\/\/www.nordicclimategroup.se\/dotterbolag\/wp-content\/uploads\/sites\/3\/2025\/04\/iso-8859-1nki2001.jpg","articleSection":["Dotterbolag"],"inLanguage":"sv-SE","potentialAction":[{"@type":"CommentAction","name":"Comment","target":["https:\/\/www.nordicclimategroup.se\/dotterbolag\/nyhetsrum\/nyheter\/dotterbolag\/nki-kyl-blev-arets-foretagare-2\/#respond"]}]},{"@type":"WebPage","@id":"https:\/\/www.nordicclimategroup.se\/dotterbolag\/nyhetsrum\/nyheter\/dotterbolag\/nki-kyl-blev-arets-foretagare-2\/","url":"https:\/\/www.nordicclimategroup.se\/dotterbolag\/nyhetsrum\/nyheter\/dotterbolag\/nki-kyl-blev-arets-foretagare-2\/","name":"NKI-KYL blev \u00c5rets F\u00f6retagare! - Dotterbolag","isPartOf":{"@id":"https:\/\/www.nordicclimategroup.se\/dotterbolag\/#website"},"primaryImageOfPage":{"@id":"https:\/\/www.nordicclimategroup.se\/dotterbolag\/nyhetsrum\/nyheter\/dotterbolag\/nki-kyl-blev-arets-foretagare-2\/#primaryimage"},"image":{"@id":"https:\/\/www.nordicclimategroup.se\/dotterbolag\/nyhetsrum\/nyheter\/dotterbolag\/nki-kyl-blev-arets-foretagare-2\/#primaryimage"},"thumbnailUrl":"https:\/\/www.nordicclimategroup.se\/dotterbolag\/wp-content\/uploads\/sites\/3\/2025\/04\/iso-8859-1nki2001.jpg","datePublished":"2018-02-14T11:49:00+00:00","dateModified":"2025-04-03T11:50:12+00:00","inLanguage":"sv-SE","potentialAction":[{"@type":"ReadAction","target":["https:\/\/www.nordicclimategroup.se\/dotterbolag\/nyhetsrum\/nyheter\/dotterbolag\/nki-kyl-blev-arets-foretagare-2\/"]}]},{"@type":"ImageObject","inLanguage":"sv-SE","@id":"https:\/\/www.nordicclimategroup.se\/dotterbolag\/nyhetsrum\/nyheter\/dotterbolag\/nki-kyl-blev-arets-foretagare-2\/#primaryimage","url":"https:\/\/www.nordicclimategroup.se\/dotterbolag\/wp-content\/uploads\/sites\/3\/2025\/04\/iso-8859-1nki2001.jpg","contentUrl":"https:\/\/www.nordicclimategroup.se\/dotterbolag\/wp-content\/uploads\/sites\/3\/2025\/04\/iso-8859-1nki2001.jpg","width":590,"height":590},{"@type":"WebSite","@id":"https:\/\/www.nordicclimategroup.se\/dotterbolag\/#website","url":"https:\/\/www.nordicclimategroup.se\/dotterbolag\/","name":"Dotterbolag","description":"","publisher":{"@id":"https:\/\/www.nordicclimategroup.se\/dotterbolag\/#organization"},"potentialAction":[{"@type":"SearchAction","target":{"@type":"EntryPoint","urlTemplate":"https:\/\/www.nordicclimategroup.se\/dotterbolag\/?s={search_term_string}"},"query-input":{"@type":"PropertyValueSpecification","valueRequired":true,"valueName":"search_term_string"}}],"inLanguage":"sv-SE"},{"@type":"Organization","@id":"https:\/\/www.nordicclimategroup.se\/dotterbolag\/#organization","name":"Dotterbolag","url":"https:\/\/www.nordicclimategroup.se\/dotterbolag\/","logo":{"@type":"ImageObject","inLanguage":"sv-SE","@id":"https:\/\/www.nordicclimategroup.se\/dotterbolag\/#\/schema\/logo\/image\/","url":"https:\/\/www.nordicclimategroup.se\/dotterbolag\/wp-content\/uploads\/sites\/3\/2024\/02\/NCG-LOGO.svg","contentUrl":"https:\/\/www.nordicclimategroup.se\/dotterbolag\/wp-content\/uploads\/sites\/3\/2024\/02\/NCG-LOGO.svg","caption":"Dotterbolag"},"image":{"@id":"https:\/\/www.nordicclimategroup.se\/dotterbolag\/#\/schema\/logo\/image\/"}},{"@type":"Person","@id":"https:\/\/www.nordicclimategroup.se\/dotterbolag\/#\/schema\/person\/facad66499691d7986ce0d727cd80347","name":"admin","image":{"@type":"ImageObject","inLanguage":"sv-SE","@id":"https:\/\/www.nordicclimategroup.se\/dotterbolag\/#\/schema\/person\/image\/","url":"https:\/\/secure.gravatar.com\/avatar\/04bb6f505c842e525adc7c63df6c0b599b63fe7fde089987dbab6e0bcf6882b3?s=96&d=mm&r=g","contentUrl":"https:\/\/secure.gravatar.com\/avatar\/04bb6f505c842e525adc7c63df6c0b599b63fe7fde089987dbab6e0bcf6882b3?s=96&d=mm&r=g","caption":"admin"},"sameAs":["https:\/\/designteamet.se"],"url":"https:\/\/www.nordicclimategroup.se\/dotterbolag\/nyhetsrum\/nyheter\/author\/designteamet\/"}]}},"_links":{"self":[{"href":"https:\/\/www.nordicclimategroup.se\/dotterbolag\/wp-json\/wp\/v2\/posts\/7310","targetHints":{"allow":["GET"]}}],"collection":[{"href":"https:\/\/www.nordicclimategroup.se\/dotterbolag\/wp-json\/wp\/v2\/posts"}],"about":[{"href":"https:\/\/www.nordicclimategroup.se\/dotterbolag\/wp-json\/wp\/v2\/types\/post"}],"author":[{"embeddable":true,"href":"https:\/\/www.nordicclimategroup.se\/dotterbolag\/wp-json\/wp\/v2\/users\/1"}],"replies":[{"embeddable":true,"href":"https:\/\/www.nordicclimategroup.se\/dotterbolag\/wp-json\/wp\/v2\/comments?post=7310"}],"version-history":[{"count":1,"href":"https:\/\/www.nordicclimategroup.se\/dotterbolag\/wp-json\/wp\/v2\/posts\/7310\/revisions"}],"predecessor-version":[{"id":7312,"href":"https:\/\/www.nordicclimategroup.se\/dotterbolag\/wp-json\/wp\/v2\/posts\/7310\/revisions\/7312"}],"wp:featuredmedia":[{"embeddable":true,"href":"https:\/\/www.nordicclimategroup.se\/dotterbolag\/wp-json\/wp\/v2\/media\/7311"}],"wp:attachment":[{"href":"https:\/\/www.nordicclimategroup.se\/dotterbolag\/wp-json\/wp\/v2\/media?parent=7310"}],"wp:term":[{"taxonomy":"category","embeddable":true,"href":"https:\/\/www.nordicclimategroup.se\/dotterbolag\/wp-json\/wp\/v2\/categories?post=7310"},{"taxonomy":"post_tag","embeddable":true,"href":"https:\/\/www.nordicclimategroup.se\/dotterbolag\/wp-json\/wp\/v2\/tags?post=7310"}],"curies":[{"name":"wp","href":"https:\/\/api.w.org\/{rel}","templated":true}]}}