{"id":7306,"date":"2018-04-30T11:47:00","date_gmt":"2018-04-30T11:47:00","guid":{"rendered":"https:\/\/server03.blackpixel.se\/~designteamet\/?p=7306"},"modified":"2025-04-03T11:48:43","modified_gmt":"2025-04-03T11:48:43","slug":"savsjo-termogods-expanderar-gront-2","status":"publish","type":"post","link":"https:\/\/www.nordicclimategroup.se\/dotterbolag\/nyhetsrum\/nyheter\/dotterbolag\/savsjo-termogods-expanderar-gront-2\/","title":{"rendered":"S\u00e4vsj\u00f6 Termogods expanderar gr\u00f6nt"},"content":{"rendered":"\n<p>Aggregaten Polo Kylteknik har f\u00e5tt f\u00f6rtroendet att installera \u00e4r milj\u00f6v\u00e4nliga och energieffektiva CO2 aggregat fr\u00e5n Advansor. Den totala effekten \u00e4r p\u00e5 80 KW och de \u00e4r f\u00f6rberedda f\u00f6r v\u00e4rme\u00e5tervinning. Projekteringen \u00e4r genomf\u00f6rd och installationsarbetet g\u00e5r i g\u00e5ng i slutet av april. S\u00e4vsj\u00f6 Termogods \u00e4r en distributionsterminal f\u00f6r livsmedel och erbjuder sina kunder en s\u00e4ker och obruten kyl- och fryskedja. De samarbetar med flera stora uppdragsgivare, bl a har de slutit avtal med Martin &amp; Servera.<\/p>\n\n\n\n<p><em>&#8211; Vi kom i kontakt med Polo Kylteknik genom att de sponsrar v\u00e5r lokala idrottsf\u00f6rening. N\u00e4r jag var inne p\u00e5 deras hemsida fann jag en bra referens i form av Gastrofood. \u00c5t dem hade de byggt h\u00e5llbart med r\u00e4tt milj\u00f6val inf\u00f6r framtiden, samma sak som vi efterfr\u00e5gar. Dessutom var deras offert b\u00e4st,<\/em>&nbsp;s\u00e4ger Ulf Blomqvist, vd p\u00e5 S\u00e4vsj\u00f6 Termogods.<\/p>\n\n\n\n<p><em>&#8211; Ett sp\u00e4nnande uppdrag att bygga upp ett kyl- och fryslager som \u00e4r ett gr\u00f6nt alternativ. Att S\u00e4vsj\u00f6 Termogods satsat p\u00e5 milj\u00f6n passar oss bra. Projektet p<\/em><em>\u00e5<\/em><em>minner om liknande lyckade uppdrag vi genomf\u00f6rt som t ex&nbsp;<\/em><em>Gastrofood<\/em>, s\u00e4ger Patrik Spjuth, vd p\u00e5 Polo Kylteknik<\/p>\n","protected":false},"excerpt":{"rendered":"<p>N\u00e4r S\u00e4vsj\u00f6 Termogods bygger nya kyl- och frysrum ser de till att g\u00f6ra det framtidss\u00e4krat. Polo Kylteknik kommer tillsammans med Kylpanel i N\u00e4ssj\u00f6 f\u00e4rdigst\u00e4lla totalt 950 kvm kyl- och frysrum till sommaren.<\/p>\n","protected":false},"author":1,"featured_media":7308,"comment_status":"open","ping_status":"open","sticky":false,"template":"","format":"standard","meta":{"_acf_changed":false,"footnotes":""},"categories":[37],"tags":[],"class_list":["post-7306","post","type-post","status-publish","format-standard","has-post-thumbnail","hentry","category-dotterbolag"],"acf":[],"yoast_head":"<!-- This site is optimized with the Yoast SEO plugin v25.4 - https:\/\/yoast.com\/wordpress\/plugins\/seo\/ -->\n<title>S\u00e4vsj\u00f6 Termogods expanderar gr\u00f6nt - Dotterbolag<\/title>\n<meta name=\"robots\" content=\"noindex, follow, max-snippet:-1, max-image-preview:large, max-video-preview:-1\" \/>\n<meta property=\"og:locale\" content=\"sv_SE\" \/>\n<meta property=\"og:type\" content=\"article\" \/>\n<meta property=\"og:title\" content=\"S\u00e4vsj\u00f6 Termogods expanderar gr\u00f6nt - Dotterbolag\" \/>\n<meta property=\"og:description\" content=\"N\u00e4r S\u00e4vsj\u00f6 Termogods bygger nya kyl- och frysrum ser de till att g\u00f6ra det framtidss\u00e4krat. Polo Kylteknik kommer tillsammans med Kylpanel i N\u00e4ssj\u00f6 f\u00e4rdigst\u00e4lla totalt 950 kvm kyl- och frysrum till sommaren.\" \/>\n<meta property=\"og:url\" content=\"https:\/\/www.nordicclimategroup.se\/dotterbolag\/nyhetsrum\/nyheter\/dotterbolag\/savsjo-termogods-expanderar-gront-2\/\" \/>\n<meta property=\"og:site_name\" content=\"Dotterbolag\" \/>\n<meta property=\"article:published_time\" content=\"2018-04-30T11:47:00+00:00\" \/>\n<meta property=\"article:modified_time\" content=\"2025-04-03T11:48:43+00:00\" \/>\n<meta property=\"og:image\" content=\"https:\/\/www.nordicclimategroup.se\/dotterbolag\/wp-content\/uploads\/sites\/3\/2025\/04\/iso-8859-1polo-thermogods.jpg\" \/>\n\t<meta property=\"og:image:width\" content=\"590\" \/>\n\t<meta property=\"og:image:height\" content=\"590\" \/>\n\t<meta property=\"og:image:type\" content=\"image\/jpeg\" \/>\n<meta name=\"author\" content=\"admin\" \/>\n<meta name=\"twitter:card\" content=\"summary_large_image\" \/>\n<meta name=\"twitter:label1\" content=\"Skriven av\" \/>\n\t<meta name=\"twitter:data1\" content=\"admin\" \/>\n\t<meta name=\"twitter:label2\" content=\"Ber\u00e4knad l\u00e4stid\" \/>\n\t<meta name=\"twitter:data2\" content=\"2 minuter\" \/>\n<script type=\"application\/ld+json\" class=\"yoast-schema-graph\">{\"@context\":\"https:\/\/schema.org\",\"@graph\":[{\"@type\":\"Article\",\"@id\":\"https:\/\/www.nordicclimategroup.se\/dotterbolag\/nyhetsrum\/nyheter\/dotterbolag\/savsjo-termogods-expanderar-gront-2\/#article\",\"isPartOf\":{\"@id\":\"https:\/\/www.nordicclimategroup.se\/dotterbolag\/nyhetsrum\/nyheter\/dotterbolag\/savsjo-termogods-expanderar-gront-2\/\"},\"author\":{\"name\":\"admin\",\"@id\":\"https:\/\/www.nordicclimategroup.se\/dotterbolag\/#\/schema\/person\/facad66499691d7986ce0d727cd80347\"},\"headline\":\"S\u00e4vsj\u00f6 Termogods expanderar gr\u00f6nt\",\"datePublished\":\"2018-04-30T11:47:00+00:00\",\"dateModified\":\"2025-04-03T11:48:43+00:00\",\"mainEntityOfPage\":{\"@id\":\"https:\/\/www.nordicclimategroup.se\/dotterbolag\/nyhetsrum\/nyheter\/dotterbolag\/savsjo-termogods-expanderar-gront-2\/\"},\"wordCount\":218,\"commentCount\":0,\"publisher\":{\"@id\":\"https:\/\/www.nordicclimategroup.se\/dotterbolag\/#organization\"},\"image\":{\"@id\":\"https:\/\/www.nordicclimategroup.se\/dotterbolag\/nyhetsrum\/nyheter\/dotterbolag\/savsjo-termogods-expanderar-gront-2\/#primaryimage\"},\"thumbnailUrl\":\"https:\/\/www.nordicclimategroup.se\/dotterbolag\/wp-content\/uploads\/sites\/3\/2025\/04\/iso-8859-1polo-thermogods.jpg\",\"articleSection\":[\"Dotterbolag\"],\"inLanguage\":\"sv-SE\",\"potentialAction\":[{\"@type\":\"CommentAction\",\"name\":\"Comment\",\"target\":[\"https:\/\/www.nordicclimategroup.se\/dotterbolag\/nyhetsrum\/nyheter\/dotterbolag\/savsjo-termogods-expanderar-gront-2\/#respond\"]}]},{\"@type\":\"WebPage\",\"@id\":\"https:\/\/www.nordicclimategroup.se\/dotterbolag\/nyhetsrum\/nyheter\/dotterbolag\/savsjo-termogods-expanderar-gront-2\/\",\"url\":\"https:\/\/www.nordicclimategroup.se\/dotterbolag\/nyhetsrum\/nyheter\/dotterbolag\/savsjo-termogods-expanderar-gront-2\/\",\"name\":\"S\u00e4vsj\u00f6 Termogods expanderar gr\u00f6nt - Dotterbolag\",\"isPartOf\":{\"@id\":\"https:\/\/www.nordicclimategroup.se\/dotterbolag\/#website\"},\"primaryImageOfPage\":{\"@id\":\"https:\/\/www.nordicclimategroup.se\/dotterbolag\/nyhetsrum\/nyheter\/dotterbolag\/savsjo-termogods-expanderar-gront-2\/#primaryimage\"},\"image\":{\"@id\":\"https:\/\/www.nordicclimategroup.se\/dotterbolag\/nyhetsrum\/nyheter\/dotterbolag\/savsjo-termogods-expanderar-gront-2\/#primaryimage\"},\"thumbnailUrl\":\"https:\/\/www.nordicclimategroup.se\/dotterbolag\/wp-content\/uploads\/sites\/3\/2025\/04\/iso-8859-1polo-thermogods.jpg\",\"datePublished\":\"2018-04-30T11:47:00+00:00\",\"dateModified\":\"2025-04-03T11:48:43+00:00\",\"inLanguage\":\"sv-SE\",\"potentialAction\":[{\"@type\":\"ReadAction\",\"target\":[\"https:\/\/www.nordicclimategroup.se\/dotterbolag\/nyhetsrum\/nyheter\/dotterbolag\/savsjo-termogods-expanderar-gront-2\/\"]}]},{\"@type\":\"ImageObject\",\"inLanguage\":\"sv-SE\",\"@id\":\"https:\/\/www.nordicclimategroup.se\/dotterbolag\/nyhetsrum\/nyheter\/dotterbolag\/savsjo-termogods-expanderar-gront-2\/#primaryimage\",\"url\":\"https:\/\/www.nordicclimategroup.se\/dotterbolag\/wp-content\/uploads\/sites\/3\/2025\/04\/iso-8859-1polo-thermogods.jpg\",\"contentUrl\":\"https:\/\/www.nordicclimategroup.se\/dotterbolag\/wp-content\/uploads\/sites\/3\/2025\/04\/iso-8859-1polo-thermogods.jpg\",\"width\":590,\"height\":590},{\"@type\":\"WebSite\",\"@id\":\"https:\/\/www.nordicclimategroup.se\/dotterbolag\/#website\",\"url\":\"https:\/\/www.nordicclimategroup.se\/dotterbolag\/\",\"name\":\"Dotterbolag\",\"description\":\"\",\"publisher\":{\"@id\":\"https:\/\/www.nordicclimategroup.se\/dotterbolag\/#organization\"},\"potentialAction\":[{\"@type\":\"SearchAction\",\"target\":{\"@type\":\"EntryPoint\",\"urlTemplate\":\"https:\/\/www.nordicclimategroup.se\/dotterbolag\/?s={search_term_string}\"},\"query-input\":{\"@type\":\"PropertyValueSpecification\",\"valueRequired\":true,\"valueName\":\"search_term_string\"}}],\"inLanguage\":\"sv-SE\"},{\"@type\":\"Organization\",\"@id\":\"https:\/\/www.nordicclimategroup.se\/dotterbolag\/#organization\",\"name\":\"Dotterbolag\",\"url\":\"https:\/\/www.nordicclimategroup.se\/dotterbolag\/\",\"logo\":{\"@type\":\"ImageObject\",\"inLanguage\":\"sv-SE\",\"@id\":\"https:\/\/www.nordicclimategroup.se\/dotterbolag\/#\/schema\/logo\/image\/\",\"url\":\"https:\/\/www.nordicclimategroup.se\/dotterbolag\/wp-content\/uploads\/sites\/3\/2024\/02\/NCG-LOGO.svg\",\"contentUrl\":\"https:\/\/www.nordicclimategroup.se\/dotterbolag\/wp-content\/uploads\/sites\/3\/2024\/02\/NCG-LOGO.svg\",\"caption\":\"Dotterbolag\"},\"image\":{\"@id\":\"https:\/\/www.nordicclimategroup.se\/dotterbolag\/#\/schema\/logo\/image\/\"}},{\"@type\":\"Person\",\"@id\":\"https:\/\/www.nordicclimategroup.se\/dotterbolag\/#\/schema\/person\/facad66499691d7986ce0d727cd80347\",\"name\":\"admin\",\"image\":{\"@type\":\"ImageObject\",\"inLanguage\":\"sv-SE\",\"@id\":\"https:\/\/www.nordicclimategroup.se\/dotterbolag\/#\/schema\/person\/image\/\",\"url\":\"https:\/\/secure.gravatar.com\/avatar\/04bb6f505c842e525adc7c63df6c0b599b63fe7fde089987dbab6e0bcf6882b3?s=96&d=mm&r=g\",\"contentUrl\":\"https:\/\/secure.gravatar.com\/avatar\/04bb6f505c842e525adc7c63df6c0b599b63fe7fde089987dbab6e0bcf6882b3?s=96&d=mm&r=g\",\"caption\":\"admin\"},\"sameAs\":[\"https:\/\/designteamet.se\"],\"url\":\"https:\/\/www.nordicclimategroup.se\/dotterbolag\/nyhetsrum\/nyheter\/author\/designteamet\/\"}]}<\/script>\n<!-- \/ Yoast SEO plugin. -->","yoast_head_json":{"title":"S\u00e4vsj\u00f6 Termogods expanderar gr\u00f6nt - Dotterbolag","robots":{"index":"noindex","follow":"follow","max-snippet":"max-snippet:-1","max-image-preview":"max-image-preview:large","max-video-preview":"max-video-preview:-1"},"og_locale":"sv_SE","og_type":"article","og_title":"S\u00e4vsj\u00f6 Termogods expanderar gr\u00f6nt - Dotterbolag","og_description":"N\u00e4r S\u00e4vsj\u00f6 Termogods bygger nya kyl- och frysrum ser de till att g\u00f6ra det framtidss\u00e4krat. Polo Kylteknik kommer tillsammans med Kylpanel i N\u00e4ssj\u00f6 f\u00e4rdigst\u00e4lla totalt 950 kvm kyl- och frysrum till sommaren.","og_url":"https:\/\/www.nordicclimategroup.se\/dotterbolag\/nyhetsrum\/nyheter\/dotterbolag\/savsjo-termogods-expanderar-gront-2\/","og_site_name":"Dotterbolag","article_published_time":"2018-04-30T11:47:00+00:00","article_modified_time":"2025-04-03T11:48:43+00:00","og_image":[{"width":590,"height":590,"url":"https:\/\/www.nordicclimategroup.se\/dotterbolag\/wp-content\/uploads\/sites\/3\/2025\/04\/iso-8859-1polo-thermogods.jpg","type":"image\/jpeg"}],"author":"admin","twitter_card":"summary_large_image","twitter_misc":{"Skriven av":"admin","Ber\u00e4knad l\u00e4stid":"2 minuter"},"schema":{"@context":"https:\/\/schema.org","@graph":[{"@type":"Article","@id":"https:\/\/www.nordicclimategroup.se\/dotterbolag\/nyhetsrum\/nyheter\/dotterbolag\/savsjo-termogods-expanderar-gront-2\/#article","isPartOf":{"@id":"https:\/\/www.nordicclimategroup.se\/dotterbolag\/nyhetsrum\/nyheter\/dotterbolag\/savsjo-termogods-expanderar-gront-2\/"},"author":{"name":"admin","@id":"https:\/\/www.nordicclimategroup.se\/dotterbolag\/#\/schema\/person\/facad66499691d7986ce0d727cd80347"},"headline":"S\u00e4vsj\u00f6 Termogods expanderar gr\u00f6nt","datePublished":"2018-04-30T11:47:00+00:00","dateModified":"2025-04-03T11:48:43+00:00","mainEntityOfPage":{"@id":"https:\/\/www.nordicclimategroup.se\/dotterbolag\/nyhetsrum\/nyheter\/dotterbolag\/savsjo-termogods-expanderar-gront-2\/"},"wordCount":218,"commentCount":0,"publisher":{"@id":"https:\/\/www.nordicclimategroup.se\/dotterbolag\/#organization"},"image":{"@id":"https:\/\/www.nordicclimategroup.se\/dotterbolag\/nyhetsrum\/nyheter\/dotterbolag\/savsjo-termogods-expanderar-gront-2\/#primaryimage"},"thumbnailUrl":"https:\/\/www.nordicclimategroup.se\/dotterbolag\/wp-content\/uploads\/sites\/3\/2025\/04\/iso-8859-1polo-thermogods.jpg","articleSection":["Dotterbolag"],"inLanguage":"sv-SE","potentialAction":[{"@type":"CommentAction","name":"Comment","target":["https:\/\/www.nordicclimategroup.se\/dotterbolag\/nyhetsrum\/nyheter\/dotterbolag\/savsjo-termogods-expanderar-gront-2\/#respond"]}]},{"@type":"WebPage","@id":"https:\/\/www.nordicclimategroup.se\/dotterbolag\/nyhetsrum\/nyheter\/dotterbolag\/savsjo-termogods-expanderar-gront-2\/","url":"https:\/\/www.nordicclimategroup.se\/dotterbolag\/nyhetsrum\/nyheter\/dotterbolag\/savsjo-termogods-expanderar-gront-2\/","name":"S\u00e4vsj\u00f6 Termogods expanderar gr\u00f6nt - Dotterbolag","isPartOf":{"@id":"https:\/\/www.nordicclimategroup.se\/dotterbolag\/#website"},"primaryImageOfPage":{"@id":"https:\/\/www.nordicclimategroup.se\/dotterbolag\/nyhetsrum\/nyheter\/dotterbolag\/savsjo-termogods-expanderar-gront-2\/#primaryimage"},"image":{"@id":"https:\/\/www.nordicclimategroup.se\/dotterbolag\/nyhetsrum\/nyheter\/dotterbolag\/savsjo-termogods-expanderar-gront-2\/#primaryimage"},"thumbnailUrl":"https:\/\/www.nordicclimategroup.se\/dotterbolag\/wp-content\/uploads\/sites\/3\/2025\/04\/iso-8859-1polo-thermogods.jpg","datePublished":"2018-04-30T11:47:00+00:00","dateModified":"2025-04-03T11:48:43+00:00","inLanguage":"sv-SE","potentialAction":[{"@type":"ReadAction","target":["https:\/\/www.nordicclimategroup.se\/dotterbolag\/nyhetsrum\/nyheter\/dotterbolag\/savsjo-termogods-expanderar-gront-2\/"]}]},{"@type":"ImageObject","inLanguage":"sv-SE","@id":"https:\/\/www.nordicclimategroup.se\/dotterbolag\/nyhetsrum\/nyheter\/dotterbolag\/savsjo-termogods-expanderar-gront-2\/#primaryimage","url":"https:\/\/www.nordicclimategroup.se\/dotterbolag\/wp-content\/uploads\/sites\/3\/2025\/04\/iso-8859-1polo-thermogods.jpg","contentUrl":"https:\/\/www.nordicclimategroup.se\/dotterbolag\/wp-content\/uploads\/sites\/3\/2025\/04\/iso-8859-1polo-thermogods.jpg","width":590,"height":590},{"@type":"WebSite","@id":"https:\/\/www.nordicclimategroup.se\/dotterbolag\/#website","url":"https:\/\/www.nordicclimategroup.se\/dotterbolag\/","name":"Dotterbolag","description":"","publisher":{"@id":"https:\/\/www.nordicclimategroup.se\/dotterbolag\/#organization"},"potentialAction":[{"@type":"SearchAction","target":{"@type":"EntryPoint","urlTemplate":"https:\/\/www.nordicclimategroup.se\/dotterbolag\/?s={search_term_string}"},"query-input":{"@type":"PropertyValueSpecification","valueRequired":true,"valueName":"search_term_string"}}],"inLanguage":"sv-SE"},{"@type":"Organization","@id":"https:\/\/www.nordicclimategroup.se\/dotterbolag\/#organization","name":"Dotterbolag","url":"https:\/\/www.nordicclimategroup.se\/dotterbolag\/","logo":{"@type":"ImageObject","inLanguage":"sv-SE","@id":"https:\/\/www.nordicclimategroup.se\/dotterbolag\/#\/schema\/logo\/image\/","url":"https:\/\/www.nordicclimategroup.se\/dotterbolag\/wp-content\/uploads\/sites\/3\/2024\/02\/NCG-LOGO.svg","contentUrl":"https:\/\/www.nordicclimategroup.se\/dotterbolag\/wp-content\/uploads\/sites\/3\/2024\/02\/NCG-LOGO.svg","caption":"Dotterbolag"},"image":{"@id":"https:\/\/www.nordicclimategroup.se\/dotterbolag\/#\/schema\/logo\/image\/"}},{"@type":"Person","@id":"https:\/\/www.nordicclimategroup.se\/dotterbolag\/#\/schema\/person\/facad66499691d7986ce0d727cd80347","name":"admin","image":{"@type":"ImageObject","inLanguage":"sv-SE","@id":"https:\/\/www.nordicclimategroup.se\/dotterbolag\/#\/schema\/person\/image\/","url":"https:\/\/secure.gravatar.com\/avatar\/04bb6f505c842e525adc7c63df6c0b599b63fe7fde089987dbab6e0bcf6882b3?s=96&d=mm&r=g","contentUrl":"https:\/\/secure.gravatar.com\/avatar\/04bb6f505c842e525adc7c63df6c0b599b63fe7fde089987dbab6e0bcf6882b3?s=96&d=mm&r=g","caption":"admin"},"sameAs":["https:\/\/designteamet.se"],"url":"https:\/\/www.nordicclimategroup.se\/dotterbolag\/nyhetsrum\/nyheter\/author\/designteamet\/"}]}},"_links":{"self":[{"href":"https:\/\/www.nordicclimategroup.se\/dotterbolag\/wp-json\/wp\/v2\/posts\/7306","targetHints":{"allow":["GET"]}}],"collection":[{"href":"https:\/\/www.nordicclimategroup.se\/dotterbolag\/wp-json\/wp\/v2\/posts"}],"about":[{"href":"https:\/\/www.nordicclimategroup.se\/dotterbolag\/wp-json\/wp\/v2\/types\/post"}],"author":[{"embeddable":true,"href":"https:\/\/www.nordicclimategroup.se\/dotterbolag\/wp-json\/wp\/v2\/users\/1"}],"replies":[{"embeddable":true,"href":"https:\/\/www.nordicclimategroup.se\/dotterbolag\/wp-json\/wp\/v2\/comments?post=7306"}],"version-history":[{"count":1,"href":"https:\/\/www.nordicclimategroup.se\/dotterbolag\/wp-json\/wp\/v2\/posts\/7306\/revisions"}],"predecessor-version":[{"id":7309,"href":"https:\/\/www.nordicclimategroup.se\/dotterbolag\/wp-json\/wp\/v2\/posts\/7306\/revisions\/7309"}],"wp:featuredmedia":[{"embeddable":true,"href":"https:\/\/www.nordicclimategroup.se\/dotterbolag\/wp-json\/wp\/v2\/media\/7308"}],"wp:attachment":[{"href":"https:\/\/www.nordicclimategroup.se\/dotterbolag\/wp-json\/wp\/v2\/media?parent=7306"}],"wp:term":[{"taxonomy":"category","embeddable":true,"href":"https:\/\/www.nordicclimategroup.se\/dotterbolag\/wp-json\/wp\/v2\/categories?post=7306"},{"taxonomy":"post_tag","embeddable":true,"href":"https:\/\/www.nordicclimategroup.se\/dotterbolag\/wp-json\/wp\/v2\/tags?post=7306"}],"curies":[{"name":"wp","href":"https:\/\/api.w.org\/{rel}","templated":true}]}}