{"id":7299,"date":"2018-05-14T09:54:00","date_gmt":"2018-05-14T09:54:00","guid":{"rendered":"https:\/\/server03.blackpixel.se\/~designteamet\/?p=7299"},"modified":"2025-04-03T10:43:00","modified_gmt":"2025-04-03T10:43:00","slug":"ett-co2-aggregat-framtidssakrar-tva-ishallar-2","status":"publish","type":"post","link":"https:\/\/www.nordicclimategroup.se\/dotterbolag\/nyhetsrum\/nyheter\/uncategorized\/ett-co2-aggregat-framtidssakrar-tva-ishallar-2\/","title":{"rendered":"Ett CO2-aggregat framtidss\u00e4krar tv\u00e5 ishallar"},"content":{"rendered":"\n<p>Industri och Laboratoriekyl installerade ett CO2-aggregat gemensamt f\u00f6r b\u00e5da hallarna, med \u00e5tervinning av v\u00e4rme f\u00f6r radiatorsystem, tappvarmvatten och l\u00e4ggvatten till ismaskinen. Industri &amp; laboratoriekyl bytte ocks\u00e5 ut alla k\u00f6ldb\u00e4rar\u00f6r och pumpar fram till de befintliga pisterna. Vallentuna kommun har nu en h\u00e5llbar l\u00f6sning f\u00f6r kyla och v\u00e4rme till sina tv\u00e5 ishallar.<\/p>\n\n\n\n<p>&#8211; Just ny bygger vi systemet f\u00f6r v\u00e4rme\u00e5tervinning som ger mer eller mindre gratis v\u00e4rme och varmvatten. Det h\u00e4r blir en v\u00e4ldigt energieffektiv anl\u00e4ggning, s\u00e4ger Nicklas Lundgren, projektchef, Industri &amp; laboratoriekyl<\/p>\n\n\n\n<p>&#8211; De befintliga kylmaskinerna var gamla och beh\u00f6vdes bytas ut. Det nya CO2-aggregatet \u00e4r bra f\u00f6r milj\u00f6n och ger betydligt b\u00e4ttre effekt. Industri &amp; Laboratoriekyl \u00e4r kompetenta och h\u00e5ller h\u00f6g serviceniv\u00e5. Jag rekommenderar dem g\u00e4rna vidare, s\u00e4ger Ola Nilsson, arbetsledare, Vallentuna kommun.<\/p>\n","protected":false},"excerpt":{"rendered":"<p>Vallentuna kommun hade till sina tv\u00e5 ishallar en arton \u00e5r gammal anl\u00e4ggning som de nu ville byta ut. Det var en en ammoniakanl\u00e4ggning med kalciumklorid som k\u00f6ldb\u00e4rare. Nu satsade de p\u00e5 en milj\u00f6v\u00e4nlig och energieffektiv CO2-anl\u00e4ggning.<\/p>\n","protected":false},"author":1,"featured_media":7300,"comment_status":"open","ping_status":"open","sticky":false,"template":"","format":"standard","meta":{"_acf_changed":false,"footnotes":""},"categories":[37,1],"tags":[],"class_list":["post-7299","post","type-post","status-publish","format-standard","has-post-thumbnail","hentry","category-dotterbolag","category-uncategorized"],"acf":[],"yoast_head":"<!-- This site is optimized with the Yoast SEO plugin v25.4 - https:\/\/yoast.com\/wordpress\/plugins\/seo\/ -->\n<title>Ett CO2-aggregat framtidss\u00e4krar tv\u00e5 ishallar - Dotterbolag<\/title>\n<meta name=\"robots\" content=\"noindex, follow, max-snippet:-1, max-image-preview:large, max-video-preview:-1\" \/>\n<meta property=\"og:locale\" content=\"sv_SE\" \/>\n<meta property=\"og:type\" content=\"article\" \/>\n<meta property=\"og:title\" content=\"Ett CO2-aggregat framtidss\u00e4krar tv\u00e5 ishallar - Dotterbolag\" \/>\n<meta property=\"og:description\" content=\"Vallentuna kommun hade till sina tv\u00e5 ishallar en arton \u00e5r gammal anl\u00e4ggning som de nu ville byta ut. Det var en en ammoniakanl\u00e4ggning med kalciumklorid som k\u00f6ldb\u00e4rare. Nu satsade de p\u00e5 en milj\u00f6v\u00e4nlig och energieffektiv CO2-anl\u00e4ggning.\" \/>\n<meta property=\"og:url\" content=\"https:\/\/www.nordicclimategroup.se\/dotterbolag\/nyhetsrum\/nyheter\/uncategorized\/ett-co2-aggregat-framtidssakrar-tva-ishallar-2\/\" \/>\n<meta property=\"og:site_name\" content=\"Dotterbolag\" \/>\n<meta property=\"article:published_time\" content=\"2018-05-14T09:54:00+00:00\" \/>\n<meta property=\"article:modified_time\" content=\"2025-04-03T10:43:00+00:00\" \/>\n<meta property=\"og:image\" content=\"https:\/\/www.nordicclimategroup.se\/dotterbolag\/wp-content\/uploads\/sites\/3\/2025\/04\/1.jpeg\" \/>\n\t<meta property=\"og:image:width\" content=\"500\" \/>\n\t<meta property=\"og:image:height\" content=\"171\" \/>\n\t<meta property=\"og:image:type\" content=\"image\/jpeg\" \/>\n<meta name=\"author\" content=\"admin\" \/>\n<meta name=\"twitter:card\" content=\"summary_large_image\" \/>\n<meta name=\"twitter:label1\" content=\"Skriven av\" \/>\n\t<meta name=\"twitter:data1\" content=\"admin\" \/>\n\t<meta name=\"twitter:label2\" content=\"Ber\u00e4knad l\u00e4stid\" \/>\n\t<meta name=\"twitter:data2\" content=\"1 minut\" \/>\n<script type=\"application\/ld+json\" class=\"yoast-schema-graph\">{\"@context\":\"https:\/\/schema.org\",\"@graph\":[{\"@type\":\"Article\",\"@id\":\"https:\/\/www.nordicclimategroup.se\/dotterbolag\/nyhetsrum\/nyheter\/uncategorized\/ett-co2-aggregat-framtidssakrar-tva-ishallar-2\/#article\",\"isPartOf\":{\"@id\":\"https:\/\/www.nordicclimategroup.se\/dotterbolag\/nyhetsrum\/nyheter\/uncategorized\/ett-co2-aggregat-framtidssakrar-tva-ishallar-2\/\"},\"author\":{\"name\":\"admin\",\"@id\":\"https:\/\/www.nordicclimategroup.se\/dotterbolag\/#\/schema\/person\/facad66499691d7986ce0d727cd80347\"},\"headline\":\"Ett CO2-aggregat framtidss\u00e4krar tv\u00e5 ishallar\",\"datePublished\":\"2018-05-14T09:54:00+00:00\",\"dateModified\":\"2025-04-03T10:43:00+00:00\",\"mainEntityOfPage\":{\"@id\":\"https:\/\/www.nordicclimategroup.se\/dotterbolag\/nyhetsrum\/nyheter\/uncategorized\/ett-co2-aggregat-framtidssakrar-tva-ishallar-2\/\"},\"wordCount\":161,\"commentCount\":0,\"publisher\":{\"@id\":\"https:\/\/www.nordicclimategroup.se\/dotterbolag\/#organization\"},\"image\":{\"@id\":\"https:\/\/www.nordicclimategroup.se\/dotterbolag\/nyhetsrum\/nyheter\/uncategorized\/ett-co2-aggregat-framtidssakrar-tva-ishallar-2\/#primaryimage\"},\"thumbnailUrl\":\"https:\/\/www.nordicclimategroup.se\/dotterbolag\/wp-content\/uploads\/sites\/3\/2025\/04\/1.jpeg\",\"articleSection\":[\"Dotterbolag\",\"Uncategorized\"],\"inLanguage\":\"sv-SE\",\"potentialAction\":[{\"@type\":\"CommentAction\",\"name\":\"Comment\",\"target\":[\"https:\/\/www.nordicclimategroup.se\/dotterbolag\/nyhetsrum\/nyheter\/uncategorized\/ett-co2-aggregat-framtidssakrar-tva-ishallar-2\/#respond\"]}]},{\"@type\":\"WebPage\",\"@id\":\"https:\/\/www.nordicclimategroup.se\/dotterbolag\/nyhetsrum\/nyheter\/uncategorized\/ett-co2-aggregat-framtidssakrar-tva-ishallar-2\/\",\"url\":\"https:\/\/www.nordicclimategroup.se\/dotterbolag\/nyhetsrum\/nyheter\/uncategorized\/ett-co2-aggregat-framtidssakrar-tva-ishallar-2\/\",\"name\":\"Ett CO2-aggregat framtidss\u00e4krar tv\u00e5 ishallar - Dotterbolag\",\"isPartOf\":{\"@id\":\"https:\/\/www.nordicclimategroup.se\/dotterbolag\/#website\"},\"primaryImageOfPage\":{\"@id\":\"https:\/\/www.nordicclimategroup.se\/dotterbolag\/nyhetsrum\/nyheter\/uncategorized\/ett-co2-aggregat-framtidssakrar-tva-ishallar-2\/#primaryimage\"},\"image\":{\"@id\":\"https:\/\/www.nordicclimategroup.se\/dotterbolag\/nyhetsrum\/nyheter\/uncategorized\/ett-co2-aggregat-framtidssakrar-tva-ishallar-2\/#primaryimage\"},\"thumbnailUrl\":\"https:\/\/www.nordicclimategroup.se\/dotterbolag\/wp-content\/uploads\/sites\/3\/2025\/04\/1.jpeg\",\"datePublished\":\"2018-05-14T09:54:00+00:00\",\"dateModified\":\"2025-04-03T10:43:00+00:00\",\"inLanguage\":\"sv-SE\",\"potentialAction\":[{\"@type\":\"ReadAction\",\"target\":[\"https:\/\/www.nordicclimategroup.se\/dotterbolag\/nyhetsrum\/nyheter\/uncategorized\/ett-co2-aggregat-framtidssakrar-tva-ishallar-2\/\"]}]},{\"@type\":\"ImageObject\",\"inLanguage\":\"sv-SE\",\"@id\":\"https:\/\/www.nordicclimategroup.se\/dotterbolag\/nyhetsrum\/nyheter\/uncategorized\/ett-co2-aggregat-framtidssakrar-tva-ishallar-2\/#primaryimage\",\"url\":\"https:\/\/www.nordicclimategroup.se\/dotterbolag\/wp-content\/uploads\/sites\/3\/2025\/04\/1.jpeg\",\"contentUrl\":\"https:\/\/www.nordicclimategroup.se\/dotterbolag\/wp-content\/uploads\/sites\/3\/2025\/04\/1.jpeg\",\"width\":500,\"height\":171},{\"@type\":\"WebSite\",\"@id\":\"https:\/\/www.nordicclimategroup.se\/dotterbolag\/#website\",\"url\":\"https:\/\/www.nordicclimategroup.se\/dotterbolag\/\",\"name\":\"Dotterbolag\",\"description\":\"\",\"publisher\":{\"@id\":\"https:\/\/www.nordicclimategroup.se\/dotterbolag\/#organization\"},\"potentialAction\":[{\"@type\":\"SearchAction\",\"target\":{\"@type\":\"EntryPoint\",\"urlTemplate\":\"https:\/\/www.nordicclimategroup.se\/dotterbolag\/?s={search_term_string}\"},\"query-input\":{\"@type\":\"PropertyValueSpecification\",\"valueRequired\":true,\"valueName\":\"search_term_string\"}}],\"inLanguage\":\"sv-SE\"},{\"@type\":\"Organization\",\"@id\":\"https:\/\/www.nordicclimategroup.se\/dotterbolag\/#organization\",\"name\":\"Dotterbolag\",\"url\":\"https:\/\/www.nordicclimategroup.se\/dotterbolag\/\",\"logo\":{\"@type\":\"ImageObject\",\"inLanguage\":\"sv-SE\",\"@id\":\"https:\/\/www.nordicclimategroup.se\/dotterbolag\/#\/schema\/logo\/image\/\",\"url\":\"https:\/\/www.nordicclimategroup.se\/dotterbolag\/wp-content\/uploads\/sites\/3\/2024\/02\/NCG-LOGO.svg\",\"contentUrl\":\"https:\/\/www.nordicclimategroup.se\/dotterbolag\/wp-content\/uploads\/sites\/3\/2024\/02\/NCG-LOGO.svg\",\"caption\":\"Dotterbolag\"},\"image\":{\"@id\":\"https:\/\/www.nordicclimategroup.se\/dotterbolag\/#\/schema\/logo\/image\/\"}},{\"@type\":\"Person\",\"@id\":\"https:\/\/www.nordicclimategroup.se\/dotterbolag\/#\/schema\/person\/facad66499691d7986ce0d727cd80347\",\"name\":\"admin\",\"image\":{\"@type\":\"ImageObject\",\"inLanguage\":\"sv-SE\",\"@id\":\"https:\/\/www.nordicclimategroup.se\/dotterbolag\/#\/schema\/person\/image\/\",\"url\":\"https:\/\/secure.gravatar.com\/avatar\/04bb6f505c842e525adc7c63df6c0b599b63fe7fde089987dbab6e0bcf6882b3?s=96&d=mm&r=g\",\"contentUrl\":\"https:\/\/secure.gravatar.com\/avatar\/04bb6f505c842e525adc7c63df6c0b599b63fe7fde089987dbab6e0bcf6882b3?s=96&d=mm&r=g\",\"caption\":\"admin\"},\"sameAs\":[\"https:\/\/designteamet.se\"],\"url\":\"https:\/\/www.nordicclimategroup.se\/dotterbolag\/nyhetsrum\/nyheter\/author\/designteamet\/\"}]}<\/script>\n<!-- \/ Yoast SEO plugin. -->","yoast_head_json":{"title":"Ett CO2-aggregat framtidss\u00e4krar tv\u00e5 ishallar - Dotterbolag","robots":{"index":"noindex","follow":"follow","max-snippet":"max-snippet:-1","max-image-preview":"max-image-preview:large","max-video-preview":"max-video-preview:-1"},"og_locale":"sv_SE","og_type":"article","og_title":"Ett CO2-aggregat framtidss\u00e4krar tv\u00e5 ishallar - Dotterbolag","og_description":"Vallentuna kommun hade till sina tv\u00e5 ishallar en arton \u00e5r gammal anl\u00e4ggning som de nu ville byta ut. Det var en en ammoniakanl\u00e4ggning med kalciumklorid som k\u00f6ldb\u00e4rare. Nu satsade de p\u00e5 en milj\u00f6v\u00e4nlig och energieffektiv CO2-anl\u00e4ggning.","og_url":"https:\/\/www.nordicclimategroup.se\/dotterbolag\/nyhetsrum\/nyheter\/uncategorized\/ett-co2-aggregat-framtidssakrar-tva-ishallar-2\/","og_site_name":"Dotterbolag","article_published_time":"2018-05-14T09:54:00+00:00","article_modified_time":"2025-04-03T10:43:00+00:00","og_image":[{"width":500,"height":171,"url":"https:\/\/www.nordicclimategroup.se\/dotterbolag\/wp-content\/uploads\/sites\/3\/2025\/04\/1.jpeg","type":"image\/jpeg"}],"author":"admin","twitter_card":"summary_large_image","twitter_misc":{"Skriven av":"admin","Ber\u00e4knad l\u00e4stid":"1 minut"},"schema":{"@context":"https:\/\/schema.org","@graph":[{"@type":"Article","@id":"https:\/\/www.nordicclimategroup.se\/dotterbolag\/nyhetsrum\/nyheter\/uncategorized\/ett-co2-aggregat-framtidssakrar-tva-ishallar-2\/#article","isPartOf":{"@id":"https:\/\/www.nordicclimategroup.se\/dotterbolag\/nyhetsrum\/nyheter\/uncategorized\/ett-co2-aggregat-framtidssakrar-tva-ishallar-2\/"},"author":{"name":"admin","@id":"https:\/\/www.nordicclimategroup.se\/dotterbolag\/#\/schema\/person\/facad66499691d7986ce0d727cd80347"},"headline":"Ett CO2-aggregat framtidss\u00e4krar tv\u00e5 ishallar","datePublished":"2018-05-14T09:54:00+00:00","dateModified":"2025-04-03T10:43:00+00:00","mainEntityOfPage":{"@id":"https:\/\/www.nordicclimategroup.se\/dotterbolag\/nyhetsrum\/nyheter\/uncategorized\/ett-co2-aggregat-framtidssakrar-tva-ishallar-2\/"},"wordCount":161,"commentCount":0,"publisher":{"@id":"https:\/\/www.nordicclimategroup.se\/dotterbolag\/#organization"},"image":{"@id":"https:\/\/www.nordicclimategroup.se\/dotterbolag\/nyhetsrum\/nyheter\/uncategorized\/ett-co2-aggregat-framtidssakrar-tva-ishallar-2\/#primaryimage"},"thumbnailUrl":"https:\/\/www.nordicclimategroup.se\/dotterbolag\/wp-content\/uploads\/sites\/3\/2025\/04\/1.jpeg","articleSection":["Dotterbolag","Uncategorized"],"inLanguage":"sv-SE","potentialAction":[{"@type":"CommentAction","name":"Comment","target":["https:\/\/www.nordicclimategroup.se\/dotterbolag\/nyhetsrum\/nyheter\/uncategorized\/ett-co2-aggregat-framtidssakrar-tva-ishallar-2\/#respond"]}]},{"@type":"WebPage","@id":"https:\/\/www.nordicclimategroup.se\/dotterbolag\/nyhetsrum\/nyheter\/uncategorized\/ett-co2-aggregat-framtidssakrar-tva-ishallar-2\/","url":"https:\/\/www.nordicclimategroup.se\/dotterbolag\/nyhetsrum\/nyheter\/uncategorized\/ett-co2-aggregat-framtidssakrar-tva-ishallar-2\/","name":"Ett CO2-aggregat framtidss\u00e4krar tv\u00e5 ishallar - Dotterbolag","isPartOf":{"@id":"https:\/\/www.nordicclimategroup.se\/dotterbolag\/#website"},"primaryImageOfPage":{"@id":"https:\/\/www.nordicclimategroup.se\/dotterbolag\/nyhetsrum\/nyheter\/uncategorized\/ett-co2-aggregat-framtidssakrar-tva-ishallar-2\/#primaryimage"},"image":{"@id":"https:\/\/www.nordicclimategroup.se\/dotterbolag\/nyhetsrum\/nyheter\/uncategorized\/ett-co2-aggregat-framtidssakrar-tva-ishallar-2\/#primaryimage"},"thumbnailUrl":"https:\/\/www.nordicclimategroup.se\/dotterbolag\/wp-content\/uploads\/sites\/3\/2025\/04\/1.jpeg","datePublished":"2018-05-14T09:54:00+00:00","dateModified":"2025-04-03T10:43:00+00:00","inLanguage":"sv-SE","potentialAction":[{"@type":"ReadAction","target":["https:\/\/www.nordicclimategroup.se\/dotterbolag\/nyhetsrum\/nyheter\/uncategorized\/ett-co2-aggregat-framtidssakrar-tva-ishallar-2\/"]}]},{"@type":"ImageObject","inLanguage":"sv-SE","@id":"https:\/\/www.nordicclimategroup.se\/dotterbolag\/nyhetsrum\/nyheter\/uncategorized\/ett-co2-aggregat-framtidssakrar-tva-ishallar-2\/#primaryimage","url":"https:\/\/www.nordicclimategroup.se\/dotterbolag\/wp-content\/uploads\/sites\/3\/2025\/04\/1.jpeg","contentUrl":"https:\/\/www.nordicclimategroup.se\/dotterbolag\/wp-content\/uploads\/sites\/3\/2025\/04\/1.jpeg","width":500,"height":171},{"@type":"WebSite","@id":"https:\/\/www.nordicclimategroup.se\/dotterbolag\/#website","url":"https:\/\/www.nordicclimategroup.se\/dotterbolag\/","name":"Dotterbolag","description":"","publisher":{"@id":"https:\/\/www.nordicclimategroup.se\/dotterbolag\/#organization"},"potentialAction":[{"@type":"SearchAction","target":{"@type":"EntryPoint","urlTemplate":"https:\/\/www.nordicclimategroup.se\/dotterbolag\/?s={search_term_string}"},"query-input":{"@type":"PropertyValueSpecification","valueRequired":true,"valueName":"search_term_string"}}],"inLanguage":"sv-SE"},{"@type":"Organization","@id":"https:\/\/www.nordicclimategroup.se\/dotterbolag\/#organization","name":"Dotterbolag","url":"https:\/\/www.nordicclimategroup.se\/dotterbolag\/","logo":{"@type":"ImageObject","inLanguage":"sv-SE","@id":"https:\/\/www.nordicclimategroup.se\/dotterbolag\/#\/schema\/logo\/image\/","url":"https:\/\/www.nordicclimategroup.se\/dotterbolag\/wp-content\/uploads\/sites\/3\/2024\/02\/NCG-LOGO.svg","contentUrl":"https:\/\/www.nordicclimategroup.se\/dotterbolag\/wp-content\/uploads\/sites\/3\/2024\/02\/NCG-LOGO.svg","caption":"Dotterbolag"},"image":{"@id":"https:\/\/www.nordicclimategroup.se\/dotterbolag\/#\/schema\/logo\/image\/"}},{"@type":"Person","@id":"https:\/\/www.nordicclimategroup.se\/dotterbolag\/#\/schema\/person\/facad66499691d7986ce0d727cd80347","name":"admin","image":{"@type":"ImageObject","inLanguage":"sv-SE","@id":"https:\/\/www.nordicclimategroup.se\/dotterbolag\/#\/schema\/person\/image\/","url":"https:\/\/secure.gravatar.com\/avatar\/04bb6f505c842e525adc7c63df6c0b599b63fe7fde089987dbab6e0bcf6882b3?s=96&d=mm&r=g","contentUrl":"https:\/\/secure.gravatar.com\/avatar\/04bb6f505c842e525adc7c63df6c0b599b63fe7fde089987dbab6e0bcf6882b3?s=96&d=mm&r=g","caption":"admin"},"sameAs":["https:\/\/designteamet.se"],"url":"https:\/\/www.nordicclimategroup.se\/dotterbolag\/nyhetsrum\/nyheter\/author\/designteamet\/"}]}},"_links":{"self":[{"href":"https:\/\/www.nordicclimategroup.se\/dotterbolag\/wp-json\/wp\/v2\/posts\/7299","targetHints":{"allow":["GET"]}}],"collection":[{"href":"https:\/\/www.nordicclimategroup.se\/dotterbolag\/wp-json\/wp\/v2\/posts"}],"about":[{"href":"https:\/\/www.nordicclimategroup.se\/dotterbolag\/wp-json\/wp\/v2\/types\/post"}],"author":[{"embeddable":true,"href":"https:\/\/www.nordicclimategroup.se\/dotterbolag\/wp-json\/wp\/v2\/users\/1"}],"replies":[{"embeddable":true,"href":"https:\/\/www.nordicclimategroup.se\/dotterbolag\/wp-json\/wp\/v2\/comments?post=7299"}],"version-history":[{"count":1,"href":"https:\/\/www.nordicclimategroup.se\/dotterbolag\/wp-json\/wp\/v2\/posts\/7299\/revisions"}],"predecessor-version":[{"id":7301,"href":"https:\/\/www.nordicclimategroup.se\/dotterbolag\/wp-json\/wp\/v2\/posts\/7299\/revisions\/7301"}],"wp:featuredmedia":[{"embeddable":true,"href":"https:\/\/www.nordicclimategroup.se\/dotterbolag\/wp-json\/wp\/v2\/media\/7300"}],"wp:attachment":[{"href":"https:\/\/www.nordicclimategroup.se\/dotterbolag\/wp-json\/wp\/v2\/media?parent=7299"}],"wp:term":[{"taxonomy":"category","embeddable":true,"href":"https:\/\/www.nordicclimategroup.se\/dotterbolag\/wp-json\/wp\/v2\/categories?post=7299"},{"taxonomy":"post_tag","embeddable":true,"href":"https:\/\/www.nordicclimategroup.se\/dotterbolag\/wp-json\/wp\/v2\/tags?post=7299"}],"curies":[{"name":"wp","href":"https:\/\/api.w.org\/{rel}","templated":true}]}}