{"id":7154,"date":"2019-06-18T12:27:00","date_gmt":"2019-06-18T12:27:00","guid":{"rendered":"https:\/\/server03.blackpixel.se\/~designteamet\/?p=7154"},"modified":"2025-04-02T12:30:12","modified_gmt":"2025-04-02T12:30:12","slug":"ny-administrativ-chef-och-vice-vd-till-labkyl","status":"publish","type":"post","link":"https:\/\/www.nordicclimategroup.se\/dotterbolag\/nyhetsrum\/nyheter\/dotterbolag\/ny-administrativ-chef-och-vice-vd-till-labkyl\/","title":{"rendered":"Ny administrativ chef och vice VD till Labkyl"},"content":{"rendered":"\n<p>Magnus kommer senast fr\u00e5n tj\u00e4nsten som kanslichef p\u00e5 Stockholms scoutdistrikt. Han arbetar med bokf\u00f6ring, har varit f\u00f6retagare inom brunnsborrning, gjort 16 \u00e5r som polis, \u00e4r utbildad maskintekniker och varit utbildare inom Storstockholms Lokaltrafik samt p\u00e5 Polish\u00f6gskolan.<\/p>\n\n\n\n<h3 class=\"wp-block-heading\"><strong>V\u00e4lkommen! Visst har du redan smygstartat p\u00e5 Labkyl?<\/strong><\/h3>\n\n\n\n<p>I slutet av f\u00f6rra sommaren b\u00f6rjade jag jobba p\u00e5 Labkyl tv\u00e5 dagar i veckan med fakturagranskning, det vill s\u00e4ga \u00f6vervaka och granska fakturor, se att best\u00e4llningen st\u00e4mmer med underlag och att varor och produkter kommit dit de ska.<\/p>\n\n\n\n<div style=\"height:50px\" aria-hidden=\"true\" class=\"wp-block-spacer\"><\/div>\n\n\n\n<h3 class=\"wp-block-heading\"><strong>Vad inneb\u00e4r ditt uppdrag som administrativ chef?<\/strong><\/h3>\n\n\n\n<p>Att ha en helhetsbild \u00f6ver de administrativa sysslorna och att avlasta befintlig administration. Ett exempel p\u00e5 avlastning \u00e4r att jag nu kommer att handha ISO certifieringen. Det \u00e4r en tids\u00f6dande uppgift och n\u00e4r jag nu tar hand om den underl\u00e4ttar det f\u00f6r andra. Ett annat exempel \u00e4r att jag kommer st\u00f6tta gruppcheferna i personalfr\u00e5gor av administrativ natur. Jag kommer ocks\u00e5 avlasta v\u00e5r vd Patrik Larsson med vissa uppgifter.<\/p>\n\n\n\n<div style=\"height:59px\" aria-hidden=\"true\" class=\"wp-block-spacer\"><\/div>\n\n\n\n<h3 class=\"wp-block-heading\"><strong>Varf\u00f6r \u00e4r administrationen viktig f\u00f6r Labkyl?<\/strong><\/h3>\n\n\n\n<p>Administrationen \u00e4r sm\u00f6rjmedlet i motorn. Det h\u00e4r vet ledningen p\u00e5 Labkyl och det \u00e4r d\u00e4rf\u00f6r jag \u00e4r h\u00e4r. Labkyl \u00e4r ett f\u00f6retag som v\u00e4xer och d\u00e5 \u00e4r det \u00e4nnu viktigare f\u00f6r personalen att det finns en bra administrativ plattform att utg\u00e5 i fr\u00e5n n\u00e4r de genomf\u00f6r sina uppdrag. Vi blir effektivare, g\u00f6r f\u00e4rre misstag och slipper en massa kr\u00e5ngel.<\/p>\n\n\n\n<div style=\"height:50px\" aria-hidden=\"true\" class=\"wp-block-spacer\"><\/div>\n\n\n\n<h3 class=\"wp-block-heading\"><strong>Kan du p\u00e5verka framtiden f\u00f6r Labkyl?<\/strong><\/h3>\n\n\n\n<p>I vissa avseenden kanske jag kan det. Ett av mina uppdrag \u00e4r ekonomisk analys. I det h\u00e4r fallet ska jag f\u00f6lja upp projekt och se hur de l\u00f6per m\u00e5nadsvis. Ur den analysen kommer vi kunna ta fram rapporter som g\u00f6r att vi kan genomf\u00f6ra r\u00e4tt \u00e5tg\u00e4rder till f\u00f6rb\u00e4ttring.<\/p>\n\n\n\n<p>En annan del \u00e4r att f\u00e5 en b\u00e4ttre bild av v\u00e5ra kostnader. Vad kostar varje uppdrag egentligen? Vi vet hur mycket l\u00f6n vi betalar ut och hur m\u00e5nga vi \u00e4r &#8211; men det \u00e4r inte hela sanningen. Det h\u00e4r g\u00e5r att bryta ner i mindre parametrar f\u00f6r att f\u00e5 en mer exakt bild. Ett m\u00e5l \u00e4r att vi ska f\u00e5 ett bra m\u00e5tt p\u00e5 nyttjandet. Hur bra \u00e4r vi p\u00e5 att s\u00e4lja v\u00e5r tid? Kan vi s\u00e4lja v\u00e5r kompetens p\u00e5 ett annat s\u00e4tt \u00e4n vi g\u00f6r idag? H\u00e4r hoppas jag kunna ta fram underlag som hj\u00e4lper ledningen att ta r\u00e4tt beslut.<\/p>\n\n\n\n<p><\/p>\n","protected":false},"excerpt":{"rendered":"<p>Magnus Wallstr\u00f6m \u00e4r ny administrativ chef och vice VD p\u00e5 Labkyl. Han \u00e4r en m\u00e5ngsysslare med bred erfarenhet fr\u00e5n flera olika branscher vilket han kommer f\u00e5 nytta av hos Labkyl.<\/p>\n","protected":false},"author":1,"featured_media":7155,"comment_status":"open","ping_status":"open","sticky":false,"template":"","format":"standard","meta":{"_acf_changed":false,"footnotes":""},"categories":[37],"tags":[],"class_list":["post-7154","post","type-post","status-publish","format-standard","has-post-thumbnail","hentry","category-dotterbolag"],"acf":[],"yoast_head":"<!-- This site is optimized with the Yoast SEO plugin v25.4 - https:\/\/yoast.com\/wordpress\/plugins\/seo\/ -->\n<title>Ny administrativ chef och vice VD till Labkyl - Dotterbolag<\/title>\n<meta name=\"robots\" content=\"noindex, follow, max-snippet:-1, max-image-preview:large, max-video-preview:-1\" \/>\n<meta property=\"og:locale\" content=\"sv_SE\" \/>\n<meta property=\"og:type\" content=\"article\" \/>\n<meta property=\"og:title\" content=\"Ny administrativ chef och vice VD till Labkyl - Dotterbolag\" \/>\n<meta property=\"og:description\" content=\"Magnus Wallstr\u00f6m \u00e4r ny administrativ chef och vice VD p\u00e5 Labkyl. Han \u00e4r en m\u00e5ngsysslare med bred erfarenhet fr\u00e5n flera olika branscher vilket han kommer f\u00e5 nytta av hos Labkyl.\" \/>\n<meta property=\"og:url\" content=\"https:\/\/www.nordicclimategroup.se\/dotterbolag\/nyhetsrum\/nyheter\/dotterbolag\/ny-administrativ-chef-och-vice-vd-till-labkyl\/\" \/>\n<meta property=\"og:site_name\" content=\"Dotterbolag\" \/>\n<meta property=\"article:published_time\" content=\"2019-06-18T12:27:00+00:00\" \/>\n<meta property=\"article:modified_time\" content=\"2025-04-02T12:30:12+00:00\" \/>\n<meta property=\"og:image\" content=\"https:\/\/www.nordicclimategroup.se\/dotterbolag\/wp-content\/uploads\/sites\/3\/2025\/04\/labkyl-magnus.jpeg\" \/>\n\t<meta property=\"og:image:width\" content=\"500\" \/>\n\t<meta property=\"og:image:height\" content=\"269\" \/>\n\t<meta property=\"og:image:type\" content=\"image\/jpeg\" \/>\n<meta name=\"author\" content=\"admin\" \/>\n<meta name=\"twitter:card\" content=\"summary_large_image\" \/>\n<meta name=\"twitter:label1\" content=\"Skriven av\" \/>\n\t<meta name=\"twitter:data1\" content=\"admin\" \/>\n\t<meta name=\"twitter:label2\" content=\"Ber\u00e4knad l\u00e4stid\" \/>\n\t<meta name=\"twitter:data2\" content=\"3 minuter\" \/>\n<script type=\"application\/ld+json\" class=\"yoast-schema-graph\">{\"@context\":\"https:\/\/schema.org\",\"@graph\":[{\"@type\":\"Article\",\"@id\":\"https:\/\/www.nordicclimategroup.se\/dotterbolag\/nyhetsrum\/nyheter\/dotterbolag\/ny-administrativ-chef-och-vice-vd-till-labkyl\/#article\",\"isPartOf\":{\"@id\":\"https:\/\/www.nordicclimategroup.se\/dotterbolag\/nyhetsrum\/nyheter\/dotterbolag\/ny-administrativ-chef-och-vice-vd-till-labkyl\/\"},\"author\":{\"name\":\"admin\",\"@id\":\"https:\/\/www.nordicclimategroup.se\/dotterbolag\/#\/schema\/person\/facad66499691d7986ce0d727cd80347\"},\"headline\":\"Ny administrativ chef och vice VD till Labkyl\",\"datePublished\":\"2019-06-18T12:27:00+00:00\",\"dateModified\":\"2025-04-02T12:30:12+00:00\",\"mainEntityOfPage\":{\"@id\":\"https:\/\/www.nordicclimategroup.se\/dotterbolag\/nyhetsrum\/nyheter\/dotterbolag\/ny-administrativ-chef-och-vice-vd-till-labkyl\/\"},\"wordCount\":449,\"commentCount\":0,\"publisher\":{\"@id\":\"https:\/\/www.nordicclimategroup.se\/dotterbolag\/#organization\"},\"image\":{\"@id\":\"https:\/\/www.nordicclimategroup.se\/dotterbolag\/nyhetsrum\/nyheter\/dotterbolag\/ny-administrativ-chef-och-vice-vd-till-labkyl\/#primaryimage\"},\"thumbnailUrl\":\"https:\/\/www.nordicclimategroup.se\/dotterbolag\/wp-content\/uploads\/sites\/3\/2025\/04\/labkyl-magnus.jpeg\",\"articleSection\":[\"Dotterbolag\"],\"inLanguage\":\"sv-SE\",\"potentialAction\":[{\"@type\":\"CommentAction\",\"name\":\"Comment\",\"target\":[\"https:\/\/www.nordicclimategroup.se\/dotterbolag\/nyhetsrum\/nyheter\/dotterbolag\/ny-administrativ-chef-och-vice-vd-till-labkyl\/#respond\"]}]},{\"@type\":\"WebPage\",\"@id\":\"https:\/\/www.nordicclimategroup.se\/dotterbolag\/nyhetsrum\/nyheter\/dotterbolag\/ny-administrativ-chef-och-vice-vd-till-labkyl\/\",\"url\":\"https:\/\/www.nordicclimategroup.se\/dotterbolag\/nyhetsrum\/nyheter\/dotterbolag\/ny-administrativ-chef-och-vice-vd-till-labkyl\/\",\"name\":\"Ny administrativ chef och vice VD till Labkyl - Dotterbolag\",\"isPartOf\":{\"@id\":\"https:\/\/www.nordicclimategroup.se\/dotterbolag\/#website\"},\"primaryImageOfPage\":{\"@id\":\"https:\/\/www.nordicclimategroup.se\/dotterbolag\/nyhetsrum\/nyheter\/dotterbolag\/ny-administrativ-chef-och-vice-vd-till-labkyl\/#primaryimage\"},\"image\":{\"@id\":\"https:\/\/www.nordicclimategroup.se\/dotterbolag\/nyhetsrum\/nyheter\/dotterbolag\/ny-administrativ-chef-och-vice-vd-till-labkyl\/#primaryimage\"},\"thumbnailUrl\":\"https:\/\/www.nordicclimategroup.se\/dotterbolag\/wp-content\/uploads\/sites\/3\/2025\/04\/labkyl-magnus.jpeg\",\"datePublished\":\"2019-06-18T12:27:00+00:00\",\"dateModified\":\"2025-04-02T12:30:12+00:00\",\"inLanguage\":\"sv-SE\",\"potentialAction\":[{\"@type\":\"ReadAction\",\"target\":[\"https:\/\/www.nordicclimategroup.se\/dotterbolag\/nyhetsrum\/nyheter\/dotterbolag\/ny-administrativ-chef-och-vice-vd-till-labkyl\/\"]}]},{\"@type\":\"ImageObject\",\"inLanguage\":\"sv-SE\",\"@id\":\"https:\/\/www.nordicclimategroup.se\/dotterbolag\/nyhetsrum\/nyheter\/dotterbolag\/ny-administrativ-chef-och-vice-vd-till-labkyl\/#primaryimage\",\"url\":\"https:\/\/www.nordicclimategroup.se\/dotterbolag\/wp-content\/uploads\/sites\/3\/2025\/04\/labkyl-magnus.jpeg\",\"contentUrl\":\"https:\/\/www.nordicclimategroup.se\/dotterbolag\/wp-content\/uploads\/sites\/3\/2025\/04\/labkyl-magnus.jpeg\",\"width\":500,\"height\":269},{\"@type\":\"WebSite\",\"@id\":\"https:\/\/www.nordicclimategroup.se\/dotterbolag\/#website\",\"url\":\"https:\/\/www.nordicclimategroup.se\/dotterbolag\/\",\"name\":\"Dotterbolag\",\"description\":\"\",\"publisher\":{\"@id\":\"https:\/\/www.nordicclimategroup.se\/dotterbolag\/#organization\"},\"potentialAction\":[{\"@type\":\"SearchAction\",\"target\":{\"@type\":\"EntryPoint\",\"urlTemplate\":\"https:\/\/www.nordicclimategroup.se\/dotterbolag\/?s={search_term_string}\"},\"query-input\":{\"@type\":\"PropertyValueSpecification\",\"valueRequired\":true,\"valueName\":\"search_term_string\"}}],\"inLanguage\":\"sv-SE\"},{\"@type\":\"Organization\",\"@id\":\"https:\/\/www.nordicclimategroup.se\/dotterbolag\/#organization\",\"name\":\"Dotterbolag\",\"url\":\"https:\/\/www.nordicclimategroup.se\/dotterbolag\/\",\"logo\":{\"@type\":\"ImageObject\",\"inLanguage\":\"sv-SE\",\"@id\":\"https:\/\/www.nordicclimategroup.se\/dotterbolag\/#\/schema\/logo\/image\/\",\"url\":\"https:\/\/www.nordicclimategroup.se\/dotterbolag\/wp-content\/uploads\/sites\/3\/2024\/02\/NCG-LOGO.svg\",\"contentUrl\":\"https:\/\/www.nordicclimategroup.se\/dotterbolag\/wp-content\/uploads\/sites\/3\/2024\/02\/NCG-LOGO.svg\",\"caption\":\"Dotterbolag\"},\"image\":{\"@id\":\"https:\/\/www.nordicclimategroup.se\/dotterbolag\/#\/schema\/logo\/image\/\"}},{\"@type\":\"Person\",\"@id\":\"https:\/\/www.nordicclimategroup.se\/dotterbolag\/#\/schema\/person\/facad66499691d7986ce0d727cd80347\",\"name\":\"admin\",\"image\":{\"@type\":\"ImageObject\",\"inLanguage\":\"sv-SE\",\"@id\":\"https:\/\/www.nordicclimategroup.se\/dotterbolag\/#\/schema\/person\/image\/\",\"url\":\"https:\/\/secure.gravatar.com\/avatar\/04bb6f505c842e525adc7c63df6c0b599b63fe7fde089987dbab6e0bcf6882b3?s=96&d=mm&r=g\",\"contentUrl\":\"https:\/\/secure.gravatar.com\/avatar\/04bb6f505c842e525adc7c63df6c0b599b63fe7fde089987dbab6e0bcf6882b3?s=96&d=mm&r=g\",\"caption\":\"admin\"},\"sameAs\":[\"https:\/\/designteamet.se\"],\"url\":\"https:\/\/www.nordicclimategroup.se\/dotterbolag\/nyhetsrum\/nyheter\/author\/designteamet\/\"}]}<\/script>\n<!-- \/ Yoast SEO plugin. -->","yoast_head_json":{"title":"Ny administrativ chef och vice VD till Labkyl - Dotterbolag","robots":{"index":"noindex","follow":"follow","max-snippet":"max-snippet:-1","max-image-preview":"max-image-preview:large","max-video-preview":"max-video-preview:-1"},"og_locale":"sv_SE","og_type":"article","og_title":"Ny administrativ chef och vice VD till Labkyl - Dotterbolag","og_description":"Magnus Wallstr\u00f6m \u00e4r ny administrativ chef och vice VD p\u00e5 Labkyl. Han \u00e4r en m\u00e5ngsysslare med bred erfarenhet fr\u00e5n flera olika branscher vilket han kommer f\u00e5 nytta av hos Labkyl.","og_url":"https:\/\/www.nordicclimategroup.se\/dotterbolag\/nyhetsrum\/nyheter\/dotterbolag\/ny-administrativ-chef-och-vice-vd-till-labkyl\/","og_site_name":"Dotterbolag","article_published_time":"2019-06-18T12:27:00+00:00","article_modified_time":"2025-04-02T12:30:12+00:00","og_image":[{"width":500,"height":269,"url":"https:\/\/www.nordicclimategroup.se\/dotterbolag\/wp-content\/uploads\/sites\/3\/2025\/04\/labkyl-magnus.jpeg","type":"image\/jpeg"}],"author":"admin","twitter_card":"summary_large_image","twitter_misc":{"Skriven av":"admin","Ber\u00e4knad l\u00e4stid":"3 minuter"},"schema":{"@context":"https:\/\/schema.org","@graph":[{"@type":"Article","@id":"https:\/\/www.nordicclimategroup.se\/dotterbolag\/nyhetsrum\/nyheter\/dotterbolag\/ny-administrativ-chef-och-vice-vd-till-labkyl\/#article","isPartOf":{"@id":"https:\/\/www.nordicclimategroup.se\/dotterbolag\/nyhetsrum\/nyheter\/dotterbolag\/ny-administrativ-chef-och-vice-vd-till-labkyl\/"},"author":{"name":"admin","@id":"https:\/\/www.nordicclimategroup.se\/dotterbolag\/#\/schema\/person\/facad66499691d7986ce0d727cd80347"},"headline":"Ny administrativ chef och vice VD till Labkyl","datePublished":"2019-06-18T12:27:00+00:00","dateModified":"2025-04-02T12:30:12+00:00","mainEntityOfPage":{"@id":"https:\/\/www.nordicclimategroup.se\/dotterbolag\/nyhetsrum\/nyheter\/dotterbolag\/ny-administrativ-chef-och-vice-vd-till-labkyl\/"},"wordCount":449,"commentCount":0,"publisher":{"@id":"https:\/\/www.nordicclimategroup.se\/dotterbolag\/#organization"},"image":{"@id":"https:\/\/www.nordicclimategroup.se\/dotterbolag\/nyhetsrum\/nyheter\/dotterbolag\/ny-administrativ-chef-och-vice-vd-till-labkyl\/#primaryimage"},"thumbnailUrl":"https:\/\/www.nordicclimategroup.se\/dotterbolag\/wp-content\/uploads\/sites\/3\/2025\/04\/labkyl-magnus.jpeg","articleSection":["Dotterbolag"],"inLanguage":"sv-SE","potentialAction":[{"@type":"CommentAction","name":"Comment","target":["https:\/\/www.nordicclimategroup.se\/dotterbolag\/nyhetsrum\/nyheter\/dotterbolag\/ny-administrativ-chef-och-vice-vd-till-labkyl\/#respond"]}]},{"@type":"WebPage","@id":"https:\/\/www.nordicclimategroup.se\/dotterbolag\/nyhetsrum\/nyheter\/dotterbolag\/ny-administrativ-chef-och-vice-vd-till-labkyl\/","url":"https:\/\/www.nordicclimategroup.se\/dotterbolag\/nyhetsrum\/nyheter\/dotterbolag\/ny-administrativ-chef-och-vice-vd-till-labkyl\/","name":"Ny administrativ chef och vice VD till Labkyl - Dotterbolag","isPartOf":{"@id":"https:\/\/www.nordicclimategroup.se\/dotterbolag\/#website"},"primaryImageOfPage":{"@id":"https:\/\/www.nordicclimategroup.se\/dotterbolag\/nyhetsrum\/nyheter\/dotterbolag\/ny-administrativ-chef-och-vice-vd-till-labkyl\/#primaryimage"},"image":{"@id":"https:\/\/www.nordicclimategroup.se\/dotterbolag\/nyhetsrum\/nyheter\/dotterbolag\/ny-administrativ-chef-och-vice-vd-till-labkyl\/#primaryimage"},"thumbnailUrl":"https:\/\/www.nordicclimategroup.se\/dotterbolag\/wp-content\/uploads\/sites\/3\/2025\/04\/labkyl-magnus.jpeg","datePublished":"2019-06-18T12:27:00+00:00","dateModified":"2025-04-02T12:30:12+00:00","inLanguage":"sv-SE","potentialAction":[{"@type":"ReadAction","target":["https:\/\/www.nordicclimategroup.se\/dotterbolag\/nyhetsrum\/nyheter\/dotterbolag\/ny-administrativ-chef-och-vice-vd-till-labkyl\/"]}]},{"@type":"ImageObject","inLanguage":"sv-SE","@id":"https:\/\/www.nordicclimategroup.se\/dotterbolag\/nyhetsrum\/nyheter\/dotterbolag\/ny-administrativ-chef-och-vice-vd-till-labkyl\/#primaryimage","url":"https:\/\/www.nordicclimategroup.se\/dotterbolag\/wp-content\/uploads\/sites\/3\/2025\/04\/labkyl-magnus.jpeg","contentUrl":"https:\/\/www.nordicclimategroup.se\/dotterbolag\/wp-content\/uploads\/sites\/3\/2025\/04\/labkyl-magnus.jpeg","width":500,"height":269},{"@type":"WebSite","@id":"https:\/\/www.nordicclimategroup.se\/dotterbolag\/#website","url":"https:\/\/www.nordicclimategroup.se\/dotterbolag\/","name":"Dotterbolag","description":"","publisher":{"@id":"https:\/\/www.nordicclimategroup.se\/dotterbolag\/#organization"},"potentialAction":[{"@type":"SearchAction","target":{"@type":"EntryPoint","urlTemplate":"https:\/\/www.nordicclimategroup.se\/dotterbolag\/?s={search_term_string}"},"query-input":{"@type":"PropertyValueSpecification","valueRequired":true,"valueName":"search_term_string"}}],"inLanguage":"sv-SE"},{"@type":"Organization","@id":"https:\/\/www.nordicclimategroup.se\/dotterbolag\/#organization","name":"Dotterbolag","url":"https:\/\/www.nordicclimategroup.se\/dotterbolag\/","logo":{"@type":"ImageObject","inLanguage":"sv-SE","@id":"https:\/\/www.nordicclimategroup.se\/dotterbolag\/#\/schema\/logo\/image\/","url":"https:\/\/www.nordicclimategroup.se\/dotterbolag\/wp-content\/uploads\/sites\/3\/2024\/02\/NCG-LOGO.svg","contentUrl":"https:\/\/www.nordicclimategroup.se\/dotterbolag\/wp-content\/uploads\/sites\/3\/2024\/02\/NCG-LOGO.svg","caption":"Dotterbolag"},"image":{"@id":"https:\/\/www.nordicclimategroup.se\/dotterbolag\/#\/schema\/logo\/image\/"}},{"@type":"Person","@id":"https:\/\/www.nordicclimategroup.se\/dotterbolag\/#\/schema\/person\/facad66499691d7986ce0d727cd80347","name":"admin","image":{"@type":"ImageObject","inLanguage":"sv-SE","@id":"https:\/\/www.nordicclimategroup.se\/dotterbolag\/#\/schema\/person\/image\/","url":"https:\/\/secure.gravatar.com\/avatar\/04bb6f505c842e525adc7c63df6c0b599b63fe7fde089987dbab6e0bcf6882b3?s=96&d=mm&r=g","contentUrl":"https:\/\/secure.gravatar.com\/avatar\/04bb6f505c842e525adc7c63df6c0b599b63fe7fde089987dbab6e0bcf6882b3?s=96&d=mm&r=g","caption":"admin"},"sameAs":["https:\/\/designteamet.se"],"url":"https:\/\/www.nordicclimategroup.se\/dotterbolag\/nyhetsrum\/nyheter\/author\/designteamet\/"}]}},"_links":{"self":[{"href":"https:\/\/www.nordicclimategroup.se\/dotterbolag\/wp-json\/wp\/v2\/posts\/7154","targetHints":{"allow":["GET"]}}],"collection":[{"href":"https:\/\/www.nordicclimategroup.se\/dotterbolag\/wp-json\/wp\/v2\/posts"}],"about":[{"href":"https:\/\/www.nordicclimategroup.se\/dotterbolag\/wp-json\/wp\/v2\/types\/post"}],"author":[{"embeddable":true,"href":"https:\/\/www.nordicclimategroup.se\/dotterbolag\/wp-json\/wp\/v2\/users\/1"}],"replies":[{"embeddable":true,"href":"https:\/\/www.nordicclimategroup.se\/dotterbolag\/wp-json\/wp\/v2\/comments?post=7154"}],"version-history":[{"count":1,"href":"https:\/\/www.nordicclimategroup.se\/dotterbolag\/wp-json\/wp\/v2\/posts\/7154\/revisions"}],"predecessor-version":[{"id":7156,"href":"https:\/\/www.nordicclimategroup.se\/dotterbolag\/wp-json\/wp\/v2\/posts\/7154\/revisions\/7156"}],"wp:featuredmedia":[{"embeddable":true,"href":"https:\/\/www.nordicclimategroup.se\/dotterbolag\/wp-json\/wp\/v2\/media\/7155"}],"wp:attachment":[{"href":"https:\/\/www.nordicclimategroup.se\/dotterbolag\/wp-json\/wp\/v2\/media?parent=7154"}],"wp:term":[{"taxonomy":"category","embeddable":true,"href":"https:\/\/www.nordicclimategroup.se\/dotterbolag\/wp-json\/wp\/v2\/categories?post=7154"},{"taxonomy":"post_tag","embeddable":true,"href":"https:\/\/www.nordicclimategroup.se\/dotterbolag\/wp-json\/wp\/v2\/tags?post=7154"}],"curies":[{"name":"wp","href":"https:\/\/api.w.org\/{rel}","templated":true}]}}