{"id":7146,"date":"2019-06-27T12:18:00","date_gmt":"2019-06-27T12:18:00","guid":{"rendered":"https:\/\/server03.blackpixel.se\/~designteamet\/?p=7146"},"modified":"2025-04-02T12:21:57","modified_gmt":"2025-04-02T12:21:57","slug":"tankar-fran-en-nybliven-kyltekniker","status":"publish","type":"post","link":"https:\/\/www.nordicclimategroup.se\/dotterbolag\/nyhetsrum\/nyheter\/dotterbolag\/tankar-fran-en-nybliven-kyltekniker\/","title":{"rendered":"Tankar fr\u00e5n en nybliven kyltekniker"},"content":{"rendered":"\n<h3 class=\"wp-block-heading\"><strong>Var det en sj\u00e4lvklarhet att ta jobb hos oss efter din APL-tid h\u00e4r?<\/strong><\/h3>\n\n\n\n<p>Ja. Min plan redan innan jag b\u00f6rjade gymnasiet var att bli kyltekniker och NKI \u00e4r det fr\u00e4msta kylf\u00f6retaget i stan.<\/p>\n\n\n\n<div style=\"height:50px\" aria-hidden=\"true\" class=\"wp-block-spacer\"><\/div>\n\n\n\n<h3 class=\"wp-block-heading\">Kul att du hade stora m\u00e5l redan som ung!\u00a0Hur kommer det sig att du visste att kyltekniker var n\u00e5got f\u00f6r dig s\u00e5 tidigt?<\/h3>\n\n\n\n<p>Jag ville g\u00f6ra n\u00e5got som jag aldrig gjort tidigare. Jag har provat p\u00e5 s\u00e5 mycket olika saker, men aldrig kylteknikeryrket, eftersom det \u00e4r lite nischat. Det som gjorde mig intresserad av just kylbranschen var n\u00e4r vi fick v\u00e5r luftv\u00e4rmepump installerad hemma hos oss, jag tyckte det verkade sp\u00e4nnande!<\/p>\n\n\n\n<div style=\"height:50px\" aria-hidden=\"true\" class=\"wp-block-spacer\"><\/div>\n\n\n\n<h3 class=\"wp-block-heading\"><strong>Du blev erbjuden att ta ditt kylcert redan innan du g\u00e5tt klart skolan, hur <\/strong>k\u00e4ndes det? Var du redo efter din APL hos oss?<\/h3>\n\n\n\n<p>Jag k\u00e4nde mig redo. Jag har haft den stora m\u00f6jligheten att f\u00e5 jobba med mycket kunniga och pedagogiska tekniker som hj\u00e4lp mig mycket, b\u00e5de teoretiskt och praktiskt inf\u00f6r certifieringen, s\u00e5 jag k\u00e4nde mig r\u00e4tt lugn. Det var sk\u00f6nt att kunna b\u00f6rja jobba med k\u00f6ldmedierna direkt fr\u00e5n f\u00f6rsta anst\u00e4llningsdag och veta att jag f\u00e5r fara sj\u00e4lv p\u00e5 egna jobb.<\/p>\n\n\n\n<div style=\"height:50px\" aria-hidden=\"true\" class=\"wp-block-spacer\"><\/div>\n\n\n\n<h3 class=\"wp-block-heading\"><strong>\u00c4r det stor skillnad i ditt arbete nu mot n\u00e4r du var \u201dl\u00e4rling\u201d hos oss?<\/strong><\/h3>\n\n\n\n<p>Den stora skillnaden \u00e4r ju att jag f\u00e5r g\u00f6ra allting p\u00e5 egen hand, jag har en egen bil och blir tilldelad arbetsuppgifter precis som vilken annan tekniker p\u00e5 f\u00f6retaget. Skulle jag k\u00e4nna mig os\u00e4ker p\u00e5 n\u00e5got jobb s\u00e5 vet jag att jag bara kan lyfta luren och ringa en kollega som guidar mig i r\u00e4tt riktning.<br><br><\/p>\n\n\n\n<div style=\"height:50px\" aria-hidden=\"true\" class=\"wp-block-spacer\"><\/div>\n\n\n\n<h3 class=\"wp-block-heading\"><strong>\u00c4r NKI en bra arbetsplats f\u00f6r en nyutbildad kyltekniker?<\/strong><\/h3>\n\n\n\n<p>Jajjamen! Alla tekniker p\u00e5 firman har f\u00f6rst\u00e5else \u00f6ver hur det \u00e4r att vara ny och hur pass stort omr\u00e5de det \u00e4r som vi jobbar med.&nbsp;Jag har mycket bra kontakt med alla tekniker och k\u00e4nner att jag kan prata med alla.<\/p>\n\n\n\n<p><strong>Tack Max, vi \u00f6nskar dig all lycka till!<\/strong><\/p>\n","protected":false},"excerpt":{"rendered":"<p>Var det en sj\u00e4lvklarhet att ta jobb hos oss efter din APL-tid h\u00e4r? Ja. Min plan redan innan jag b\u00f6rjade gymnasiet var att bli kyltekniker och NKI \u00e4r det fr\u00e4msta kylf\u00f6retaget i stan. Kul att du hade stora m\u00e5l redan som ung!\u00a0Hur kommer det sig att du visste att kyltekniker var n\u00e5got f\u00f6r dig s\u00e5 [&hellip;]<\/p>\n","protected":false},"author":1,"featured_media":7147,"comment_status":"open","ping_status":"open","sticky":false,"template":"","format":"standard","meta":{"_acf_changed":false,"footnotes":""},"categories":[37],"tags":[],"class_list":["post-7146","post","type-post","status-publish","format-standard","has-post-thumbnail","hentry","category-dotterbolag"],"acf":[],"yoast_head":"<!-- This site is optimized with the Yoast SEO plugin v25.4 - https:\/\/yoast.com\/wordpress\/plugins\/seo\/ -->\n<title>Tankar fr\u00e5n en nybliven kyltekniker - Dotterbolag<\/title>\n<meta name=\"robots\" content=\"noindex, follow, max-snippet:-1, max-image-preview:large, max-video-preview:-1\" \/>\n<meta property=\"og:locale\" content=\"sv_SE\" \/>\n<meta property=\"og:type\" content=\"article\" \/>\n<meta property=\"og:title\" content=\"Tankar fr\u00e5n en nybliven kyltekniker - Dotterbolag\" \/>\n<meta property=\"og:description\" content=\"Var det en sj\u00e4lvklarhet att ta jobb hos oss efter din APL-tid h\u00e4r? Ja. Min plan redan innan jag b\u00f6rjade gymnasiet var att bli kyltekniker och NKI \u00e4r det fr\u00e4msta kylf\u00f6retaget i stan. Kul att du hade stora m\u00e5l redan som ung!\u00a0Hur kommer det sig att du visste att kyltekniker var n\u00e5got f\u00f6r dig s\u00e5 [&hellip;]\" \/>\n<meta property=\"og:url\" content=\"https:\/\/www.nordicclimategroup.se\/dotterbolag\/nyhetsrum\/nyheter\/dotterbolag\/tankar-fran-en-nybliven-kyltekniker\/\" \/>\n<meta property=\"og:site_name\" content=\"Dotterbolag\" \/>\n<meta property=\"article:published_time\" content=\"2019-06-27T12:18:00+00:00\" \/>\n<meta property=\"article:modified_time\" content=\"2025-04-02T12:21:57+00:00\" \/>\n<meta property=\"og:image\" content=\"https:\/\/www.nordicclimategroup.se\/dotterbolag\/wp-content\/uploads\/sites\/3\/2025\/04\/hn-190213-nki-max-lundgren-04.jpg\" \/>\n\t<meta property=\"og:image:width\" content=\"590\" \/>\n\t<meta property=\"og:image:height\" content=\"590\" \/>\n\t<meta property=\"og:image:type\" content=\"image\/jpeg\" \/>\n<meta name=\"author\" content=\"admin\" \/>\n<meta name=\"twitter:card\" content=\"summary_large_image\" \/>\n<meta name=\"twitter:label1\" content=\"Skriven av\" \/>\n\t<meta name=\"twitter:data1\" content=\"admin\" \/>\n\t<meta name=\"twitter:label2\" content=\"Ber\u00e4knad l\u00e4stid\" \/>\n\t<meta name=\"twitter:data2\" content=\"2 minuter\" \/>\n<script type=\"application\/ld+json\" class=\"yoast-schema-graph\">{\"@context\":\"https:\/\/schema.org\",\"@graph\":[{\"@type\":\"Article\",\"@id\":\"https:\/\/www.nordicclimategroup.se\/dotterbolag\/nyhetsrum\/nyheter\/dotterbolag\/tankar-fran-en-nybliven-kyltekniker\/#article\",\"isPartOf\":{\"@id\":\"https:\/\/www.nordicclimategroup.se\/dotterbolag\/nyhetsrum\/nyheter\/dotterbolag\/tankar-fran-en-nybliven-kyltekniker\/\"},\"author\":{\"name\":\"admin\",\"@id\":\"https:\/\/www.nordicclimategroup.se\/dotterbolag\/#\/schema\/person\/facad66499691d7986ce0d727cd80347\"},\"headline\":\"Tankar fr\u00e5n en nybliven kyltekniker\",\"datePublished\":\"2019-06-27T12:18:00+00:00\",\"dateModified\":\"2025-04-02T12:21:57+00:00\",\"mainEntityOfPage\":{\"@id\":\"https:\/\/www.nordicclimategroup.se\/dotterbolag\/nyhetsrum\/nyheter\/dotterbolag\/tankar-fran-en-nybliven-kyltekniker\/\"},\"wordCount\":368,\"commentCount\":0,\"publisher\":{\"@id\":\"https:\/\/www.nordicclimategroup.se\/dotterbolag\/#organization\"},\"image\":{\"@id\":\"https:\/\/www.nordicclimategroup.se\/dotterbolag\/nyhetsrum\/nyheter\/dotterbolag\/tankar-fran-en-nybliven-kyltekniker\/#primaryimage\"},\"thumbnailUrl\":\"https:\/\/www.nordicclimategroup.se\/dotterbolag\/wp-content\/uploads\/sites\/3\/2025\/04\/hn-190213-nki-max-lundgren-04.jpg\",\"articleSection\":[\"Dotterbolag\"],\"inLanguage\":\"sv-SE\",\"potentialAction\":[{\"@type\":\"CommentAction\",\"name\":\"Comment\",\"target\":[\"https:\/\/www.nordicclimategroup.se\/dotterbolag\/nyhetsrum\/nyheter\/dotterbolag\/tankar-fran-en-nybliven-kyltekniker\/#respond\"]}]},{\"@type\":\"WebPage\",\"@id\":\"https:\/\/www.nordicclimategroup.se\/dotterbolag\/nyhetsrum\/nyheter\/dotterbolag\/tankar-fran-en-nybliven-kyltekniker\/\",\"url\":\"https:\/\/www.nordicclimategroup.se\/dotterbolag\/nyhetsrum\/nyheter\/dotterbolag\/tankar-fran-en-nybliven-kyltekniker\/\",\"name\":\"Tankar fr\u00e5n en nybliven kyltekniker - Dotterbolag\",\"isPartOf\":{\"@id\":\"https:\/\/www.nordicclimategroup.se\/dotterbolag\/#website\"},\"primaryImageOfPage\":{\"@id\":\"https:\/\/www.nordicclimategroup.se\/dotterbolag\/nyhetsrum\/nyheter\/dotterbolag\/tankar-fran-en-nybliven-kyltekniker\/#primaryimage\"},\"image\":{\"@id\":\"https:\/\/www.nordicclimategroup.se\/dotterbolag\/nyhetsrum\/nyheter\/dotterbolag\/tankar-fran-en-nybliven-kyltekniker\/#primaryimage\"},\"thumbnailUrl\":\"https:\/\/www.nordicclimategroup.se\/dotterbolag\/wp-content\/uploads\/sites\/3\/2025\/04\/hn-190213-nki-max-lundgren-04.jpg\",\"datePublished\":\"2019-06-27T12:18:00+00:00\",\"dateModified\":\"2025-04-02T12:21:57+00:00\",\"inLanguage\":\"sv-SE\",\"potentialAction\":[{\"@type\":\"ReadAction\",\"target\":[\"https:\/\/www.nordicclimategroup.se\/dotterbolag\/nyhetsrum\/nyheter\/dotterbolag\/tankar-fran-en-nybliven-kyltekniker\/\"]}]},{\"@type\":\"ImageObject\",\"inLanguage\":\"sv-SE\",\"@id\":\"https:\/\/www.nordicclimategroup.se\/dotterbolag\/nyhetsrum\/nyheter\/dotterbolag\/tankar-fran-en-nybliven-kyltekniker\/#primaryimage\",\"url\":\"https:\/\/www.nordicclimategroup.se\/dotterbolag\/wp-content\/uploads\/sites\/3\/2025\/04\/hn-190213-nki-max-lundgren-04.jpg\",\"contentUrl\":\"https:\/\/www.nordicclimategroup.se\/dotterbolag\/wp-content\/uploads\/sites\/3\/2025\/04\/hn-190213-nki-max-lundgren-04.jpg\",\"width\":590,\"height\":590},{\"@type\":\"WebSite\",\"@id\":\"https:\/\/www.nordicclimategroup.se\/dotterbolag\/#website\",\"url\":\"https:\/\/www.nordicclimategroup.se\/dotterbolag\/\",\"name\":\"Dotterbolag\",\"description\":\"\",\"publisher\":{\"@id\":\"https:\/\/www.nordicclimategroup.se\/dotterbolag\/#organization\"},\"potentialAction\":[{\"@type\":\"SearchAction\",\"target\":{\"@type\":\"EntryPoint\",\"urlTemplate\":\"https:\/\/www.nordicclimategroup.se\/dotterbolag\/?s={search_term_string}\"},\"query-input\":{\"@type\":\"PropertyValueSpecification\",\"valueRequired\":true,\"valueName\":\"search_term_string\"}}],\"inLanguage\":\"sv-SE\"},{\"@type\":\"Organization\",\"@id\":\"https:\/\/www.nordicclimategroup.se\/dotterbolag\/#organization\",\"name\":\"Dotterbolag\",\"url\":\"https:\/\/www.nordicclimategroup.se\/dotterbolag\/\",\"logo\":{\"@type\":\"ImageObject\",\"inLanguage\":\"sv-SE\",\"@id\":\"https:\/\/www.nordicclimategroup.se\/dotterbolag\/#\/schema\/logo\/image\/\",\"url\":\"https:\/\/www.nordicclimategroup.se\/dotterbolag\/wp-content\/uploads\/sites\/3\/2024\/02\/NCG-LOGO.svg\",\"contentUrl\":\"https:\/\/www.nordicclimategroup.se\/dotterbolag\/wp-content\/uploads\/sites\/3\/2024\/02\/NCG-LOGO.svg\",\"caption\":\"Dotterbolag\"},\"image\":{\"@id\":\"https:\/\/www.nordicclimategroup.se\/dotterbolag\/#\/schema\/logo\/image\/\"}},{\"@type\":\"Person\",\"@id\":\"https:\/\/www.nordicclimategroup.se\/dotterbolag\/#\/schema\/person\/facad66499691d7986ce0d727cd80347\",\"name\":\"admin\",\"image\":{\"@type\":\"ImageObject\",\"inLanguage\":\"sv-SE\",\"@id\":\"https:\/\/www.nordicclimategroup.se\/dotterbolag\/#\/schema\/person\/image\/\",\"url\":\"https:\/\/secure.gravatar.com\/avatar\/04bb6f505c842e525adc7c63df6c0b599b63fe7fde089987dbab6e0bcf6882b3?s=96&d=mm&r=g\",\"contentUrl\":\"https:\/\/secure.gravatar.com\/avatar\/04bb6f505c842e525adc7c63df6c0b599b63fe7fde089987dbab6e0bcf6882b3?s=96&d=mm&r=g\",\"caption\":\"admin\"},\"sameAs\":[\"https:\/\/designteamet.se\"],\"url\":\"https:\/\/www.nordicclimategroup.se\/dotterbolag\/nyhetsrum\/nyheter\/author\/designteamet\/\"}]}<\/script>\n<!-- \/ Yoast SEO plugin. -->","yoast_head_json":{"title":"Tankar fr\u00e5n en nybliven kyltekniker - Dotterbolag","robots":{"index":"noindex","follow":"follow","max-snippet":"max-snippet:-1","max-image-preview":"max-image-preview:large","max-video-preview":"max-video-preview:-1"},"og_locale":"sv_SE","og_type":"article","og_title":"Tankar fr\u00e5n en nybliven kyltekniker - Dotterbolag","og_description":"Var det en sj\u00e4lvklarhet att ta jobb hos oss efter din APL-tid h\u00e4r? Ja. Min plan redan innan jag b\u00f6rjade gymnasiet var att bli kyltekniker och NKI \u00e4r det fr\u00e4msta kylf\u00f6retaget i stan. Kul att du hade stora m\u00e5l redan som ung!\u00a0Hur kommer det sig att du visste att kyltekniker var n\u00e5got f\u00f6r dig s\u00e5 [&hellip;]","og_url":"https:\/\/www.nordicclimategroup.se\/dotterbolag\/nyhetsrum\/nyheter\/dotterbolag\/tankar-fran-en-nybliven-kyltekniker\/","og_site_name":"Dotterbolag","article_published_time":"2019-06-27T12:18:00+00:00","article_modified_time":"2025-04-02T12:21:57+00:00","og_image":[{"width":590,"height":590,"url":"https:\/\/www.nordicclimategroup.se\/dotterbolag\/wp-content\/uploads\/sites\/3\/2025\/04\/hn-190213-nki-max-lundgren-04.jpg","type":"image\/jpeg"}],"author":"admin","twitter_card":"summary_large_image","twitter_misc":{"Skriven av":"admin","Ber\u00e4knad l\u00e4stid":"2 minuter"},"schema":{"@context":"https:\/\/schema.org","@graph":[{"@type":"Article","@id":"https:\/\/www.nordicclimategroup.se\/dotterbolag\/nyhetsrum\/nyheter\/dotterbolag\/tankar-fran-en-nybliven-kyltekniker\/#article","isPartOf":{"@id":"https:\/\/www.nordicclimategroup.se\/dotterbolag\/nyhetsrum\/nyheter\/dotterbolag\/tankar-fran-en-nybliven-kyltekniker\/"},"author":{"name":"admin","@id":"https:\/\/www.nordicclimategroup.se\/dotterbolag\/#\/schema\/person\/facad66499691d7986ce0d727cd80347"},"headline":"Tankar fr\u00e5n en nybliven kyltekniker","datePublished":"2019-06-27T12:18:00+00:00","dateModified":"2025-04-02T12:21:57+00:00","mainEntityOfPage":{"@id":"https:\/\/www.nordicclimategroup.se\/dotterbolag\/nyhetsrum\/nyheter\/dotterbolag\/tankar-fran-en-nybliven-kyltekniker\/"},"wordCount":368,"commentCount":0,"publisher":{"@id":"https:\/\/www.nordicclimategroup.se\/dotterbolag\/#organization"},"image":{"@id":"https:\/\/www.nordicclimategroup.se\/dotterbolag\/nyhetsrum\/nyheter\/dotterbolag\/tankar-fran-en-nybliven-kyltekniker\/#primaryimage"},"thumbnailUrl":"https:\/\/www.nordicclimategroup.se\/dotterbolag\/wp-content\/uploads\/sites\/3\/2025\/04\/hn-190213-nki-max-lundgren-04.jpg","articleSection":["Dotterbolag"],"inLanguage":"sv-SE","potentialAction":[{"@type":"CommentAction","name":"Comment","target":["https:\/\/www.nordicclimategroup.se\/dotterbolag\/nyhetsrum\/nyheter\/dotterbolag\/tankar-fran-en-nybliven-kyltekniker\/#respond"]}]},{"@type":"WebPage","@id":"https:\/\/www.nordicclimategroup.se\/dotterbolag\/nyhetsrum\/nyheter\/dotterbolag\/tankar-fran-en-nybliven-kyltekniker\/","url":"https:\/\/www.nordicclimategroup.se\/dotterbolag\/nyhetsrum\/nyheter\/dotterbolag\/tankar-fran-en-nybliven-kyltekniker\/","name":"Tankar fr\u00e5n en nybliven kyltekniker - Dotterbolag","isPartOf":{"@id":"https:\/\/www.nordicclimategroup.se\/dotterbolag\/#website"},"primaryImageOfPage":{"@id":"https:\/\/www.nordicclimategroup.se\/dotterbolag\/nyhetsrum\/nyheter\/dotterbolag\/tankar-fran-en-nybliven-kyltekniker\/#primaryimage"},"image":{"@id":"https:\/\/www.nordicclimategroup.se\/dotterbolag\/nyhetsrum\/nyheter\/dotterbolag\/tankar-fran-en-nybliven-kyltekniker\/#primaryimage"},"thumbnailUrl":"https:\/\/www.nordicclimategroup.se\/dotterbolag\/wp-content\/uploads\/sites\/3\/2025\/04\/hn-190213-nki-max-lundgren-04.jpg","datePublished":"2019-06-27T12:18:00+00:00","dateModified":"2025-04-02T12:21:57+00:00","inLanguage":"sv-SE","potentialAction":[{"@type":"ReadAction","target":["https:\/\/www.nordicclimategroup.se\/dotterbolag\/nyhetsrum\/nyheter\/dotterbolag\/tankar-fran-en-nybliven-kyltekniker\/"]}]},{"@type":"ImageObject","inLanguage":"sv-SE","@id":"https:\/\/www.nordicclimategroup.se\/dotterbolag\/nyhetsrum\/nyheter\/dotterbolag\/tankar-fran-en-nybliven-kyltekniker\/#primaryimage","url":"https:\/\/www.nordicclimategroup.se\/dotterbolag\/wp-content\/uploads\/sites\/3\/2025\/04\/hn-190213-nki-max-lundgren-04.jpg","contentUrl":"https:\/\/www.nordicclimategroup.se\/dotterbolag\/wp-content\/uploads\/sites\/3\/2025\/04\/hn-190213-nki-max-lundgren-04.jpg","width":590,"height":590},{"@type":"WebSite","@id":"https:\/\/www.nordicclimategroup.se\/dotterbolag\/#website","url":"https:\/\/www.nordicclimategroup.se\/dotterbolag\/","name":"Dotterbolag","description":"","publisher":{"@id":"https:\/\/www.nordicclimategroup.se\/dotterbolag\/#organization"},"potentialAction":[{"@type":"SearchAction","target":{"@type":"EntryPoint","urlTemplate":"https:\/\/www.nordicclimategroup.se\/dotterbolag\/?s={search_term_string}"},"query-input":{"@type":"PropertyValueSpecification","valueRequired":true,"valueName":"search_term_string"}}],"inLanguage":"sv-SE"},{"@type":"Organization","@id":"https:\/\/www.nordicclimategroup.se\/dotterbolag\/#organization","name":"Dotterbolag","url":"https:\/\/www.nordicclimategroup.se\/dotterbolag\/","logo":{"@type":"ImageObject","inLanguage":"sv-SE","@id":"https:\/\/www.nordicclimategroup.se\/dotterbolag\/#\/schema\/logo\/image\/","url":"https:\/\/www.nordicclimategroup.se\/dotterbolag\/wp-content\/uploads\/sites\/3\/2024\/02\/NCG-LOGO.svg","contentUrl":"https:\/\/www.nordicclimategroup.se\/dotterbolag\/wp-content\/uploads\/sites\/3\/2024\/02\/NCG-LOGO.svg","caption":"Dotterbolag"},"image":{"@id":"https:\/\/www.nordicclimategroup.se\/dotterbolag\/#\/schema\/logo\/image\/"}},{"@type":"Person","@id":"https:\/\/www.nordicclimategroup.se\/dotterbolag\/#\/schema\/person\/facad66499691d7986ce0d727cd80347","name":"admin","image":{"@type":"ImageObject","inLanguage":"sv-SE","@id":"https:\/\/www.nordicclimategroup.se\/dotterbolag\/#\/schema\/person\/image\/","url":"https:\/\/secure.gravatar.com\/avatar\/04bb6f505c842e525adc7c63df6c0b599b63fe7fde089987dbab6e0bcf6882b3?s=96&d=mm&r=g","contentUrl":"https:\/\/secure.gravatar.com\/avatar\/04bb6f505c842e525adc7c63df6c0b599b63fe7fde089987dbab6e0bcf6882b3?s=96&d=mm&r=g","caption":"admin"},"sameAs":["https:\/\/designteamet.se"],"url":"https:\/\/www.nordicclimategroup.se\/dotterbolag\/nyhetsrum\/nyheter\/author\/designteamet\/"}]}},"_links":{"self":[{"href":"https:\/\/www.nordicclimategroup.se\/dotterbolag\/wp-json\/wp\/v2\/posts\/7146","targetHints":{"allow":["GET"]}}],"collection":[{"href":"https:\/\/www.nordicclimategroup.se\/dotterbolag\/wp-json\/wp\/v2\/posts"}],"about":[{"href":"https:\/\/www.nordicclimategroup.se\/dotterbolag\/wp-json\/wp\/v2\/types\/post"}],"author":[{"embeddable":true,"href":"https:\/\/www.nordicclimategroup.se\/dotterbolag\/wp-json\/wp\/v2\/users\/1"}],"replies":[{"embeddable":true,"href":"https:\/\/www.nordicclimategroup.se\/dotterbolag\/wp-json\/wp\/v2\/comments?post=7146"}],"version-history":[{"count":1,"href":"https:\/\/www.nordicclimategroup.se\/dotterbolag\/wp-json\/wp\/v2\/posts\/7146\/revisions"}],"predecessor-version":[{"id":7148,"href":"https:\/\/www.nordicclimategroup.se\/dotterbolag\/wp-json\/wp\/v2\/posts\/7146\/revisions\/7148"}],"wp:featuredmedia":[{"embeddable":true,"href":"https:\/\/www.nordicclimategroup.se\/dotterbolag\/wp-json\/wp\/v2\/media\/7147"}],"wp:attachment":[{"href":"https:\/\/www.nordicclimategroup.se\/dotterbolag\/wp-json\/wp\/v2\/media?parent=7146"}],"wp:term":[{"taxonomy":"category","embeddable":true,"href":"https:\/\/www.nordicclimategroup.se\/dotterbolag\/wp-json\/wp\/v2\/categories?post=7146"},{"taxonomy":"post_tag","embeddable":true,"href":"https:\/\/www.nordicclimategroup.se\/dotterbolag\/wp-json\/wp\/v2\/tags?post=7146"}],"curies":[{"name":"wp","href":"https:\/\/api.w.org\/{rel}","templated":true}]}}