{"id":6863,"date":"2021-12-22T09:25:00","date_gmt":"2021-12-22T09:25:00","guid":{"rendered":"https:\/\/server03.blackpixel.se\/~designteamet\/?p=6863"},"modified":"2025-03-31T09:25:48","modified_gmt":"2025-03-31T09:25:48","slug":"nordic-climate-group-forvarvar-perfect-temperature-group","status":"publish","type":"post","link":"https:\/\/www.nordicclimategroup.se\/dotterbolag\/nyhetsrum\/nyheter\/forvarv\/nordic-climate-group-forvarvar-perfect-temperature-group\/","title":{"rendered":"Nordic Climate Group f\u00f6rv\u00e4rvar Perfect Temperature Group"},"content":{"rendered":"\n<p>Genom aff\u00e4ren \u00e4r gruppens samlade oms\u00e4ttning drygt 2 miljarder SEK f\u00f6rdelade p\u00e5 32 \u00e4garbolag med ett 50-tal lokala etableringar, vilket inneb\u00e4r en ledande st\u00e4llning p\u00e5 den nordiska kylmarknaden. Nordic Climate Group bildades v\u00e5ren 2021 och \u00e4r ett \u00e4garbolag etablerat av ett n\u00e4tverk av svenska kylf\u00f6retag tillsammans med private equity-bolaget Capillar. Sedan starten i maj 2021 har tillv\u00e4xten genom att lokala kylf\u00f6retag anslutits mer \u00e4n f\u00f6rdubblat verksamheten.<\/p>\n\n\n\n<p>PTG med bas i Nord-Norge, huvudkontor i Troms\u00f6 och med 13 lokala enheter utvecklar och levererar milj\u00f6v\u00e4nliga kyl-, frys-, och energieffektiviseringsl\u00f6sningar. D\u00e4rtill har bolaget en betydande verksamhet inom livsmedelsindustrin b\u00e5de nationellt och internationellt, inte minst inom fiskeindustrin.<\/p>\n\n\n\n<p><em>&#8211; Nordic Climate Group har en verksamhetsplan f\u00f6r att bli den ledande gruppen inom energieffektiva och h\u00e5llbara kyl- och v\u00e4rmeinstallationer i norra Europa. Vi identifierade tidigt PTG som marknadsledaren i Norge. Efter att vi l\u00e4rt k\u00e4nna bolaget har vi imponerats \u00f6ver kompetensen, produkterna och inte minst den entusiastiska och m\u00e5linriktade f\u00f6retagskulturen som genomsyrar hela PTG-koncernen. s\u00e4ger Mats \u00c5str\u00f6m, tf CEO Nordic Climate Group.&nbsp;<\/em><\/p>\n\n\n\n<p>Planen f\u00f6r Nordic Climate Group \u00e4r inte bara att v\u00e4xa genom f\u00f6rv\u00e4rv. Gruppens styrka byggs genom att bolagen tillsammans blir konkurrenskraftigare genom ink\u00f6p, egen utbildningsverksamhet, teknisk utveckling och gemensam marknadskommunikation. F\u00f6r kunderna \u00e4r Nordic Climate Group en nordisk partner med bredare utbud och djupare kunskap. Ett uttalat m\u00e5l \u00e4r att vara ledande inom energieffektivsering och h\u00e5llbarhet.<\/p>\n\n\n\n<p>&#8211;<em>V\u00e5r tillv\u00e4xtstrategi mot 2025 bygger p\u00e5 starka v\u00e4rderingar, och en vilja att hj\u00e4lpa v\u00e5ra kunder att minska sitt klimatavtryck. D\u00e4rtill att leverera teknik som bidrar till minskad energif\u00f6rbrukning, b\u00e4ttre klimat, b\u00e4ttre matkvalitet och minskat svinn \u2013 lokalt och globalt. Det kommer vi nu att g\u00f6ra tillsammans med Nordic Climate Group, s\u00e4ger Terje Arnesen, CEO PTG.<\/em><\/p>\n\n\n\n<p>PTG har sedan 2017 del\u00e4gts av Nord Kapitalf\u00f6rvaltning och d\u00e4refter haft en kraftig tillv\u00e4xt fr\u00e5n 140 till ca 500 miljoner NOK.<\/p>\n\n\n\n<p><em>-PTG har en tydlig ESG-profil med kontinuerlig satsning p\u00e5 forskning och utveckling, egen produktion samt ett rikst\u00e4ckande service- och kompetensn\u00e4tverk i Norge, s\u00e4ger Anders H\u00f8if\u00f8dt, partner Nord Kapitalf\u00f6rvaltning, som ser fram mot det svensk-norska samarbetet och \u00e5terinvesterar i Nordic Climate Group.<\/em><\/p>\n\n\n\n<p>Nordic Climate Group \u00e4r en nordisk akt\u00f6r inom kyl- och v\u00e4rmeinstallationer med fokus p\u00e5 energieffektivisering och h\u00e5llbarhet. Fokusomr\u00e5dena \u00e4r s\u00e4rskilt intressanta med tanke p\u00e5 samh\u00e4llets utmaningar vad g\u00e4ller energieffektivisering och klimatp\u00e5verkan.<\/p>\n\n\n\n<p>Capillar Equity \u00e4r ett nordiskt investmentbolag som investerar i mindre och medelstora bolag i Norden f\u00f6r att genom tillv\u00e4xt, l\u00f6nsamhetsf\u00f6rb\u00e4ttring och \u00f6kad professionalism utveckla dem till ledande inom sin bransch.<\/p>\n\n\n\n<p><strong>F\u00f6r mer information, v\u00e4nligen kontakta<\/strong><em>:&nbsp;<\/em>Mats \u00c5str\u00f6m tf Vd Nordic Climate Group, tel 072-050 22 40<\/p>\n","protected":false},"excerpt":{"rendered":"<p>Energieffektivitet och h\u00e5llbarhet st\u00e5r i fokus n\u00e4r Nordic Climate Group expanderar genom att f\u00f6rv\u00e4rva Perfect Temperature Group (PTG), Norges ledande kylkoncern, det tredje bolaget i Norge efter f\u00f6rv\u00e4rven av Eptec och Tempra.<\/p>\n","protected":false},"author":1,"featured_media":0,"comment_status":"open","ping_status":"open","sticky":false,"template":"","format":"standard","meta":{"_acf_changed":false,"footnotes":""},"categories":[10],"tags":[],"class_list":["post-6863","post","type-post","status-publish","format-standard","hentry","category-forvarv"],"acf":[],"yoast_head":"<!-- This site is optimized with the Yoast SEO plugin v25.4 - https:\/\/yoast.com\/wordpress\/plugins\/seo\/ -->\n<title>Nordic Climate Group f\u00f6rv\u00e4rvar Perfect Temperature Group - Dotterbolag<\/title>\n<meta name=\"robots\" content=\"noindex, follow, max-snippet:-1, max-image-preview:large, max-video-preview:-1\" \/>\n<meta property=\"og:locale\" content=\"sv_SE\" \/>\n<meta property=\"og:type\" content=\"article\" \/>\n<meta property=\"og:title\" content=\"Nordic Climate Group f\u00f6rv\u00e4rvar Perfect Temperature Group - Dotterbolag\" \/>\n<meta property=\"og:description\" content=\"Energieffektivitet och h\u00e5llbarhet st\u00e5r i fokus n\u00e4r Nordic Climate Group expanderar genom att f\u00f6rv\u00e4rva Perfect Temperature Group (PTG), Norges ledande kylkoncern, det tredje bolaget i Norge efter f\u00f6rv\u00e4rven av Eptec och Tempra.\" \/>\n<meta property=\"og:url\" content=\"https:\/\/www.nordicclimategroup.se\/dotterbolag\/nyhetsrum\/nyheter\/forvarv\/nordic-climate-group-forvarvar-perfect-temperature-group\/\" \/>\n<meta property=\"og:site_name\" content=\"Dotterbolag\" \/>\n<meta property=\"article:published_time\" content=\"2021-12-22T09:25:00+00:00\" \/>\n<meta property=\"article:modified_time\" content=\"2025-03-31T09:25:48+00:00\" \/>\n<meta name=\"author\" content=\"admin\" \/>\n<meta name=\"twitter:card\" content=\"summary_large_image\" \/>\n<meta name=\"twitter:label1\" content=\"Skriven av\" \/>\n\t<meta name=\"twitter:data1\" content=\"admin\" \/>\n\t<meta name=\"twitter:label2\" content=\"Ber\u00e4knad l\u00e4stid\" \/>\n\t<meta name=\"twitter:data2\" content=\"3 minuter\" \/>\n<script type=\"application\/ld+json\" class=\"yoast-schema-graph\">{\"@context\":\"https:\/\/schema.org\",\"@graph\":[{\"@type\":\"Article\",\"@id\":\"https:\/\/www.nordicclimategroup.se\/dotterbolag\/nyhetsrum\/nyheter\/forvarv\/nordic-climate-group-forvarvar-perfect-temperature-group\/#article\",\"isPartOf\":{\"@id\":\"https:\/\/www.nordicclimategroup.se\/dotterbolag\/nyhetsrum\/nyheter\/forvarv\/nordic-climate-group-forvarvar-perfect-temperature-group\/\"},\"author\":{\"name\":\"admin\",\"@id\":\"https:\/\/www.nordicclimategroup.se\/dotterbolag\/#\/schema\/person\/facad66499691d7986ce0d727cd80347\"},\"headline\":\"Nordic Climate Group f\u00f6rv\u00e4rvar Perfect Temperature Group\",\"datePublished\":\"2021-12-22T09:25:00+00:00\",\"dateModified\":\"2025-03-31T09:25:48+00:00\",\"mainEntityOfPage\":{\"@id\":\"https:\/\/www.nordicclimategroup.se\/dotterbolag\/nyhetsrum\/nyheter\/forvarv\/nordic-climate-group-forvarvar-perfect-temperature-group\/\"},\"wordCount\":486,\"commentCount\":0,\"publisher\":{\"@id\":\"https:\/\/www.nordicclimategroup.se\/dotterbolag\/#organization\"},\"articleSection\":[\"F\u00f6rv\u00e4rv\"],\"inLanguage\":\"sv-SE\",\"potentialAction\":[{\"@type\":\"CommentAction\",\"name\":\"Comment\",\"target\":[\"https:\/\/www.nordicclimategroup.se\/dotterbolag\/nyhetsrum\/nyheter\/forvarv\/nordic-climate-group-forvarvar-perfect-temperature-group\/#respond\"]}]},{\"@type\":\"WebPage\",\"@id\":\"https:\/\/www.nordicclimategroup.se\/dotterbolag\/nyhetsrum\/nyheter\/forvarv\/nordic-climate-group-forvarvar-perfect-temperature-group\/\",\"url\":\"https:\/\/www.nordicclimategroup.se\/dotterbolag\/nyhetsrum\/nyheter\/forvarv\/nordic-climate-group-forvarvar-perfect-temperature-group\/\",\"name\":\"Nordic Climate Group f\u00f6rv\u00e4rvar Perfect Temperature Group - Dotterbolag\",\"isPartOf\":{\"@id\":\"https:\/\/www.nordicclimategroup.se\/dotterbolag\/#website\"},\"datePublished\":\"2021-12-22T09:25:00+00:00\",\"dateModified\":\"2025-03-31T09:25:48+00:00\",\"inLanguage\":\"sv-SE\",\"potentialAction\":[{\"@type\":\"ReadAction\",\"target\":[\"https:\/\/www.nordicclimategroup.se\/dotterbolag\/nyhetsrum\/nyheter\/forvarv\/nordic-climate-group-forvarvar-perfect-temperature-group\/\"]}]},{\"@type\":\"WebSite\",\"@id\":\"https:\/\/www.nordicclimategroup.se\/dotterbolag\/#website\",\"url\":\"https:\/\/www.nordicclimategroup.se\/dotterbolag\/\",\"name\":\"Dotterbolag\",\"description\":\"\",\"publisher\":{\"@id\":\"https:\/\/www.nordicclimategroup.se\/dotterbolag\/#organization\"},\"potentialAction\":[{\"@type\":\"SearchAction\",\"target\":{\"@type\":\"EntryPoint\",\"urlTemplate\":\"https:\/\/www.nordicclimategroup.se\/dotterbolag\/?s={search_term_string}\"},\"query-input\":{\"@type\":\"PropertyValueSpecification\",\"valueRequired\":true,\"valueName\":\"search_term_string\"}}],\"inLanguage\":\"sv-SE\"},{\"@type\":\"Organization\",\"@id\":\"https:\/\/www.nordicclimategroup.se\/dotterbolag\/#organization\",\"name\":\"Dotterbolag\",\"url\":\"https:\/\/www.nordicclimategroup.se\/dotterbolag\/\",\"logo\":{\"@type\":\"ImageObject\",\"inLanguage\":\"sv-SE\",\"@id\":\"https:\/\/www.nordicclimategroup.se\/dotterbolag\/#\/schema\/logo\/image\/\",\"url\":\"https:\/\/www.nordicclimategroup.se\/dotterbolag\/wp-content\/uploads\/sites\/3\/2024\/02\/NCG-LOGO.svg\",\"contentUrl\":\"https:\/\/www.nordicclimategroup.se\/dotterbolag\/wp-content\/uploads\/sites\/3\/2024\/02\/NCG-LOGO.svg\",\"caption\":\"Dotterbolag\"},\"image\":{\"@id\":\"https:\/\/www.nordicclimategroup.se\/dotterbolag\/#\/schema\/logo\/image\/\"}},{\"@type\":\"Person\",\"@id\":\"https:\/\/www.nordicclimategroup.se\/dotterbolag\/#\/schema\/person\/facad66499691d7986ce0d727cd80347\",\"name\":\"admin\",\"image\":{\"@type\":\"ImageObject\",\"inLanguage\":\"sv-SE\",\"@id\":\"https:\/\/www.nordicclimategroup.se\/dotterbolag\/#\/schema\/person\/image\/\",\"url\":\"https:\/\/secure.gravatar.com\/avatar\/04bb6f505c842e525adc7c63df6c0b599b63fe7fde089987dbab6e0bcf6882b3?s=96&d=mm&r=g\",\"contentUrl\":\"https:\/\/secure.gravatar.com\/avatar\/04bb6f505c842e525adc7c63df6c0b599b63fe7fde089987dbab6e0bcf6882b3?s=96&d=mm&r=g\",\"caption\":\"admin\"},\"sameAs\":[\"https:\/\/designteamet.se\"],\"url\":\"https:\/\/www.nordicclimategroup.se\/dotterbolag\/nyhetsrum\/nyheter\/author\/designteamet\/\"}]}<\/script>\n<!-- \/ Yoast SEO plugin. -->","yoast_head_json":{"title":"Nordic Climate Group f\u00f6rv\u00e4rvar Perfect Temperature Group - Dotterbolag","robots":{"index":"noindex","follow":"follow","max-snippet":"max-snippet:-1","max-image-preview":"max-image-preview:large","max-video-preview":"max-video-preview:-1"},"og_locale":"sv_SE","og_type":"article","og_title":"Nordic Climate Group f\u00f6rv\u00e4rvar Perfect Temperature Group - Dotterbolag","og_description":"Energieffektivitet och h\u00e5llbarhet st\u00e5r i fokus n\u00e4r Nordic Climate Group expanderar genom att f\u00f6rv\u00e4rva Perfect Temperature Group (PTG), Norges ledande kylkoncern, det tredje bolaget i Norge efter f\u00f6rv\u00e4rven av Eptec och Tempra.","og_url":"https:\/\/www.nordicclimategroup.se\/dotterbolag\/nyhetsrum\/nyheter\/forvarv\/nordic-climate-group-forvarvar-perfect-temperature-group\/","og_site_name":"Dotterbolag","article_published_time":"2021-12-22T09:25:00+00:00","article_modified_time":"2025-03-31T09:25:48+00:00","author":"admin","twitter_card":"summary_large_image","twitter_misc":{"Skriven av":"admin","Ber\u00e4knad l\u00e4stid":"3 minuter"},"schema":{"@context":"https:\/\/schema.org","@graph":[{"@type":"Article","@id":"https:\/\/www.nordicclimategroup.se\/dotterbolag\/nyhetsrum\/nyheter\/forvarv\/nordic-climate-group-forvarvar-perfect-temperature-group\/#article","isPartOf":{"@id":"https:\/\/www.nordicclimategroup.se\/dotterbolag\/nyhetsrum\/nyheter\/forvarv\/nordic-climate-group-forvarvar-perfect-temperature-group\/"},"author":{"name":"admin","@id":"https:\/\/www.nordicclimategroup.se\/dotterbolag\/#\/schema\/person\/facad66499691d7986ce0d727cd80347"},"headline":"Nordic Climate Group f\u00f6rv\u00e4rvar Perfect Temperature Group","datePublished":"2021-12-22T09:25:00+00:00","dateModified":"2025-03-31T09:25:48+00:00","mainEntityOfPage":{"@id":"https:\/\/www.nordicclimategroup.se\/dotterbolag\/nyhetsrum\/nyheter\/forvarv\/nordic-climate-group-forvarvar-perfect-temperature-group\/"},"wordCount":486,"commentCount":0,"publisher":{"@id":"https:\/\/www.nordicclimategroup.se\/dotterbolag\/#organization"},"articleSection":["F\u00f6rv\u00e4rv"],"inLanguage":"sv-SE","potentialAction":[{"@type":"CommentAction","name":"Comment","target":["https:\/\/www.nordicclimategroup.se\/dotterbolag\/nyhetsrum\/nyheter\/forvarv\/nordic-climate-group-forvarvar-perfect-temperature-group\/#respond"]}]},{"@type":"WebPage","@id":"https:\/\/www.nordicclimategroup.se\/dotterbolag\/nyhetsrum\/nyheter\/forvarv\/nordic-climate-group-forvarvar-perfect-temperature-group\/","url":"https:\/\/www.nordicclimategroup.se\/dotterbolag\/nyhetsrum\/nyheter\/forvarv\/nordic-climate-group-forvarvar-perfect-temperature-group\/","name":"Nordic Climate Group f\u00f6rv\u00e4rvar Perfect Temperature Group - Dotterbolag","isPartOf":{"@id":"https:\/\/www.nordicclimategroup.se\/dotterbolag\/#website"},"datePublished":"2021-12-22T09:25:00+00:00","dateModified":"2025-03-31T09:25:48+00:00","inLanguage":"sv-SE","potentialAction":[{"@type":"ReadAction","target":["https:\/\/www.nordicclimategroup.se\/dotterbolag\/nyhetsrum\/nyheter\/forvarv\/nordic-climate-group-forvarvar-perfect-temperature-group\/"]}]},{"@type":"WebSite","@id":"https:\/\/www.nordicclimategroup.se\/dotterbolag\/#website","url":"https:\/\/www.nordicclimategroup.se\/dotterbolag\/","name":"Dotterbolag","description":"","publisher":{"@id":"https:\/\/www.nordicclimategroup.se\/dotterbolag\/#organization"},"potentialAction":[{"@type":"SearchAction","target":{"@type":"EntryPoint","urlTemplate":"https:\/\/www.nordicclimategroup.se\/dotterbolag\/?s={search_term_string}"},"query-input":{"@type":"PropertyValueSpecification","valueRequired":true,"valueName":"search_term_string"}}],"inLanguage":"sv-SE"},{"@type":"Organization","@id":"https:\/\/www.nordicclimategroup.se\/dotterbolag\/#organization","name":"Dotterbolag","url":"https:\/\/www.nordicclimategroup.se\/dotterbolag\/","logo":{"@type":"ImageObject","inLanguage":"sv-SE","@id":"https:\/\/www.nordicclimategroup.se\/dotterbolag\/#\/schema\/logo\/image\/","url":"https:\/\/www.nordicclimategroup.se\/dotterbolag\/wp-content\/uploads\/sites\/3\/2024\/02\/NCG-LOGO.svg","contentUrl":"https:\/\/www.nordicclimategroup.se\/dotterbolag\/wp-content\/uploads\/sites\/3\/2024\/02\/NCG-LOGO.svg","caption":"Dotterbolag"},"image":{"@id":"https:\/\/www.nordicclimategroup.se\/dotterbolag\/#\/schema\/logo\/image\/"}},{"@type":"Person","@id":"https:\/\/www.nordicclimategroup.se\/dotterbolag\/#\/schema\/person\/facad66499691d7986ce0d727cd80347","name":"admin","image":{"@type":"ImageObject","inLanguage":"sv-SE","@id":"https:\/\/www.nordicclimategroup.se\/dotterbolag\/#\/schema\/person\/image\/","url":"https:\/\/secure.gravatar.com\/avatar\/04bb6f505c842e525adc7c63df6c0b599b63fe7fde089987dbab6e0bcf6882b3?s=96&d=mm&r=g","contentUrl":"https:\/\/secure.gravatar.com\/avatar\/04bb6f505c842e525adc7c63df6c0b599b63fe7fde089987dbab6e0bcf6882b3?s=96&d=mm&r=g","caption":"admin"},"sameAs":["https:\/\/designteamet.se"],"url":"https:\/\/www.nordicclimategroup.se\/dotterbolag\/nyhetsrum\/nyheter\/author\/designteamet\/"}]}},"_links":{"self":[{"href":"https:\/\/www.nordicclimategroup.se\/dotterbolag\/wp-json\/wp\/v2\/posts\/6863","targetHints":{"allow":["GET"]}}],"collection":[{"href":"https:\/\/www.nordicclimategroup.se\/dotterbolag\/wp-json\/wp\/v2\/posts"}],"about":[{"href":"https:\/\/www.nordicclimategroup.se\/dotterbolag\/wp-json\/wp\/v2\/types\/post"}],"author":[{"embeddable":true,"href":"https:\/\/www.nordicclimategroup.se\/dotterbolag\/wp-json\/wp\/v2\/users\/1"}],"replies":[{"embeddable":true,"href":"https:\/\/www.nordicclimategroup.se\/dotterbolag\/wp-json\/wp\/v2\/comments?post=6863"}],"version-history":[{"count":1,"href":"https:\/\/www.nordicclimategroup.se\/dotterbolag\/wp-json\/wp\/v2\/posts\/6863\/revisions"}],"predecessor-version":[{"id":6864,"href":"https:\/\/www.nordicclimategroup.se\/dotterbolag\/wp-json\/wp\/v2\/posts\/6863\/revisions\/6864"}],"wp:attachment":[{"href":"https:\/\/www.nordicclimategroup.se\/dotterbolag\/wp-json\/wp\/v2\/media?parent=6863"}],"wp:term":[{"taxonomy":"category","embeddable":true,"href":"https:\/\/www.nordicclimategroup.se\/dotterbolag\/wp-json\/wp\/v2\/categories?post=6863"},{"taxonomy":"post_tag","embeddable":true,"href":"https:\/\/www.nordicclimategroup.se\/dotterbolag\/wp-json\/wp\/v2\/tags?post=6863"}],"curies":[{"name":"wp","href":"https:\/\/api.w.org\/{rel}","templated":true}]}}