{"id":6618,"date":"2022-04-11T08:22:00","date_gmt":"2022-04-11T08:22:00","guid":{"rendered":"https:\/\/server03.blackpixel.se\/~designteamet\/?p=6618"},"modified":"2025-03-28T08:35:01","modified_gmt":"2025-03-28T08:35:01","slug":"karlstad-kylkonsult-ab-ansluter-till-nordic-climate-group","status":"publish","type":"post","link":"https:\/\/www.nordicclimategroup.se\/dotterbolag\/nyhetsrum\/nyheter\/forvarv\/karlstad-kylkonsult-ab-ansluter-till-nordic-climate-group\/","title":{"rendered":"Karlstad Kylkonsult AB ansluter till Nordic Climate Group"},"content":{"rendered":"\n<div style=\"height:50px\" aria-hidden=\"true\" class=\"wp-block-spacer\"><\/div>\n\n\n\n<p><em>\u201dAtt ta detta steg nu k\u00e4nns helt naturligt s\u00e4ger Bj\u00f6rn Andersson, VD f\u00f6r Karlstad Kylkonsult AB.&nbsp;<\/em><\/p>\n\n\n\n<p><em>Vi har sedan omstarten 2017 haft en enorm efterfr\u00e5gan p\u00e5 v\u00e5ra tj\u00e4nster vilket stundtals varit en belastning f\u00f6r v\u00e5r organisation. Att nu kunna ta del av synergieffekterna inom gruppen m\u00f6jligg\u00f6r f\u00f6r oss att \u00e5ta oss fler uppdrag som vi tidigare varit tvungna att tacka nej till. Nu kan vi driva branschens omvandling och erbjuda tekniska l\u00f6sningar fr\u00e5n projektering till f\u00e4rdig anl\u00e4ggning, underh\u00e5ll och service. Lokalt kommer kunderna att k\u00e4nna igen oss med samma varum\u00e4rke, samma tekniker men med helt andra resurser. F\u00f6r oss \u00e4r samarbetet inom Nordic Climate Group ett stort steg fram\u00e5t. Nu \u00f6kar vi v\u00e5ra m\u00f6jligheter att st\u00e4rka v\u00e5r kompetens och konkurrenskraft.\u201d<\/em><\/p>\n\n\n\n<p>Grunden i Nordic Climate Groups verksamheten \u00e4r en stark lokal marknadsposition Det inneb\u00e4r att de bolag som ing\u00e5r i Nordic Climate Group jobbar vidare med sitt lokala varum\u00e4rke, tidigare \u00e4gare kvarst\u00e5r i sina roller och nuvarande verksamhet inkl. kunduppdragen prioriteras. Gruppens styrka byggs genom att bolagen tillsammans blir konkurrenskraftigare genom ink\u00f6p, utbildning, teknisk utveckling och gemensam marknadskommunikation. F\u00f6r kunderna blir Karlstad Kylkonsult som en del av Nordic Climate Group en rikst\u00e4ckande partner med bredare utbud och djupare kunskap.<\/p>\n\n\n\n<p>Nordic Climate Group bildades 2021 och har som m\u00e5l \u00e4r att skapa en stark och framtr\u00e4dande akt\u00f6r inom projektering, installation och service av kyla och v\u00e4rme med kringtj\u00e4nster p\u00e5 den svenska marknaden. Redan idag finns Nordic Climate Group p\u00e5 40 orter i Sverige och Norge. Tillsammans oms\u00e4tter gruppen cirka 2,2 miljarder SEK och har ca 800 medarbetare.<\/p>\n\n\n\n<div style=\"height:50px\" aria-hidden=\"true\" class=\"wp-block-spacer\"><\/div>\n\n\n\n<p><em><br><\/em><strong>F\u00f6r mer information, v\u00e4nligen kontakta<\/strong><\/p>\n\n\n\n<p>Bj\u00f6rn Andersson, VD, Karlstad Kylkonsult AB, tel 070-386 35 35<\/p>\n\n\n\n<p>Mats \u00c5str\u00f6m, tf VD, Nordic Climate Group AB, tel 072-050 22 44<\/p>\n\n\n\n<p><em>Karlstad Kylkonsult AB med s\u00e4te i Karlstad startade 1992, \u00f6vertogs i nuvarande regi 2017.&nbsp;<\/em><br><em>Bolaget har 6st anst\u00e4llda.<\/em><\/p>\n","protected":false},"excerpt":{"rendered":"<p>Karlstad Kylkonsults lokala marknad f\u00f6r kylinstallationer och energieffektiva tekniska l\u00f6sningar \u00f6kar i takt med samh\u00e4llets allt tydligare h\u00e5llbarhetsfokus. F\u00f6r att kunna m\u00f6ta den lokala efterfr\u00e5gan p\u00e5 f\u00f6retagets tj\u00e4nster \u00e4r en anslutning till Nordic Climate Group ett naturligt val f\u00f6r Karlstad Kylkonsult AB. Nordic Climate Group har ett tydligt fokus p\u00e5 h\u00e5llbara klimatl\u00f6sningar med energieffektivitet och naturliga k\u00f6ldmedier i centrum.<\/p>\n","protected":false},"author":1,"featured_media":6620,"comment_status":"open","ping_status":"open","sticky":false,"template":"","format":"standard","meta":{"_acf_changed":false,"footnotes":""},"categories":[10],"tags":[],"class_list":["post-6618","post","type-post","status-publish","format-standard","has-post-thumbnail","hentry","category-forvarv"],"acf":[],"yoast_head":"<!-- This site is optimized with the Yoast SEO plugin v25.4 - https:\/\/yoast.com\/wordpress\/plugins\/seo\/ -->\n<title>Karlstad Kylkonsult AB ansluter till Nordic Climate Group - Dotterbolag<\/title>\n<meta name=\"robots\" content=\"noindex, follow, max-snippet:-1, max-image-preview:large, max-video-preview:-1\" \/>\n<meta property=\"og:locale\" content=\"sv_SE\" \/>\n<meta property=\"og:type\" content=\"article\" \/>\n<meta property=\"og:title\" content=\"Karlstad Kylkonsult AB ansluter till Nordic Climate Group - Dotterbolag\" \/>\n<meta property=\"og:description\" content=\"Karlstad Kylkonsults lokala marknad f\u00f6r kylinstallationer och energieffektiva tekniska l\u00f6sningar \u00f6kar i takt med samh\u00e4llets allt tydligare h\u00e5llbarhetsfokus. F\u00f6r att kunna m\u00f6ta den lokala efterfr\u00e5gan p\u00e5 f\u00f6retagets tj\u00e4nster \u00e4r en anslutning till Nordic Climate Group ett naturligt val f\u00f6r Karlstad Kylkonsult AB. Nordic Climate Group har ett tydligt fokus p\u00e5 h\u00e5llbara klimatl\u00f6sningar med energieffektivitet och naturliga k\u00f6ldmedier i centrum.\" \/>\n<meta property=\"og:url\" content=\"https:\/\/www.nordicclimategroup.se\/dotterbolag\/nyhetsrum\/nyheter\/forvarv\/karlstad-kylkonsult-ab-ansluter-till-nordic-climate-group\/\" \/>\n<meta property=\"og:site_name\" content=\"Dotterbolag\" \/>\n<meta property=\"article:published_time\" content=\"2022-04-11T08:22:00+00:00\" \/>\n<meta property=\"article:modified_time\" content=\"2025-03-28T08:35:01+00:00\" \/>\n<meta property=\"og:image\" content=\"https:\/\/www.nordicclimategroup.se\/dotterbolag\/wp-content\/uploads\/sites\/3\/2025\/03\/karlstad-kylkonsult.jpg\" \/>\n\t<meta property=\"og:image:width\" content=\"1400\" \/>\n\t<meta property=\"og:image:height\" content=\"1061\" \/>\n\t<meta property=\"og:image:type\" content=\"image\/jpeg\" \/>\n<meta name=\"author\" content=\"admin\" \/>\n<meta name=\"twitter:card\" content=\"summary_large_image\" \/>\n<meta name=\"twitter:label1\" content=\"Skriven av\" \/>\n\t<meta name=\"twitter:data1\" content=\"admin\" \/>\n\t<meta name=\"twitter:label2\" content=\"Ber\u00e4knad l\u00e4stid\" \/>\n\t<meta name=\"twitter:data2\" content=\"2 minuter\" \/>\n<script type=\"application\/ld+json\" class=\"yoast-schema-graph\">{\"@context\":\"https:\/\/schema.org\",\"@graph\":[{\"@type\":\"Article\",\"@id\":\"https:\/\/www.nordicclimategroup.se\/dotterbolag\/nyhetsrum\/nyheter\/forvarv\/karlstad-kylkonsult-ab-ansluter-till-nordic-climate-group\/#article\",\"isPartOf\":{\"@id\":\"https:\/\/www.nordicclimategroup.se\/dotterbolag\/nyhetsrum\/nyheter\/forvarv\/karlstad-kylkonsult-ab-ansluter-till-nordic-climate-group\/\"},\"author\":{\"name\":\"admin\",\"@id\":\"https:\/\/www.nordicclimategroup.se\/dotterbolag\/#\/schema\/person\/facad66499691d7986ce0d727cd80347\"},\"headline\":\"Karlstad Kylkonsult AB ansluter till Nordic Climate Group\",\"datePublished\":\"2022-04-11T08:22:00+00:00\",\"dateModified\":\"2025-03-28T08:35:01+00:00\",\"mainEntityOfPage\":{\"@id\":\"https:\/\/www.nordicclimategroup.se\/dotterbolag\/nyhetsrum\/nyheter\/forvarv\/karlstad-kylkonsult-ab-ansluter-till-nordic-climate-group\/\"},\"wordCount\":343,\"commentCount\":0,\"publisher\":{\"@id\":\"https:\/\/www.nordicclimategroup.se\/dotterbolag\/#organization\"},\"image\":{\"@id\":\"https:\/\/www.nordicclimategroup.se\/dotterbolag\/nyhetsrum\/nyheter\/forvarv\/karlstad-kylkonsult-ab-ansluter-till-nordic-climate-group\/#primaryimage\"},\"thumbnailUrl\":\"https:\/\/www.nordicclimategroup.se\/dotterbolag\/wp-content\/uploads\/sites\/3\/2025\/03\/karlstad-kylkonsult.jpg\",\"articleSection\":[\"F\u00f6rv\u00e4rv\"],\"inLanguage\":\"sv-SE\",\"potentialAction\":[{\"@type\":\"CommentAction\",\"name\":\"Comment\",\"target\":[\"https:\/\/www.nordicclimategroup.se\/dotterbolag\/nyhetsrum\/nyheter\/forvarv\/karlstad-kylkonsult-ab-ansluter-till-nordic-climate-group\/#respond\"]}]},{\"@type\":\"WebPage\",\"@id\":\"https:\/\/www.nordicclimategroup.se\/dotterbolag\/nyhetsrum\/nyheter\/forvarv\/karlstad-kylkonsult-ab-ansluter-till-nordic-climate-group\/\",\"url\":\"https:\/\/www.nordicclimategroup.se\/dotterbolag\/nyhetsrum\/nyheter\/forvarv\/karlstad-kylkonsult-ab-ansluter-till-nordic-climate-group\/\",\"name\":\"Karlstad Kylkonsult AB ansluter till Nordic Climate Group - Dotterbolag\",\"isPartOf\":{\"@id\":\"https:\/\/www.nordicclimategroup.se\/dotterbolag\/#website\"},\"primaryImageOfPage\":{\"@id\":\"https:\/\/www.nordicclimategroup.se\/dotterbolag\/nyhetsrum\/nyheter\/forvarv\/karlstad-kylkonsult-ab-ansluter-till-nordic-climate-group\/#primaryimage\"},\"image\":{\"@id\":\"https:\/\/www.nordicclimategroup.se\/dotterbolag\/nyhetsrum\/nyheter\/forvarv\/karlstad-kylkonsult-ab-ansluter-till-nordic-climate-group\/#primaryimage\"},\"thumbnailUrl\":\"https:\/\/www.nordicclimategroup.se\/dotterbolag\/wp-content\/uploads\/sites\/3\/2025\/03\/karlstad-kylkonsult.jpg\",\"datePublished\":\"2022-04-11T08:22:00+00:00\",\"dateModified\":\"2025-03-28T08:35:01+00:00\",\"inLanguage\":\"sv-SE\",\"potentialAction\":[{\"@type\":\"ReadAction\",\"target\":[\"https:\/\/www.nordicclimategroup.se\/dotterbolag\/nyhetsrum\/nyheter\/forvarv\/karlstad-kylkonsult-ab-ansluter-till-nordic-climate-group\/\"]}]},{\"@type\":\"ImageObject\",\"inLanguage\":\"sv-SE\",\"@id\":\"https:\/\/www.nordicclimategroup.se\/dotterbolag\/nyhetsrum\/nyheter\/forvarv\/karlstad-kylkonsult-ab-ansluter-till-nordic-climate-group\/#primaryimage\",\"url\":\"https:\/\/www.nordicclimategroup.se\/dotterbolag\/wp-content\/uploads\/sites\/3\/2025\/03\/karlstad-kylkonsult.jpg\",\"contentUrl\":\"https:\/\/www.nordicclimategroup.se\/dotterbolag\/wp-content\/uploads\/sites\/3\/2025\/03\/karlstad-kylkonsult.jpg\",\"width\":1400,\"height\":1061},{\"@type\":\"WebSite\",\"@id\":\"https:\/\/www.nordicclimategroup.se\/dotterbolag\/#website\",\"url\":\"https:\/\/www.nordicclimategroup.se\/dotterbolag\/\",\"name\":\"Dotterbolag\",\"description\":\"\",\"publisher\":{\"@id\":\"https:\/\/www.nordicclimategroup.se\/dotterbolag\/#organization\"},\"potentialAction\":[{\"@type\":\"SearchAction\",\"target\":{\"@type\":\"EntryPoint\",\"urlTemplate\":\"https:\/\/www.nordicclimategroup.se\/dotterbolag\/?s={search_term_string}\"},\"query-input\":{\"@type\":\"PropertyValueSpecification\",\"valueRequired\":true,\"valueName\":\"search_term_string\"}}],\"inLanguage\":\"sv-SE\"},{\"@type\":\"Organization\",\"@id\":\"https:\/\/www.nordicclimategroup.se\/dotterbolag\/#organization\",\"name\":\"Dotterbolag\",\"url\":\"https:\/\/www.nordicclimategroup.se\/dotterbolag\/\",\"logo\":{\"@type\":\"ImageObject\",\"inLanguage\":\"sv-SE\",\"@id\":\"https:\/\/www.nordicclimategroup.se\/dotterbolag\/#\/schema\/logo\/image\/\",\"url\":\"https:\/\/www.nordicclimategroup.se\/dotterbolag\/wp-content\/uploads\/sites\/3\/2024\/02\/NCG-LOGO.svg\",\"contentUrl\":\"https:\/\/www.nordicclimategroup.se\/dotterbolag\/wp-content\/uploads\/sites\/3\/2024\/02\/NCG-LOGO.svg\",\"caption\":\"Dotterbolag\"},\"image\":{\"@id\":\"https:\/\/www.nordicclimategroup.se\/dotterbolag\/#\/schema\/logo\/image\/\"}},{\"@type\":\"Person\",\"@id\":\"https:\/\/www.nordicclimategroup.se\/dotterbolag\/#\/schema\/person\/facad66499691d7986ce0d727cd80347\",\"name\":\"admin\",\"image\":{\"@type\":\"ImageObject\",\"inLanguage\":\"sv-SE\",\"@id\":\"https:\/\/www.nordicclimategroup.se\/dotterbolag\/#\/schema\/person\/image\/\",\"url\":\"https:\/\/secure.gravatar.com\/avatar\/04bb6f505c842e525adc7c63df6c0b599b63fe7fde089987dbab6e0bcf6882b3?s=96&d=mm&r=g\",\"contentUrl\":\"https:\/\/secure.gravatar.com\/avatar\/04bb6f505c842e525adc7c63df6c0b599b63fe7fde089987dbab6e0bcf6882b3?s=96&d=mm&r=g\",\"caption\":\"admin\"},\"sameAs\":[\"https:\/\/designteamet.se\"],\"url\":\"https:\/\/www.nordicclimategroup.se\/dotterbolag\/nyhetsrum\/nyheter\/author\/designteamet\/\"}]}<\/script>\n<!-- \/ Yoast SEO plugin. -->","yoast_head_json":{"title":"Karlstad Kylkonsult AB ansluter till Nordic Climate Group - Dotterbolag","robots":{"index":"noindex","follow":"follow","max-snippet":"max-snippet:-1","max-image-preview":"max-image-preview:large","max-video-preview":"max-video-preview:-1"},"og_locale":"sv_SE","og_type":"article","og_title":"Karlstad Kylkonsult AB ansluter till Nordic Climate Group - Dotterbolag","og_description":"Karlstad Kylkonsults lokala marknad f\u00f6r kylinstallationer och energieffektiva tekniska l\u00f6sningar \u00f6kar i takt med samh\u00e4llets allt tydligare h\u00e5llbarhetsfokus. F\u00f6r att kunna m\u00f6ta den lokala efterfr\u00e5gan p\u00e5 f\u00f6retagets tj\u00e4nster \u00e4r en anslutning till Nordic Climate Group ett naturligt val f\u00f6r Karlstad Kylkonsult AB. Nordic Climate Group har ett tydligt fokus p\u00e5 h\u00e5llbara klimatl\u00f6sningar med energieffektivitet och naturliga k\u00f6ldmedier i centrum.","og_url":"https:\/\/www.nordicclimategroup.se\/dotterbolag\/nyhetsrum\/nyheter\/forvarv\/karlstad-kylkonsult-ab-ansluter-till-nordic-climate-group\/","og_site_name":"Dotterbolag","article_published_time":"2022-04-11T08:22:00+00:00","article_modified_time":"2025-03-28T08:35:01+00:00","og_image":[{"width":1400,"height":1061,"url":"https:\/\/www.nordicclimategroup.se\/dotterbolag\/wp-content\/uploads\/sites\/3\/2025\/03\/karlstad-kylkonsult.jpg","type":"image\/jpeg"}],"author":"admin","twitter_card":"summary_large_image","twitter_misc":{"Skriven av":"admin","Ber\u00e4knad l\u00e4stid":"2 minuter"},"schema":{"@context":"https:\/\/schema.org","@graph":[{"@type":"Article","@id":"https:\/\/www.nordicclimategroup.se\/dotterbolag\/nyhetsrum\/nyheter\/forvarv\/karlstad-kylkonsult-ab-ansluter-till-nordic-climate-group\/#article","isPartOf":{"@id":"https:\/\/www.nordicclimategroup.se\/dotterbolag\/nyhetsrum\/nyheter\/forvarv\/karlstad-kylkonsult-ab-ansluter-till-nordic-climate-group\/"},"author":{"name":"admin","@id":"https:\/\/www.nordicclimategroup.se\/dotterbolag\/#\/schema\/person\/facad66499691d7986ce0d727cd80347"},"headline":"Karlstad Kylkonsult AB ansluter till Nordic Climate Group","datePublished":"2022-04-11T08:22:00+00:00","dateModified":"2025-03-28T08:35:01+00:00","mainEntityOfPage":{"@id":"https:\/\/www.nordicclimategroup.se\/dotterbolag\/nyhetsrum\/nyheter\/forvarv\/karlstad-kylkonsult-ab-ansluter-till-nordic-climate-group\/"},"wordCount":343,"commentCount":0,"publisher":{"@id":"https:\/\/www.nordicclimategroup.se\/dotterbolag\/#organization"},"image":{"@id":"https:\/\/www.nordicclimategroup.se\/dotterbolag\/nyhetsrum\/nyheter\/forvarv\/karlstad-kylkonsult-ab-ansluter-till-nordic-climate-group\/#primaryimage"},"thumbnailUrl":"https:\/\/www.nordicclimategroup.se\/dotterbolag\/wp-content\/uploads\/sites\/3\/2025\/03\/karlstad-kylkonsult.jpg","articleSection":["F\u00f6rv\u00e4rv"],"inLanguage":"sv-SE","potentialAction":[{"@type":"CommentAction","name":"Comment","target":["https:\/\/www.nordicclimategroup.se\/dotterbolag\/nyhetsrum\/nyheter\/forvarv\/karlstad-kylkonsult-ab-ansluter-till-nordic-climate-group\/#respond"]}]},{"@type":"WebPage","@id":"https:\/\/www.nordicclimategroup.se\/dotterbolag\/nyhetsrum\/nyheter\/forvarv\/karlstad-kylkonsult-ab-ansluter-till-nordic-climate-group\/","url":"https:\/\/www.nordicclimategroup.se\/dotterbolag\/nyhetsrum\/nyheter\/forvarv\/karlstad-kylkonsult-ab-ansluter-till-nordic-climate-group\/","name":"Karlstad Kylkonsult AB ansluter till Nordic Climate Group - Dotterbolag","isPartOf":{"@id":"https:\/\/www.nordicclimategroup.se\/dotterbolag\/#website"},"primaryImageOfPage":{"@id":"https:\/\/www.nordicclimategroup.se\/dotterbolag\/nyhetsrum\/nyheter\/forvarv\/karlstad-kylkonsult-ab-ansluter-till-nordic-climate-group\/#primaryimage"},"image":{"@id":"https:\/\/www.nordicclimategroup.se\/dotterbolag\/nyhetsrum\/nyheter\/forvarv\/karlstad-kylkonsult-ab-ansluter-till-nordic-climate-group\/#primaryimage"},"thumbnailUrl":"https:\/\/www.nordicclimategroup.se\/dotterbolag\/wp-content\/uploads\/sites\/3\/2025\/03\/karlstad-kylkonsult.jpg","datePublished":"2022-04-11T08:22:00+00:00","dateModified":"2025-03-28T08:35:01+00:00","inLanguage":"sv-SE","potentialAction":[{"@type":"ReadAction","target":["https:\/\/www.nordicclimategroup.se\/dotterbolag\/nyhetsrum\/nyheter\/forvarv\/karlstad-kylkonsult-ab-ansluter-till-nordic-climate-group\/"]}]},{"@type":"ImageObject","inLanguage":"sv-SE","@id":"https:\/\/www.nordicclimategroup.se\/dotterbolag\/nyhetsrum\/nyheter\/forvarv\/karlstad-kylkonsult-ab-ansluter-till-nordic-climate-group\/#primaryimage","url":"https:\/\/www.nordicclimategroup.se\/dotterbolag\/wp-content\/uploads\/sites\/3\/2025\/03\/karlstad-kylkonsult.jpg","contentUrl":"https:\/\/www.nordicclimategroup.se\/dotterbolag\/wp-content\/uploads\/sites\/3\/2025\/03\/karlstad-kylkonsult.jpg","width":1400,"height":1061},{"@type":"WebSite","@id":"https:\/\/www.nordicclimategroup.se\/dotterbolag\/#website","url":"https:\/\/www.nordicclimategroup.se\/dotterbolag\/","name":"Dotterbolag","description":"","publisher":{"@id":"https:\/\/www.nordicclimategroup.se\/dotterbolag\/#organization"},"potentialAction":[{"@type":"SearchAction","target":{"@type":"EntryPoint","urlTemplate":"https:\/\/www.nordicclimategroup.se\/dotterbolag\/?s={search_term_string}"},"query-input":{"@type":"PropertyValueSpecification","valueRequired":true,"valueName":"search_term_string"}}],"inLanguage":"sv-SE"},{"@type":"Organization","@id":"https:\/\/www.nordicclimategroup.se\/dotterbolag\/#organization","name":"Dotterbolag","url":"https:\/\/www.nordicclimategroup.se\/dotterbolag\/","logo":{"@type":"ImageObject","inLanguage":"sv-SE","@id":"https:\/\/www.nordicclimategroup.se\/dotterbolag\/#\/schema\/logo\/image\/","url":"https:\/\/www.nordicclimategroup.se\/dotterbolag\/wp-content\/uploads\/sites\/3\/2024\/02\/NCG-LOGO.svg","contentUrl":"https:\/\/www.nordicclimategroup.se\/dotterbolag\/wp-content\/uploads\/sites\/3\/2024\/02\/NCG-LOGO.svg","caption":"Dotterbolag"},"image":{"@id":"https:\/\/www.nordicclimategroup.se\/dotterbolag\/#\/schema\/logo\/image\/"}},{"@type":"Person","@id":"https:\/\/www.nordicclimategroup.se\/dotterbolag\/#\/schema\/person\/facad66499691d7986ce0d727cd80347","name":"admin","image":{"@type":"ImageObject","inLanguage":"sv-SE","@id":"https:\/\/www.nordicclimategroup.se\/dotterbolag\/#\/schema\/person\/image\/","url":"https:\/\/secure.gravatar.com\/avatar\/04bb6f505c842e525adc7c63df6c0b599b63fe7fde089987dbab6e0bcf6882b3?s=96&d=mm&r=g","contentUrl":"https:\/\/secure.gravatar.com\/avatar\/04bb6f505c842e525adc7c63df6c0b599b63fe7fde089987dbab6e0bcf6882b3?s=96&d=mm&r=g","caption":"admin"},"sameAs":["https:\/\/designteamet.se"],"url":"https:\/\/www.nordicclimategroup.se\/dotterbolag\/nyhetsrum\/nyheter\/author\/designteamet\/"}]}},"_links":{"self":[{"href":"https:\/\/www.nordicclimategroup.se\/dotterbolag\/wp-json\/wp\/v2\/posts\/6618","targetHints":{"allow":["GET"]}}],"collection":[{"href":"https:\/\/www.nordicclimategroup.se\/dotterbolag\/wp-json\/wp\/v2\/posts"}],"about":[{"href":"https:\/\/www.nordicclimategroup.se\/dotterbolag\/wp-json\/wp\/v2\/types\/post"}],"author":[{"embeddable":true,"href":"https:\/\/www.nordicclimategroup.se\/dotterbolag\/wp-json\/wp\/v2\/users\/1"}],"replies":[{"embeddable":true,"href":"https:\/\/www.nordicclimategroup.se\/dotterbolag\/wp-json\/wp\/v2\/comments?post=6618"}],"version-history":[{"count":1,"href":"https:\/\/www.nordicclimategroup.se\/dotterbolag\/wp-json\/wp\/v2\/posts\/6618\/revisions"}],"predecessor-version":[{"id":6621,"href":"https:\/\/www.nordicclimategroup.se\/dotterbolag\/wp-json\/wp\/v2\/posts\/6618\/revisions\/6621"}],"wp:featuredmedia":[{"embeddable":true,"href":"https:\/\/www.nordicclimategroup.se\/dotterbolag\/wp-json\/wp\/v2\/media\/6620"}],"wp:attachment":[{"href":"https:\/\/www.nordicclimategroup.se\/dotterbolag\/wp-json\/wp\/v2\/media?parent=6618"}],"wp:term":[{"taxonomy":"category","embeddable":true,"href":"https:\/\/www.nordicclimategroup.se\/dotterbolag\/wp-json\/wp\/v2\/categories?post=6618"},{"taxonomy":"post_tag","embeddable":true,"href":"https:\/\/www.nordicclimategroup.se\/dotterbolag\/wp-json\/wp\/v2\/tags?post=6618"}],"curies":[{"name":"wp","href":"https:\/\/api.w.org\/{rel}","templated":true}]}}