{"id":6460,"date":"2023-01-12T14:31:00","date_gmt":"2023-01-12T14:31:00","guid":{"rendered":"https:\/\/server03.blackpixel.se\/~designteamet\/?p=6460"},"modified":"2025-03-26T14:38:33","modified_gmt":"2025-03-26T14:38:33","slug":"nordic-climate-group-forvarvar-ytterligare-kylforetag-i-finland","status":"publish","type":"post","link":"https:\/\/www.nordicclimategroup.se\/dotterbolag\/nyhetsrum\/nyheter\/forvarv\/nordic-climate-group-forvarvar-ytterligare-kylforetag-i-finland\/","title":{"rendered":"Nordic Climate Group f\u00f6rv\u00e4rvar ytterligare kylf\u00f6retag i Finland"},"content":{"rendered":"\n<p>Det av Nordic Climate Group \u00e4gda&nbsp; bolaget MV-J\u00e4\u00e4hdytys, som fokuserar p\u00e5 kylteknik och professionell k\u00f6ksutrustning, har f\u00f6rv\u00e4rvat Konehuolto Jorma Heikkonen. D\u00e4rmed har man f\u00f6rst\u00e4rkt positionen i Finland och erbjudandet inom installationer och service f\u00f6r luftv\u00e4rmepumpar p\u00e5 konsumentmarknaden i Nyland och Kanta-Tavastland. F\u00f6rv\u00e4rvet som skedde den 30 december 2022 f\u00f6ljer MV-J\u00e4\u00e4hdytys strategi och tillv\u00e4xt.<\/p>\n\n\n\n<p>&#8211; Konehuolto Jorma Heikkonen har gott renomm\u00e9, h\u00f6g kvalitet och n\u00f6jda kunder. Genom f\u00f6rv\u00e4rvet kommer vi komplettera v\u00e5r verksamhet med gedigen kunskap inom installation och underh\u00e5ll av luftv\u00e4rmepumpar f\u00f6r privatkunder, s\u00e4ger Ilpo M\u00e4kel\u00e4, VD MV-J\u00e4\u00e4hdytys. Tillsammans kan vi m\u00f6ta den starka efterfr\u00e5gan, forts\u00e4tter Ilpo M\u00e4kel\u00e4.<\/p>\n\n\n\n<p>MV-J\u00e4\u00e4hdytys Oy tillhandah\u00e5ller underh\u00e5lls- och entreprenadtj\u00e4nster i hela Finland med 50 \u00e5rs erfarenhet. F\u00f6retagets gedigna kompetens t\u00e4cker all utrustning fr\u00e5n uppv\u00e4rmning och kylning av fastigheter till professionell k\u00f6ksutrustning.<\/p>\n\n\n\n<p>Nordic Climate Groups fokus \u00e4r att hj\u00e4lpa sina kunder att minimera klimatavtrycket och maximera energieffektiviteten. Planen \u00e4r att forts\u00e4tta bygga ett ledande bolag i norra Europa med stark tillv\u00e4xt b\u00e5de organiskt och genom ytterligare f\u00f6rv\u00e4rv. Vi \u00e4r \u00f6vertygade om att v\u00e5r framg\u00e5ng bygger p\u00e5 entrepren\u00f6rskraft, decentraliserade verksamhetsenheter med samarbeten inom aff\u00e4rer\/upphandlingar, personalutbildning och delande av tekniskt kunnande.<\/p>\n\n\n\n<div style=\"height:50px\" aria-hidden=\"true\" class=\"wp-block-spacer\"><\/div>\n\n\n\n<p><strong>F\u00f6r mer information v\u00e4nligen kontakta<\/strong><\/p>\n\n\n\n<p>Fredrik Gren, VD Nordic Climate Group<br>Tel +46&nbsp;705 116499<br><a href=\"mailto:fredrik.gren@nordicclimategroup.se\">fredrik.gren@nordicclimategroup.se<\/a><\/p>\n\n\n\n<p>Ilpo M\u00e4kela, VD MV-J\u00e4\u00e4hdytys<br>Tel + 358 50&nbsp;408 83 08<br>&nbsp;<a href=\"mailto:ilpo.makela@mv-jaahdytys.fi\">ilpo.makela@mv-jaahdytys.fi<\/a><\/p>\n\n\n\n<div style=\"height:50px\" aria-hidden=\"true\" class=\"wp-block-spacer\"><\/div>\n\n\n\n<p>Pressmeddelande svenska <\/p>\n\n\n\n<div class=\"wp-block-file\"><a id=\"wp-block-file--media-e825e98b-4232-4d86-b86b-100aebe37aa5\" href=\"https:\/\/server03.blackpixel.se\/~designteamet\/wp-content\/uploads\/sites\/3\/2025\/03\/pressmeddelandesv.pdf\" target=\"_blank\" rel=\"noreferrer noopener\">pressmeddelandesv<\/a><a href=\"https:\/\/server03.blackpixel.se\/~designteamet\/wp-content\/uploads\/sites\/3\/2025\/03\/pressmeddelandesv.pdf\" class=\"wp-block-file__button wp-element-button\" download aria-describedby=\"wp-block-file--media-e825e98b-4232-4d86-b86b-100aebe37aa5\">Ladda ner<\/a><\/div>\n\n\n\n<p>Pressmeddelande engelska <\/p>\n\n\n\n<div class=\"wp-block-file\"><a id=\"wp-block-file--media-801fadf8-3f83-4625-8a4f-8e00b2939303\" href=\"https:\/\/server03.blackpixel.se\/~designteamet\/wp-content\/uploads\/sites\/3\/2025\/03\/pressrelease.pdf\">pressrelease<\/a><a href=\"https:\/\/server03.blackpixel.se\/~designteamet\/wp-content\/uploads\/sites\/3\/2025\/03\/pressrelease.pdf\" class=\"wp-block-file__button wp-element-button\" download aria-describedby=\"wp-block-file--media-801fadf8-3f83-4625-8a4f-8e00b2939303\">Ladda ner<\/a><\/div>\n\n\n\n<p><\/p>\n","protected":false},"excerpt":{"rendered":"<p>Vi v\u00e4lkomnar Konehuolto Jorma Heikkonen till gruppen och etablerar ytterligare en verksamhet i Finland.<\/p>\n","protected":false},"author":1,"featured_media":6463,"comment_status":"open","ping_status":"open","sticky":false,"template":"","format":"standard","meta":{"_acf_changed":false,"footnotes":""},"categories":[10],"tags":[],"class_list":["post-6460","post","type-post","status-publish","format-standard","has-post-thumbnail","hentry","category-forvarv"],"acf":[],"yoast_head":"<!-- This site is optimized with the Yoast SEO plugin v25.4 - https:\/\/yoast.com\/wordpress\/plugins\/seo\/ -->\n<title>Nordic Climate Group f\u00f6rv\u00e4rvar ytterligare kylf\u00f6retag i Finland - Dotterbolag<\/title>\n<meta name=\"robots\" content=\"noindex, follow, max-snippet:-1, max-image-preview:large, max-video-preview:-1\" \/>\n<meta property=\"og:locale\" content=\"sv_SE\" \/>\n<meta property=\"og:type\" content=\"article\" \/>\n<meta property=\"og:title\" content=\"Nordic Climate Group f\u00f6rv\u00e4rvar ytterligare kylf\u00f6retag i Finland - Dotterbolag\" \/>\n<meta property=\"og:description\" content=\"Vi v\u00e4lkomnar Konehuolto Jorma Heikkonen till gruppen och etablerar ytterligare en verksamhet i Finland.\" \/>\n<meta property=\"og:url\" content=\"https:\/\/www.nordicclimategroup.se\/dotterbolag\/nyhetsrum\/nyheter\/forvarv\/nordic-climate-group-forvarvar-ytterligare-kylforetag-i-finland\/\" \/>\n<meta property=\"og:site_name\" content=\"Dotterbolag\" \/>\n<meta property=\"article:published_time\" content=\"2023-01-12T14:31:00+00:00\" \/>\n<meta property=\"article:modified_time\" content=\"2025-03-26T14:38:33+00:00\" \/>\n<meta property=\"og:image\" content=\"https:\/\/www.nordicclimategroup.se\/dotterbolag\/wp-content\/uploads\/sites\/3\/2025\/03\/finlandmv.png\" \/>\n\t<meta property=\"og:image:width\" content=\"590\" \/>\n\t<meta property=\"og:image:height\" content=\"590\" \/>\n\t<meta property=\"og:image:type\" content=\"image\/png\" \/>\n<meta name=\"author\" content=\"admin\" \/>\n<meta name=\"twitter:card\" content=\"summary_large_image\" \/>\n<meta name=\"twitter:label1\" content=\"Skriven av\" \/>\n\t<meta name=\"twitter:data1\" content=\"admin\" \/>\n\t<meta name=\"twitter:label2\" content=\"Ber\u00e4knad l\u00e4stid\" \/>\n\t<meta name=\"twitter:data2\" content=\"2 minuter\" \/>\n<script type=\"application\/ld+json\" class=\"yoast-schema-graph\">{\"@context\":\"https:\/\/schema.org\",\"@graph\":[{\"@type\":\"Article\",\"@id\":\"https:\/\/www.nordicclimategroup.se\/dotterbolag\/nyhetsrum\/nyheter\/forvarv\/nordic-climate-group-forvarvar-ytterligare-kylforetag-i-finland\/#article\",\"isPartOf\":{\"@id\":\"https:\/\/www.nordicclimategroup.se\/dotterbolag\/nyhetsrum\/nyheter\/forvarv\/nordic-climate-group-forvarvar-ytterligare-kylforetag-i-finland\/\"},\"author\":{\"name\":\"admin\",\"@id\":\"https:\/\/www.nordicclimategroup.se\/dotterbolag\/#\/schema\/person\/facad66499691d7986ce0d727cd80347\"},\"headline\":\"Nordic Climate Group f\u00f6rv\u00e4rvar ytterligare kylf\u00f6retag i Finland\",\"datePublished\":\"2023-01-12T14:31:00+00:00\",\"dateModified\":\"2025-03-26T14:38:33+00:00\",\"mainEntityOfPage\":{\"@id\":\"https:\/\/www.nordicclimategroup.se\/dotterbolag\/nyhetsrum\/nyheter\/forvarv\/nordic-climate-group-forvarvar-ytterligare-kylforetag-i-finland\/\"},\"wordCount\":281,\"commentCount\":0,\"publisher\":{\"@id\":\"https:\/\/www.nordicclimategroup.se\/dotterbolag\/#organization\"},\"image\":{\"@id\":\"https:\/\/www.nordicclimategroup.se\/dotterbolag\/nyhetsrum\/nyheter\/forvarv\/nordic-climate-group-forvarvar-ytterligare-kylforetag-i-finland\/#primaryimage\"},\"thumbnailUrl\":\"https:\/\/www.nordicclimategroup.se\/dotterbolag\/wp-content\/uploads\/sites\/3\/2025\/03\/finlandmv.png\",\"articleSection\":[\"F\u00f6rv\u00e4rv\"],\"inLanguage\":\"sv-SE\",\"potentialAction\":[{\"@type\":\"CommentAction\",\"name\":\"Comment\",\"target\":[\"https:\/\/www.nordicclimategroup.se\/dotterbolag\/nyhetsrum\/nyheter\/forvarv\/nordic-climate-group-forvarvar-ytterligare-kylforetag-i-finland\/#respond\"]}]},{\"@type\":\"WebPage\",\"@id\":\"https:\/\/www.nordicclimategroup.se\/dotterbolag\/nyhetsrum\/nyheter\/forvarv\/nordic-climate-group-forvarvar-ytterligare-kylforetag-i-finland\/\",\"url\":\"https:\/\/www.nordicclimategroup.se\/dotterbolag\/nyhetsrum\/nyheter\/forvarv\/nordic-climate-group-forvarvar-ytterligare-kylforetag-i-finland\/\",\"name\":\"Nordic Climate Group f\u00f6rv\u00e4rvar ytterligare kylf\u00f6retag i Finland - Dotterbolag\",\"isPartOf\":{\"@id\":\"https:\/\/www.nordicclimategroup.se\/dotterbolag\/#website\"},\"primaryImageOfPage\":{\"@id\":\"https:\/\/www.nordicclimategroup.se\/dotterbolag\/nyhetsrum\/nyheter\/forvarv\/nordic-climate-group-forvarvar-ytterligare-kylforetag-i-finland\/#primaryimage\"},\"image\":{\"@id\":\"https:\/\/www.nordicclimategroup.se\/dotterbolag\/nyhetsrum\/nyheter\/forvarv\/nordic-climate-group-forvarvar-ytterligare-kylforetag-i-finland\/#primaryimage\"},\"thumbnailUrl\":\"https:\/\/www.nordicclimategroup.se\/dotterbolag\/wp-content\/uploads\/sites\/3\/2025\/03\/finlandmv.png\",\"datePublished\":\"2023-01-12T14:31:00+00:00\",\"dateModified\":\"2025-03-26T14:38:33+00:00\",\"inLanguage\":\"sv-SE\",\"potentialAction\":[{\"@type\":\"ReadAction\",\"target\":[\"https:\/\/www.nordicclimategroup.se\/dotterbolag\/nyhetsrum\/nyheter\/forvarv\/nordic-climate-group-forvarvar-ytterligare-kylforetag-i-finland\/\"]}]},{\"@type\":\"ImageObject\",\"inLanguage\":\"sv-SE\",\"@id\":\"https:\/\/www.nordicclimategroup.se\/dotterbolag\/nyhetsrum\/nyheter\/forvarv\/nordic-climate-group-forvarvar-ytterligare-kylforetag-i-finland\/#primaryimage\",\"url\":\"https:\/\/www.nordicclimategroup.se\/dotterbolag\/wp-content\/uploads\/sites\/3\/2025\/03\/finlandmv.png\",\"contentUrl\":\"https:\/\/www.nordicclimategroup.se\/dotterbolag\/wp-content\/uploads\/sites\/3\/2025\/03\/finlandmv.png\",\"width\":590,\"height\":590},{\"@type\":\"WebSite\",\"@id\":\"https:\/\/www.nordicclimategroup.se\/dotterbolag\/#website\",\"url\":\"https:\/\/www.nordicclimategroup.se\/dotterbolag\/\",\"name\":\"Dotterbolag\",\"description\":\"\",\"publisher\":{\"@id\":\"https:\/\/www.nordicclimategroup.se\/dotterbolag\/#organization\"},\"potentialAction\":[{\"@type\":\"SearchAction\",\"target\":{\"@type\":\"EntryPoint\",\"urlTemplate\":\"https:\/\/www.nordicclimategroup.se\/dotterbolag\/?s={search_term_string}\"},\"query-input\":{\"@type\":\"PropertyValueSpecification\",\"valueRequired\":true,\"valueName\":\"search_term_string\"}}],\"inLanguage\":\"sv-SE\"},{\"@type\":\"Organization\",\"@id\":\"https:\/\/www.nordicclimategroup.se\/dotterbolag\/#organization\",\"name\":\"Dotterbolag\",\"url\":\"https:\/\/www.nordicclimategroup.se\/dotterbolag\/\",\"logo\":{\"@type\":\"ImageObject\",\"inLanguage\":\"sv-SE\",\"@id\":\"https:\/\/www.nordicclimategroup.se\/dotterbolag\/#\/schema\/logo\/image\/\",\"url\":\"https:\/\/www.nordicclimategroup.se\/dotterbolag\/wp-content\/uploads\/sites\/3\/2024\/02\/NCG-LOGO.svg\",\"contentUrl\":\"https:\/\/www.nordicclimategroup.se\/dotterbolag\/wp-content\/uploads\/sites\/3\/2024\/02\/NCG-LOGO.svg\",\"caption\":\"Dotterbolag\"},\"image\":{\"@id\":\"https:\/\/www.nordicclimategroup.se\/dotterbolag\/#\/schema\/logo\/image\/\"}},{\"@type\":\"Person\",\"@id\":\"https:\/\/www.nordicclimategroup.se\/dotterbolag\/#\/schema\/person\/facad66499691d7986ce0d727cd80347\",\"name\":\"admin\",\"image\":{\"@type\":\"ImageObject\",\"inLanguage\":\"sv-SE\",\"@id\":\"https:\/\/www.nordicclimategroup.se\/dotterbolag\/#\/schema\/person\/image\/\",\"url\":\"https:\/\/secure.gravatar.com\/avatar\/04bb6f505c842e525adc7c63df6c0b599b63fe7fde089987dbab6e0bcf6882b3?s=96&d=mm&r=g\",\"contentUrl\":\"https:\/\/secure.gravatar.com\/avatar\/04bb6f505c842e525adc7c63df6c0b599b63fe7fde089987dbab6e0bcf6882b3?s=96&d=mm&r=g\",\"caption\":\"admin\"},\"sameAs\":[\"https:\/\/designteamet.se\"],\"url\":\"https:\/\/www.nordicclimategroup.se\/dotterbolag\/nyhetsrum\/nyheter\/author\/designteamet\/\"}]}<\/script>\n<!-- \/ Yoast SEO plugin. -->","yoast_head_json":{"title":"Nordic Climate Group f\u00f6rv\u00e4rvar ytterligare kylf\u00f6retag i Finland - Dotterbolag","robots":{"index":"noindex","follow":"follow","max-snippet":"max-snippet:-1","max-image-preview":"max-image-preview:large","max-video-preview":"max-video-preview:-1"},"og_locale":"sv_SE","og_type":"article","og_title":"Nordic Climate Group f\u00f6rv\u00e4rvar ytterligare kylf\u00f6retag i Finland - Dotterbolag","og_description":"Vi v\u00e4lkomnar Konehuolto Jorma Heikkonen till gruppen och etablerar ytterligare en verksamhet i Finland.","og_url":"https:\/\/www.nordicclimategroup.se\/dotterbolag\/nyhetsrum\/nyheter\/forvarv\/nordic-climate-group-forvarvar-ytterligare-kylforetag-i-finland\/","og_site_name":"Dotterbolag","article_published_time":"2023-01-12T14:31:00+00:00","article_modified_time":"2025-03-26T14:38:33+00:00","og_image":[{"width":590,"height":590,"url":"https:\/\/www.nordicclimategroup.se\/dotterbolag\/wp-content\/uploads\/sites\/3\/2025\/03\/finlandmv.png","type":"image\/png"}],"author":"admin","twitter_card":"summary_large_image","twitter_misc":{"Skriven av":"admin","Ber\u00e4knad l\u00e4stid":"2 minuter"},"schema":{"@context":"https:\/\/schema.org","@graph":[{"@type":"Article","@id":"https:\/\/www.nordicclimategroup.se\/dotterbolag\/nyhetsrum\/nyheter\/forvarv\/nordic-climate-group-forvarvar-ytterligare-kylforetag-i-finland\/#article","isPartOf":{"@id":"https:\/\/www.nordicclimategroup.se\/dotterbolag\/nyhetsrum\/nyheter\/forvarv\/nordic-climate-group-forvarvar-ytterligare-kylforetag-i-finland\/"},"author":{"name":"admin","@id":"https:\/\/www.nordicclimategroup.se\/dotterbolag\/#\/schema\/person\/facad66499691d7986ce0d727cd80347"},"headline":"Nordic Climate Group f\u00f6rv\u00e4rvar ytterligare kylf\u00f6retag i Finland","datePublished":"2023-01-12T14:31:00+00:00","dateModified":"2025-03-26T14:38:33+00:00","mainEntityOfPage":{"@id":"https:\/\/www.nordicclimategroup.se\/dotterbolag\/nyhetsrum\/nyheter\/forvarv\/nordic-climate-group-forvarvar-ytterligare-kylforetag-i-finland\/"},"wordCount":281,"commentCount":0,"publisher":{"@id":"https:\/\/www.nordicclimategroup.se\/dotterbolag\/#organization"},"image":{"@id":"https:\/\/www.nordicclimategroup.se\/dotterbolag\/nyhetsrum\/nyheter\/forvarv\/nordic-climate-group-forvarvar-ytterligare-kylforetag-i-finland\/#primaryimage"},"thumbnailUrl":"https:\/\/www.nordicclimategroup.se\/dotterbolag\/wp-content\/uploads\/sites\/3\/2025\/03\/finlandmv.png","articleSection":["F\u00f6rv\u00e4rv"],"inLanguage":"sv-SE","potentialAction":[{"@type":"CommentAction","name":"Comment","target":["https:\/\/www.nordicclimategroup.se\/dotterbolag\/nyhetsrum\/nyheter\/forvarv\/nordic-climate-group-forvarvar-ytterligare-kylforetag-i-finland\/#respond"]}]},{"@type":"WebPage","@id":"https:\/\/www.nordicclimategroup.se\/dotterbolag\/nyhetsrum\/nyheter\/forvarv\/nordic-climate-group-forvarvar-ytterligare-kylforetag-i-finland\/","url":"https:\/\/www.nordicclimategroup.se\/dotterbolag\/nyhetsrum\/nyheter\/forvarv\/nordic-climate-group-forvarvar-ytterligare-kylforetag-i-finland\/","name":"Nordic Climate Group f\u00f6rv\u00e4rvar ytterligare kylf\u00f6retag i Finland - Dotterbolag","isPartOf":{"@id":"https:\/\/www.nordicclimategroup.se\/dotterbolag\/#website"},"primaryImageOfPage":{"@id":"https:\/\/www.nordicclimategroup.se\/dotterbolag\/nyhetsrum\/nyheter\/forvarv\/nordic-climate-group-forvarvar-ytterligare-kylforetag-i-finland\/#primaryimage"},"image":{"@id":"https:\/\/www.nordicclimategroup.se\/dotterbolag\/nyhetsrum\/nyheter\/forvarv\/nordic-climate-group-forvarvar-ytterligare-kylforetag-i-finland\/#primaryimage"},"thumbnailUrl":"https:\/\/www.nordicclimategroup.se\/dotterbolag\/wp-content\/uploads\/sites\/3\/2025\/03\/finlandmv.png","datePublished":"2023-01-12T14:31:00+00:00","dateModified":"2025-03-26T14:38:33+00:00","inLanguage":"sv-SE","potentialAction":[{"@type":"ReadAction","target":["https:\/\/www.nordicclimategroup.se\/dotterbolag\/nyhetsrum\/nyheter\/forvarv\/nordic-climate-group-forvarvar-ytterligare-kylforetag-i-finland\/"]}]},{"@type":"ImageObject","inLanguage":"sv-SE","@id":"https:\/\/www.nordicclimategroup.se\/dotterbolag\/nyhetsrum\/nyheter\/forvarv\/nordic-climate-group-forvarvar-ytterligare-kylforetag-i-finland\/#primaryimage","url":"https:\/\/www.nordicclimategroup.se\/dotterbolag\/wp-content\/uploads\/sites\/3\/2025\/03\/finlandmv.png","contentUrl":"https:\/\/www.nordicclimategroup.se\/dotterbolag\/wp-content\/uploads\/sites\/3\/2025\/03\/finlandmv.png","width":590,"height":590},{"@type":"WebSite","@id":"https:\/\/www.nordicclimategroup.se\/dotterbolag\/#website","url":"https:\/\/www.nordicclimategroup.se\/dotterbolag\/","name":"Dotterbolag","description":"","publisher":{"@id":"https:\/\/www.nordicclimategroup.se\/dotterbolag\/#organization"},"potentialAction":[{"@type":"SearchAction","target":{"@type":"EntryPoint","urlTemplate":"https:\/\/www.nordicclimategroup.se\/dotterbolag\/?s={search_term_string}"},"query-input":{"@type":"PropertyValueSpecification","valueRequired":true,"valueName":"search_term_string"}}],"inLanguage":"sv-SE"},{"@type":"Organization","@id":"https:\/\/www.nordicclimategroup.se\/dotterbolag\/#organization","name":"Dotterbolag","url":"https:\/\/www.nordicclimategroup.se\/dotterbolag\/","logo":{"@type":"ImageObject","inLanguage":"sv-SE","@id":"https:\/\/www.nordicclimategroup.se\/dotterbolag\/#\/schema\/logo\/image\/","url":"https:\/\/www.nordicclimategroup.se\/dotterbolag\/wp-content\/uploads\/sites\/3\/2024\/02\/NCG-LOGO.svg","contentUrl":"https:\/\/www.nordicclimategroup.se\/dotterbolag\/wp-content\/uploads\/sites\/3\/2024\/02\/NCG-LOGO.svg","caption":"Dotterbolag"},"image":{"@id":"https:\/\/www.nordicclimategroup.se\/dotterbolag\/#\/schema\/logo\/image\/"}},{"@type":"Person","@id":"https:\/\/www.nordicclimategroup.se\/dotterbolag\/#\/schema\/person\/facad66499691d7986ce0d727cd80347","name":"admin","image":{"@type":"ImageObject","inLanguage":"sv-SE","@id":"https:\/\/www.nordicclimategroup.se\/dotterbolag\/#\/schema\/person\/image\/","url":"https:\/\/secure.gravatar.com\/avatar\/04bb6f505c842e525adc7c63df6c0b599b63fe7fde089987dbab6e0bcf6882b3?s=96&d=mm&r=g","contentUrl":"https:\/\/secure.gravatar.com\/avatar\/04bb6f505c842e525adc7c63df6c0b599b63fe7fde089987dbab6e0bcf6882b3?s=96&d=mm&r=g","caption":"admin"},"sameAs":["https:\/\/designteamet.se"],"url":"https:\/\/www.nordicclimategroup.se\/dotterbolag\/nyhetsrum\/nyheter\/author\/designteamet\/"}]}},"_links":{"self":[{"href":"https:\/\/www.nordicclimategroup.se\/dotterbolag\/wp-json\/wp\/v2\/posts\/6460","targetHints":{"allow":["GET"]}}],"collection":[{"href":"https:\/\/www.nordicclimategroup.se\/dotterbolag\/wp-json\/wp\/v2\/posts"}],"about":[{"href":"https:\/\/www.nordicclimategroup.se\/dotterbolag\/wp-json\/wp\/v2\/types\/post"}],"author":[{"embeddable":true,"href":"https:\/\/www.nordicclimategroup.se\/dotterbolag\/wp-json\/wp\/v2\/users\/1"}],"replies":[{"embeddable":true,"href":"https:\/\/www.nordicclimategroup.se\/dotterbolag\/wp-json\/wp\/v2\/comments?post=6460"}],"version-history":[{"count":1,"href":"https:\/\/www.nordicclimategroup.se\/dotterbolag\/wp-json\/wp\/v2\/posts\/6460\/revisions"}],"predecessor-version":[{"id":6464,"href":"https:\/\/www.nordicclimategroup.se\/dotterbolag\/wp-json\/wp\/v2\/posts\/6460\/revisions\/6464"}],"wp:featuredmedia":[{"embeddable":true,"href":"https:\/\/www.nordicclimategroup.se\/dotterbolag\/wp-json\/wp\/v2\/media\/6463"}],"wp:attachment":[{"href":"https:\/\/www.nordicclimategroup.se\/dotterbolag\/wp-json\/wp\/v2\/media?parent=6460"}],"wp:term":[{"taxonomy":"category","embeddable":true,"href":"https:\/\/www.nordicclimategroup.se\/dotterbolag\/wp-json\/wp\/v2\/categories?post=6460"},{"taxonomy":"post_tag","embeddable":true,"href":"https:\/\/www.nordicclimategroup.se\/dotterbolag\/wp-json\/wp\/v2\/tags?post=6460"}],"curies":[{"name":"wp","href":"https:\/\/api.w.org\/{rel}","templated":true}]}}