{"id":6369,"date":"2023-06-26T14:20:00","date_gmt":"2023-06-26T14:20:00","guid":{"rendered":"https:\/\/server03.blackpixel.se\/~designteamet\/?p=6369"},"modified":"2025-03-21T14:23:42","modified_gmt":"2025-03-21T14:23:42","slug":"det-kommer-att-handa-mycket-det-narmaste-aret","status":"publish","type":"post","link":"https:\/\/www.nordicclimategroup.se\/dotterbolag\/nyhetsrum\/nyheter\/personnyheter\/det-kommer-att-handa-mycket-det-narmaste-aret\/","title":{"rendered":"\u201dDet kommer att h\u00e4nda mycket det n\u00e4rmaste \u00e5ret\u201d"},"content":{"rendered":"\n<h2 class=\"wp-block-heading\"><em>&#8221;Hur b\u00f6rjade du ta dig an jobbet som vd f\u00f6r NCG?<\/em><\/h2>\n\n\n\n<p><em>\u2013 Jag har bytt bransch m\u00e5nga g\u00e5nger och det g\u00e4ller att b\u00f6rja l\u00e4ngst ut i verksamheten, s\u00e5 jag har bes\u00f6kt de flesta av v\u00e5ra bolag f\u00f6r att skapa en bild av vart vi ska. Sedan g\u00e4ller det att tillsammans med s\u00e5 m\u00e5nga som m\u00f6jligt i organisationen enas om bilden av var vi st\u00e5r och vart vi ska. Ju fler som \u00e4r involverade desto st\u00f6rre sannolikhet att vi tar oss fram\u00e5t som \u00f6nskat.<\/em><\/p>\n\n\n\n<div style=\"height:50px\" aria-hidden=\"true\" class=\"wp-block-spacer\"><\/div>\n\n\n\n<h2 class=\"wp-block-heading\"><em>\u00c4r det sv\u00e5rt att leda f\u00f6retag n\u00e4r du egentligen inte kan s\u00e5 mycket om verksamheten, du \u00e4r ingen kylexpert?<\/em><\/h2>\n\n\n\n<p><em>\u2013 Det g\u00e4ller att ha klart vilken roll man ska ha som ledare. Det finns universella delar i ledarskap och att driva bolag. Och det kan vara nyttigt att byta bransch, man kan se nya saker.<\/em><\/p>\n\n\n\n<div style=\"height:50px\" aria-hidden=\"true\" class=\"wp-block-spacer\"><\/div>\n\n\n\n<h2 class=\"wp-block-heading\"><em>Koncernen NCG \u00e4r bara n\u00e5gra \u00e5r gammal. Vad \u00e4r m\u00e5let som du pratar om?<\/em><\/h2>\n\n\n\n<p><em>\u2013 Vi ska vara ett j\u00e4kla bra hem f\u00f6r lokala v\u00e4rldsm\u00e4stare, som \u00e4r b\u00e4st i sin nisch och region. De ska trivas och forts\u00e4tta utvecklas hos oss<a href=\"https:\/\/snmo-my.sharepoint.com\/personal\/fredrik_karlsson_in_se\/Documents\/Documents\/Intervju%20korr%20kopia.FK.docx#_msocom_6\">[AE6]<\/a>&nbsp;.<\/em><\/p>\n\n\n\n<div style=\"height:50px\" aria-hidden=\"true\" class=\"wp-block-spacer\"><\/div>\n\n\n\n<h2 class=\"wp-block-heading\"><em>\u00c4r det inte smalt att bara jobba med kyla?<\/em><\/h2>\n\n\n\n<p><em>\u2013 Nej, vi tittar p\u00e5 f\u00f6rv\u00e4rvsm\u00f6jligheter och listan med intressanta bolag \u00e4r ganska l\u00e5ng. Vi b\u00f6rjade i Sverige och Norge och har tagit oss in i Finland och Danmark och vi kommer ocks\u00e5 att pr\u00f6va ute i Europa. Vi \u00e4r i dag 60 bolag, varav 33 i Sverige.<\/em><\/p>\n\n\n\n<div style=\"height:50px\" aria-hidden=\"true\" class=\"wp-block-spacer\"><\/div>\n\n\n\n<h2 class=\"wp-block-heading\"><em>Hur \u00e4r konkurrens fr\u00e5n andra akt\u00f6rer som vill k\u00f6pa bolag?<\/em><\/h2>\n\n\n\n<p><em>\u2013 Alla bolag vi pratar med har f\u00e5tt p\u00e5ringningar fr\u00e5n andra men vi f\u00f6rlorar inte aff\u00e4rer till dem. V\u00e5rt fokus p\u00e5 kyla gynnar oss.<\/em><\/p>\n\n\n\n<div style=\"height:50px\" aria-hidden=\"true\" class=\"wp-block-spacer\"><\/div>\n\n\n\n<h2 class=\"wp-block-heading\"><em>Hur ser planerna ut fram\u00e5t i Sverige?<\/em><\/h2>\n\n\n\n<p><em>\u2013 Av v\u00e5r oms\u00e4ttning p\u00e5 3,5 miljarder kronor \u00e4r knappt 2 miljarder i Sverige. Det har varit en lite lugnare period men det kommer att h\u00e4nda mycket det n\u00e4rmaste \u00e5ret och \u00e5ren.<\/em><\/p>\n\n\n\n<div style=\"height:50px\" aria-hidden=\"true\" class=\"wp-block-spacer\"><\/div>\n\n\n\n<h2 class=\"wp-block-heading\"><em>Hur ser kraven ut p\u00e5 bolagen som ska in?<\/em><\/h2>\n\n\n\n<p><em>\u2013 De b\u00f6r ledas av n\u00e5gon eller n\u00e5gra som vill komma in i teamet och utvecklas, inte n\u00e5gon som \u00e4r 60 plus och s\u00e4ljer f\u00f6r att g\u00e5 i pension. Det \u00e4r ocks\u00e5 viktigt att det \u00e4r en person vi vill ha med i gruppen . Och s\u00e5 ska det vara bolag som g\u00e5r bra, vi har ingen struktur f\u00f6r att ta hand om och v\u00e4nda utvecklingen i bolag som g\u00e5r d\u00e5ligt.<\/em><\/p>\n\n\n\n<div style=\"height:50px\" aria-hidden=\"true\" class=\"wp-block-spacer\"><\/div>\n\n\n\n<h2 class=\"wp-block-heading\"><em>Vad \u00e4r ert st\u00f6rsta problem?<\/em><\/h2>\n\n\n\n<p><em>\u2013 Helt klart bristen p\u00e5 tekniker, det \u00e4r en stor utmaning. Det beh\u00f6vs fler utbildningsplatser och vi m\u00e5ste jobba med branschens attraktivitet , vilket vi bland annat g\u00f6r genom v\u00e5r egen akademi.<\/em><\/p>\n\n\n\n<div style=\"height:50px\" aria-hidden=\"true\" class=\"wp-block-spacer\"><\/div>\n\n\n\n<h2 class=\"wp-block-heading\"><em>Hur ser du p\u00e5 din och bolagets framtid p\u00e5 fem \u00e5rs sikt?<\/em><\/h2>\n\n\n\n<p><em>\u2013 Det h\u00e4r otroligt givande att jobba i en bransch som v\u00e4xer och g\u00f6r mycket gott. Vi ser till att spara energi \u00e5t kunderna och g\u00f6r n\u00e5got bra f\u00f6r klimatet s\u00e5 jag l\u00e4r forts\u00e4tta. Det h\u00e4r \u00e4r det mest sp\u00e4nnande uppdrag jag haft. NCG kommer att vara dubbelt s\u00e5 stora i Norden som i dag och ha etablerat oss i tv\u00e5 europeiska l\u00e4nder till.&#8221;<\/em><\/p>\n\n\n\n<p>Ta del av intervjun i sin helhet:<\/p>\n\n\n\n<div style=\"height:50px\" aria-hidden=\"true\" class=\"wp-block-spacer\"><\/div>\n\n\n\n<figure class=\"wp-block-embed is-type-wp-embed is-provider-vvs-forum wp-block-embed-vvs-forum\"><div class=\"wp-block-embed__wrapper\">\n<blockquote class=\"wp-embedded-content\" data-secret=\"duuDrCAE6a\"><a href=\"https:\/\/www.vvsforum.se\/2023\/06\/kylbossen-det-kommer-att-handa-mycket-det-narmaste-aret\/\">Kylbossen: \u201dDet kommer att h\u00e4nda mycket det n\u00e4rmaste \u00e5ret\u201d<\/a><\/blockquote><iframe class=\"wp-embedded-content\" sandbox=\"allow-scripts\" security=\"restricted\" style=\"position: absolute; visibility: hidden;\" title=\"&#8221;Kylbossen: \u201dDet kommer att h\u00e4nda mycket det n\u00e4rmaste \u00e5ret\u201d&#8221; &#8212; VVS-Forum\" src=\"https:\/\/www.vvsforum.se\/2023\/06\/kylbossen-det-kommer-att-handa-mycket-det-narmaste-aret\/embed\/#?secret=TUFyTAuShy#?secret=duuDrCAE6a\" data-secret=\"duuDrCAE6a\" width=\"600\" height=\"338\" frameborder=\"0\" marginwidth=\"0\" marginheight=\"0\" scrolling=\"no\"><\/iframe>\n<\/div><\/figure>\n","protected":false},"excerpt":{"rendered":"<p>F\u00f6r ett \u00e5r sedan visste han inte mycket om kylbranschen \u2013 nu \u00e4r Fredrik Gren koncernchef med 60 kylf\u00f6retag under sig. \u201dDet h\u00e4r \u00e4r det mest sp\u00e4nnande uppdrag jag haft\u201d, s\u00e4ger Fredrik Gren , vd f\u00f6r Nordic Climate Group, NCG.<\/p>\n","protected":false},"author":1,"featured_media":6370,"comment_status":"open","ping_status":"open","sticky":false,"template":"","format":"standard","meta":{"_acf_changed":false,"footnotes":""},"categories":[11],"tags":[],"class_list":["post-6369","post","type-post","status-publish","format-standard","has-post-thumbnail","hentry","category-personnyheter"],"acf":[],"yoast_head":"<!-- This site is optimized with the Yoast SEO plugin v25.4 - https:\/\/yoast.com\/wordpress\/plugins\/seo\/ -->\n<title>\u201dDet kommer att h\u00e4nda mycket det n\u00e4rmaste \u00e5ret\u201d - Dotterbolag<\/title>\n<meta name=\"robots\" content=\"noindex, follow, max-snippet:-1, max-image-preview:large, max-video-preview:-1\" \/>\n<meta property=\"og:locale\" content=\"sv_SE\" \/>\n<meta property=\"og:type\" content=\"article\" \/>\n<meta property=\"og:title\" content=\"\u201dDet kommer att h\u00e4nda mycket det n\u00e4rmaste \u00e5ret\u201d - Dotterbolag\" \/>\n<meta property=\"og:description\" content=\"F\u00f6r ett \u00e5r sedan visste han inte mycket om kylbranschen \u2013 nu \u00e4r Fredrik Gren koncernchef med 60 kylf\u00f6retag under sig. \u201dDet h\u00e4r \u00e4r det mest sp\u00e4nnande uppdrag jag haft\u201d, s\u00e4ger Fredrik Gren , vd f\u00f6r Nordic Climate Group, NCG.\" \/>\n<meta property=\"og:url\" content=\"https:\/\/www.nordicclimategroup.se\/dotterbolag\/nyhetsrum\/nyheter\/personnyheter\/det-kommer-att-handa-mycket-det-narmaste-aret\/\" \/>\n<meta property=\"og:site_name\" content=\"Dotterbolag\" \/>\n<meta property=\"article:published_time\" content=\"2023-06-26T14:20:00+00:00\" \/>\n<meta property=\"article:modified_time\" content=\"2025-03-21T14:23:42+00:00\" \/>\n<meta property=\"og:image\" content=\"https:\/\/www.nordicclimategroup.se\/dotterbolag\/wp-content\/uploads\/sites\/3\/2025\/03\/webbbild-fredrikg.jpg_anchorcentermodecropwidth590height590upscalefalsernd133385587476800000.jpg\" \/>\n\t<meta property=\"og:image:width\" content=\"796\" \/>\n\t<meta property=\"og:image:height\" content=\"531\" \/>\n\t<meta property=\"og:image:type\" content=\"image\/jpeg\" \/>\n<meta name=\"author\" content=\"admin\" \/>\n<meta name=\"twitter:card\" content=\"summary_large_image\" \/>\n<meta name=\"twitter:label1\" content=\"Skriven av\" \/>\n\t<meta name=\"twitter:data1\" content=\"admin\" \/>\n\t<meta name=\"twitter:label2\" content=\"Ber\u00e4knad l\u00e4stid\" \/>\n\t<meta name=\"twitter:data2\" content=\"3 minuter\" \/>\n<script type=\"application\/ld+json\" class=\"yoast-schema-graph\">{\"@context\":\"https:\/\/schema.org\",\"@graph\":[{\"@type\":\"Article\",\"@id\":\"https:\/\/www.nordicclimategroup.se\/dotterbolag\/nyhetsrum\/nyheter\/personnyheter\/det-kommer-att-handa-mycket-det-narmaste-aret\/#article\",\"isPartOf\":{\"@id\":\"https:\/\/www.nordicclimategroup.se\/dotterbolag\/nyhetsrum\/nyheter\/personnyheter\/det-kommer-att-handa-mycket-det-narmaste-aret\/\"},\"author\":{\"name\":\"admin\",\"@id\":\"https:\/\/www.nordicclimategroup.se\/dotterbolag\/#\/schema\/person\/facad66499691d7986ce0d727cd80347\"},\"headline\":\"\u201dDet kommer att h\u00e4nda mycket det n\u00e4rmaste \u00e5ret\u201d\",\"datePublished\":\"2023-06-26T14:20:00+00:00\",\"dateModified\":\"2025-03-21T14:23:42+00:00\",\"mainEntityOfPage\":{\"@id\":\"https:\/\/www.nordicclimategroup.se\/dotterbolag\/nyhetsrum\/nyheter\/personnyheter\/det-kommer-att-handa-mycket-det-narmaste-aret\/\"},\"wordCount\":585,\"commentCount\":0,\"publisher\":{\"@id\":\"https:\/\/www.nordicclimategroup.se\/dotterbolag\/#organization\"},\"image\":{\"@id\":\"https:\/\/www.nordicclimategroup.se\/dotterbolag\/nyhetsrum\/nyheter\/personnyheter\/det-kommer-att-handa-mycket-det-narmaste-aret\/#primaryimage\"},\"thumbnailUrl\":\"https:\/\/www.nordicclimategroup.se\/dotterbolag\/wp-content\/uploads\/sites\/3\/2025\/03\/webbbild-fredrikg.jpg_anchorcentermodecropwidth590height590upscalefalsernd133385587476800000.jpg\",\"articleSection\":[\"Personnyheter\"],\"inLanguage\":\"sv-SE\",\"potentialAction\":[{\"@type\":\"CommentAction\",\"name\":\"Comment\",\"target\":[\"https:\/\/www.nordicclimategroup.se\/dotterbolag\/nyhetsrum\/nyheter\/personnyheter\/det-kommer-att-handa-mycket-det-narmaste-aret\/#respond\"]}]},{\"@type\":\"WebPage\",\"@id\":\"https:\/\/www.nordicclimategroup.se\/dotterbolag\/nyhetsrum\/nyheter\/personnyheter\/det-kommer-att-handa-mycket-det-narmaste-aret\/\",\"url\":\"https:\/\/www.nordicclimategroup.se\/dotterbolag\/nyhetsrum\/nyheter\/personnyheter\/det-kommer-att-handa-mycket-det-narmaste-aret\/\",\"name\":\"\u201dDet kommer att h\u00e4nda mycket det n\u00e4rmaste \u00e5ret\u201d - Dotterbolag\",\"isPartOf\":{\"@id\":\"https:\/\/www.nordicclimategroup.se\/dotterbolag\/#website\"},\"primaryImageOfPage\":{\"@id\":\"https:\/\/www.nordicclimategroup.se\/dotterbolag\/nyhetsrum\/nyheter\/personnyheter\/det-kommer-att-handa-mycket-det-narmaste-aret\/#primaryimage\"},\"image\":{\"@id\":\"https:\/\/www.nordicclimategroup.se\/dotterbolag\/nyhetsrum\/nyheter\/personnyheter\/det-kommer-att-handa-mycket-det-narmaste-aret\/#primaryimage\"},\"thumbnailUrl\":\"https:\/\/www.nordicclimategroup.se\/dotterbolag\/wp-content\/uploads\/sites\/3\/2025\/03\/webbbild-fredrikg.jpg_anchorcentermodecropwidth590height590upscalefalsernd133385587476800000.jpg\",\"datePublished\":\"2023-06-26T14:20:00+00:00\",\"dateModified\":\"2025-03-21T14:23:42+00:00\",\"inLanguage\":\"sv-SE\",\"potentialAction\":[{\"@type\":\"ReadAction\",\"target\":[\"https:\/\/www.nordicclimategroup.se\/dotterbolag\/nyhetsrum\/nyheter\/personnyheter\/det-kommer-att-handa-mycket-det-narmaste-aret\/\"]}]},{\"@type\":\"ImageObject\",\"inLanguage\":\"sv-SE\",\"@id\":\"https:\/\/www.nordicclimategroup.se\/dotterbolag\/nyhetsrum\/nyheter\/personnyheter\/det-kommer-att-handa-mycket-det-narmaste-aret\/#primaryimage\",\"url\":\"https:\/\/www.nordicclimategroup.se\/dotterbolag\/wp-content\/uploads\/sites\/3\/2025\/03\/webbbild-fredrikg.jpg_anchorcentermodecropwidth590height590upscalefalsernd133385587476800000.jpg\",\"contentUrl\":\"https:\/\/www.nordicclimategroup.se\/dotterbolag\/wp-content\/uploads\/sites\/3\/2025\/03\/webbbild-fredrikg.jpg_anchorcentermodecropwidth590height590upscalefalsernd133385587476800000.jpg\",\"width\":796,\"height\":531},{\"@type\":\"WebSite\",\"@id\":\"https:\/\/www.nordicclimategroup.se\/dotterbolag\/#website\",\"url\":\"https:\/\/www.nordicclimategroup.se\/dotterbolag\/\",\"name\":\"Dotterbolag\",\"description\":\"\",\"publisher\":{\"@id\":\"https:\/\/www.nordicclimategroup.se\/dotterbolag\/#organization\"},\"potentialAction\":[{\"@type\":\"SearchAction\",\"target\":{\"@type\":\"EntryPoint\",\"urlTemplate\":\"https:\/\/www.nordicclimategroup.se\/dotterbolag\/?s={search_term_string}\"},\"query-input\":{\"@type\":\"PropertyValueSpecification\",\"valueRequired\":true,\"valueName\":\"search_term_string\"}}],\"inLanguage\":\"sv-SE\"},{\"@type\":\"Organization\",\"@id\":\"https:\/\/www.nordicclimategroup.se\/dotterbolag\/#organization\",\"name\":\"Dotterbolag\",\"url\":\"https:\/\/www.nordicclimategroup.se\/dotterbolag\/\",\"logo\":{\"@type\":\"ImageObject\",\"inLanguage\":\"sv-SE\",\"@id\":\"https:\/\/www.nordicclimategroup.se\/dotterbolag\/#\/schema\/logo\/image\/\",\"url\":\"https:\/\/www.nordicclimategroup.se\/dotterbolag\/wp-content\/uploads\/sites\/3\/2024\/02\/NCG-LOGO.svg\",\"contentUrl\":\"https:\/\/www.nordicclimategroup.se\/dotterbolag\/wp-content\/uploads\/sites\/3\/2024\/02\/NCG-LOGO.svg\",\"caption\":\"Dotterbolag\"},\"image\":{\"@id\":\"https:\/\/www.nordicclimategroup.se\/dotterbolag\/#\/schema\/logo\/image\/\"}},{\"@type\":\"Person\",\"@id\":\"https:\/\/www.nordicclimategroup.se\/dotterbolag\/#\/schema\/person\/facad66499691d7986ce0d727cd80347\",\"name\":\"admin\",\"image\":{\"@type\":\"ImageObject\",\"inLanguage\":\"sv-SE\",\"@id\":\"https:\/\/www.nordicclimategroup.se\/dotterbolag\/#\/schema\/person\/image\/\",\"url\":\"https:\/\/secure.gravatar.com\/avatar\/04bb6f505c842e525adc7c63df6c0b599b63fe7fde089987dbab6e0bcf6882b3?s=96&d=mm&r=g\",\"contentUrl\":\"https:\/\/secure.gravatar.com\/avatar\/04bb6f505c842e525adc7c63df6c0b599b63fe7fde089987dbab6e0bcf6882b3?s=96&d=mm&r=g\",\"caption\":\"admin\"},\"sameAs\":[\"https:\/\/designteamet.se\"],\"url\":\"https:\/\/www.nordicclimategroup.se\/dotterbolag\/nyhetsrum\/nyheter\/author\/designteamet\/\"}]}<\/script>\n<!-- \/ Yoast SEO plugin. -->","yoast_head_json":{"title":"\u201dDet kommer att h\u00e4nda mycket det n\u00e4rmaste \u00e5ret\u201d - Dotterbolag","robots":{"index":"noindex","follow":"follow","max-snippet":"max-snippet:-1","max-image-preview":"max-image-preview:large","max-video-preview":"max-video-preview:-1"},"og_locale":"sv_SE","og_type":"article","og_title":"\u201dDet kommer att h\u00e4nda mycket det n\u00e4rmaste \u00e5ret\u201d - Dotterbolag","og_description":"F\u00f6r ett \u00e5r sedan visste han inte mycket om kylbranschen \u2013 nu \u00e4r Fredrik Gren koncernchef med 60 kylf\u00f6retag under sig. \u201dDet h\u00e4r \u00e4r det mest sp\u00e4nnande uppdrag jag haft\u201d, s\u00e4ger Fredrik Gren , vd f\u00f6r Nordic Climate Group, NCG.","og_url":"https:\/\/www.nordicclimategroup.se\/dotterbolag\/nyhetsrum\/nyheter\/personnyheter\/det-kommer-att-handa-mycket-det-narmaste-aret\/","og_site_name":"Dotterbolag","article_published_time":"2023-06-26T14:20:00+00:00","article_modified_time":"2025-03-21T14:23:42+00:00","og_image":[{"width":796,"height":531,"url":"https:\/\/www.nordicclimategroup.se\/dotterbolag\/wp-content\/uploads\/sites\/3\/2025\/03\/webbbild-fredrikg.jpg_anchorcentermodecropwidth590height590upscalefalsernd133385587476800000.jpg","type":"image\/jpeg"}],"author":"admin","twitter_card":"summary_large_image","twitter_misc":{"Skriven av":"admin","Ber\u00e4knad l\u00e4stid":"3 minuter"},"schema":{"@context":"https:\/\/schema.org","@graph":[{"@type":"Article","@id":"https:\/\/www.nordicclimategroup.se\/dotterbolag\/nyhetsrum\/nyheter\/personnyheter\/det-kommer-att-handa-mycket-det-narmaste-aret\/#article","isPartOf":{"@id":"https:\/\/www.nordicclimategroup.se\/dotterbolag\/nyhetsrum\/nyheter\/personnyheter\/det-kommer-att-handa-mycket-det-narmaste-aret\/"},"author":{"name":"admin","@id":"https:\/\/www.nordicclimategroup.se\/dotterbolag\/#\/schema\/person\/facad66499691d7986ce0d727cd80347"},"headline":"\u201dDet kommer att h\u00e4nda mycket det n\u00e4rmaste \u00e5ret\u201d","datePublished":"2023-06-26T14:20:00+00:00","dateModified":"2025-03-21T14:23:42+00:00","mainEntityOfPage":{"@id":"https:\/\/www.nordicclimategroup.se\/dotterbolag\/nyhetsrum\/nyheter\/personnyheter\/det-kommer-att-handa-mycket-det-narmaste-aret\/"},"wordCount":585,"commentCount":0,"publisher":{"@id":"https:\/\/www.nordicclimategroup.se\/dotterbolag\/#organization"},"image":{"@id":"https:\/\/www.nordicclimategroup.se\/dotterbolag\/nyhetsrum\/nyheter\/personnyheter\/det-kommer-att-handa-mycket-det-narmaste-aret\/#primaryimage"},"thumbnailUrl":"https:\/\/www.nordicclimategroup.se\/dotterbolag\/wp-content\/uploads\/sites\/3\/2025\/03\/webbbild-fredrikg.jpg_anchorcentermodecropwidth590height590upscalefalsernd133385587476800000.jpg","articleSection":["Personnyheter"],"inLanguage":"sv-SE","potentialAction":[{"@type":"CommentAction","name":"Comment","target":["https:\/\/www.nordicclimategroup.se\/dotterbolag\/nyhetsrum\/nyheter\/personnyheter\/det-kommer-att-handa-mycket-det-narmaste-aret\/#respond"]}]},{"@type":"WebPage","@id":"https:\/\/www.nordicclimategroup.se\/dotterbolag\/nyhetsrum\/nyheter\/personnyheter\/det-kommer-att-handa-mycket-det-narmaste-aret\/","url":"https:\/\/www.nordicclimategroup.se\/dotterbolag\/nyhetsrum\/nyheter\/personnyheter\/det-kommer-att-handa-mycket-det-narmaste-aret\/","name":"\u201dDet kommer att h\u00e4nda mycket det n\u00e4rmaste \u00e5ret\u201d - Dotterbolag","isPartOf":{"@id":"https:\/\/www.nordicclimategroup.se\/dotterbolag\/#website"},"primaryImageOfPage":{"@id":"https:\/\/www.nordicclimategroup.se\/dotterbolag\/nyhetsrum\/nyheter\/personnyheter\/det-kommer-att-handa-mycket-det-narmaste-aret\/#primaryimage"},"image":{"@id":"https:\/\/www.nordicclimategroup.se\/dotterbolag\/nyhetsrum\/nyheter\/personnyheter\/det-kommer-att-handa-mycket-det-narmaste-aret\/#primaryimage"},"thumbnailUrl":"https:\/\/www.nordicclimategroup.se\/dotterbolag\/wp-content\/uploads\/sites\/3\/2025\/03\/webbbild-fredrikg.jpg_anchorcentermodecropwidth590height590upscalefalsernd133385587476800000.jpg","datePublished":"2023-06-26T14:20:00+00:00","dateModified":"2025-03-21T14:23:42+00:00","inLanguage":"sv-SE","potentialAction":[{"@type":"ReadAction","target":["https:\/\/www.nordicclimategroup.se\/dotterbolag\/nyhetsrum\/nyheter\/personnyheter\/det-kommer-att-handa-mycket-det-narmaste-aret\/"]}]},{"@type":"ImageObject","inLanguage":"sv-SE","@id":"https:\/\/www.nordicclimategroup.se\/dotterbolag\/nyhetsrum\/nyheter\/personnyheter\/det-kommer-att-handa-mycket-det-narmaste-aret\/#primaryimage","url":"https:\/\/www.nordicclimategroup.se\/dotterbolag\/wp-content\/uploads\/sites\/3\/2025\/03\/webbbild-fredrikg.jpg_anchorcentermodecropwidth590height590upscalefalsernd133385587476800000.jpg","contentUrl":"https:\/\/www.nordicclimategroup.se\/dotterbolag\/wp-content\/uploads\/sites\/3\/2025\/03\/webbbild-fredrikg.jpg_anchorcentermodecropwidth590height590upscalefalsernd133385587476800000.jpg","width":796,"height":531},{"@type":"WebSite","@id":"https:\/\/www.nordicclimategroup.se\/dotterbolag\/#website","url":"https:\/\/www.nordicclimategroup.se\/dotterbolag\/","name":"Dotterbolag","description":"","publisher":{"@id":"https:\/\/www.nordicclimategroup.se\/dotterbolag\/#organization"},"potentialAction":[{"@type":"SearchAction","target":{"@type":"EntryPoint","urlTemplate":"https:\/\/www.nordicclimategroup.se\/dotterbolag\/?s={search_term_string}"},"query-input":{"@type":"PropertyValueSpecification","valueRequired":true,"valueName":"search_term_string"}}],"inLanguage":"sv-SE"},{"@type":"Organization","@id":"https:\/\/www.nordicclimategroup.se\/dotterbolag\/#organization","name":"Dotterbolag","url":"https:\/\/www.nordicclimategroup.se\/dotterbolag\/","logo":{"@type":"ImageObject","inLanguage":"sv-SE","@id":"https:\/\/www.nordicclimategroup.se\/dotterbolag\/#\/schema\/logo\/image\/","url":"https:\/\/www.nordicclimategroup.se\/dotterbolag\/wp-content\/uploads\/sites\/3\/2024\/02\/NCG-LOGO.svg","contentUrl":"https:\/\/www.nordicclimategroup.se\/dotterbolag\/wp-content\/uploads\/sites\/3\/2024\/02\/NCG-LOGO.svg","caption":"Dotterbolag"},"image":{"@id":"https:\/\/www.nordicclimategroup.se\/dotterbolag\/#\/schema\/logo\/image\/"}},{"@type":"Person","@id":"https:\/\/www.nordicclimategroup.se\/dotterbolag\/#\/schema\/person\/facad66499691d7986ce0d727cd80347","name":"admin","image":{"@type":"ImageObject","inLanguage":"sv-SE","@id":"https:\/\/www.nordicclimategroup.se\/dotterbolag\/#\/schema\/person\/image\/","url":"https:\/\/secure.gravatar.com\/avatar\/04bb6f505c842e525adc7c63df6c0b599b63fe7fde089987dbab6e0bcf6882b3?s=96&d=mm&r=g","contentUrl":"https:\/\/secure.gravatar.com\/avatar\/04bb6f505c842e525adc7c63df6c0b599b63fe7fde089987dbab6e0bcf6882b3?s=96&d=mm&r=g","caption":"admin"},"sameAs":["https:\/\/designteamet.se"],"url":"https:\/\/www.nordicclimategroup.se\/dotterbolag\/nyhetsrum\/nyheter\/author\/designteamet\/"}]}},"_links":{"self":[{"href":"https:\/\/www.nordicclimategroup.se\/dotterbolag\/wp-json\/wp\/v2\/posts\/6369","targetHints":{"allow":["GET"]}}],"collection":[{"href":"https:\/\/www.nordicclimategroup.se\/dotterbolag\/wp-json\/wp\/v2\/posts"}],"about":[{"href":"https:\/\/www.nordicclimategroup.se\/dotterbolag\/wp-json\/wp\/v2\/types\/post"}],"author":[{"embeddable":true,"href":"https:\/\/www.nordicclimategroup.se\/dotterbolag\/wp-json\/wp\/v2\/users\/1"}],"replies":[{"embeddable":true,"href":"https:\/\/www.nordicclimategroup.se\/dotterbolag\/wp-json\/wp\/v2\/comments?post=6369"}],"version-history":[{"count":2,"href":"https:\/\/www.nordicclimategroup.se\/dotterbolag\/wp-json\/wp\/v2\/posts\/6369\/revisions"}],"predecessor-version":[{"id":6372,"href":"https:\/\/www.nordicclimategroup.se\/dotterbolag\/wp-json\/wp\/v2\/posts\/6369\/revisions\/6372"}],"wp:featuredmedia":[{"embeddable":true,"href":"https:\/\/www.nordicclimategroup.se\/dotterbolag\/wp-json\/wp\/v2\/media\/6370"}],"wp:attachment":[{"href":"https:\/\/www.nordicclimategroup.se\/dotterbolag\/wp-json\/wp\/v2\/media?parent=6369"}],"wp:term":[{"taxonomy":"category","embeddable":true,"href":"https:\/\/www.nordicclimategroup.se\/dotterbolag\/wp-json\/wp\/v2\/categories?post=6369"},{"taxonomy":"post_tag","embeddable":true,"href":"https:\/\/www.nordicclimategroup.se\/dotterbolag\/wp-json\/wp\/v2\/tags?post=6369"}],"curies":[{"name":"wp","href":"https:\/\/api.w.org\/{rel}","templated":true}]}}