{"id":6363,"date":"2023-07-03T14:17:00","date_gmt":"2023-07-03T14:17:00","guid":{"rendered":"https:\/\/server03.blackpixel.se\/~designteamet\/?p=6363"},"modified":"2025-03-21T14:20:38","modified_gmt":"2025-03-21T14:20:38","slug":"timab-ansluter-till-nordic-climate-group","status":"publish","type":"post","link":"https:\/\/www.nordicclimategroup.se\/dotterbolag\/nyhetsrum\/nyheter\/forvarv\/timab-ansluter-till-nordic-climate-group\/","title":{"rendered":"TIMAB ansluter till Nordic Climate Group"},"content":{"rendered":"\n<p>Nordic Climate Group f\u00f6rst\u00e4rker sin position i Stor-Stockholm genom f\u00f6rv\u00e4rvet av TIMAB, Tim Kyla AB. Med fokus p\u00e5 komfort-, stork\u00f6ks- och livsmedelskyla \u00e4r TIMAB ett v\u00e4lkommet och betydelsefullt tillskott till Nordic Climate Group som bef\u00e4ster sin position som Nordens ledande akt\u00f6r inom kyl-, v\u00e4rme- och energieffektiva installationer. TIMAB etablerades 2004 och \u00e4r v\u00e4l inarbetade i Stockholmsregionen. TIMAB oms\u00e4tter 89 miljoner SEK och har 39 anst\u00e4llda.<em>&nbsp;<\/em><\/p>\n\n\n\n<p>&#8211; Det \u00e4r ett stort och v\u00e4sentligt steg f\u00f6r TIMAB att ansluta till Nordic Climate Group. Genom den tydliga satsningen p\u00e5 kyla kan vi tillsammans v\u00e4xa vidare. De resurser vi nu f\u00e5r tillg\u00e5ng till inom utbildning, ink\u00f6p och inte minst erfarenhetsutbytet med andra kylbolag skapar helt nya f\u00f6ruts\u00e4ttningar, s\u00e4ger Kenneth Borg, VD, TIMAB, dessutom i en tid som pr\u00e4glas av h\u00e5llbara l\u00f6sningar och energieffektivitet, forts\u00e4tter Kenneth.<\/p>\n\n\n\n<p>Grunden i Nordic Climate Groups verksamheten \u00e4r en stark lokal marknadsposition. Det inneb\u00e4r att TIMAB, precis som de andra bolagen som ing\u00e5r i gruppen, jobbar vidare med sitt lokala varum\u00e4rke, tidigare bolagsledning kvarst\u00e5r i sina roller och nuvarande verksamhet inklusive kunduppdragen prioriteras. Sedan tidigare finns Stockholmsbolagen El- och kylservice, Kylgruppen, Kylm\u00e4starna och Labkyl med i Nordic Climate Group.&nbsp;<\/p>\n\n\n\n<p>&#8211; Jag gl\u00e4ds \u00e5t att TIMAB nu \u00e4r en del av Nordic Climate Group. Det \u00e4r ett v\u00e4lsk\u00f6tt f\u00f6retag med mycket gott renomm\u00e9 med engagerade ledare som byggt verksamheten p\u00e5 ett bra s\u00e4tt, precis s\u00e5 som vi vill se gruppens bolag. Deras kunnande och erfarenhet inom livsmedelskyla \u00e4r v\u00e4lkommet och kommer att bredda m\u00f6jligheterna f\u00f6r fler inom Nordic Climate Group, s\u00e4ger Fredrik Gren, koncernchef, Nordic Climate Group.<\/p>\n\n\n\n<p>Nordic Climate Groups fokus \u00e4r att hj\u00e4lpa sina kunder att minimera klimatavtrycket och maximera energieffektiviteten. Planen \u00e4r att forts\u00e4tta bygga ett ledande bolag i norra Europa med stark tillv\u00e4xt b\u00e5de organiskt och genom ytterligare f\u00f6rv\u00e4rv.<\/p>\n\n\n\n<p>&#8211; Vi \u00e4r \u00f6vertygade om att v\u00e5r framg\u00e5ng bygger p\u00e5 entrepren\u00f6rskraft, decentraliserade verksamhetsenheter med samarbeten inom aff\u00e4rer\/upphandlingar, personalutbildning och delande av tekniskt kunnande, s\u00e4ger Fredrik Gren.<\/p>\n\n\n\n<div style=\"height:50px\" aria-hidden=\"true\" class=\"wp-block-spacer\"><\/div>\n\n\n\n<h2 class=\"wp-block-heading\">F\u00f6r mer information v\u00e4nligen kontakta<\/h2>\n\n\n\n<p>Fredrik Gren, VD Nordic Climate Group<br>Tel +46&nbsp;705 11 64 99<br><a href=\"mailto:fredrik.gren@nordicclimategroup.se\">fredrik.gren@nordicclimategroup.se<\/a><\/p>\n\n\n\n<p>Kenneth Borg, VD, TIMAB<\/p>\n\n\n\n<p>Tel +46&nbsp;768 52 25 71<\/p>\n\n\n\n<p><a href=\"https:\/\/www.nordicclimategroup.se\/kenneth@timab.nu\">kenneth@timab.nu<\/a><\/p>\n\n\n\n<div style=\"height:50px\" aria-hidden=\"true\" class=\"wp-block-spacer\"><\/div>\n\n\n\n<h2 class=\"wp-block-heading\">Pressmeddelande svenska<\/h2>\n\n\n\n<div class=\"wp-block-file has-link-color wp-elements-47b30e1e55b5921cfd5078b3b00985e6\"><a id=\"wp-block-file--media-a9164b27-81be-4e0f-9837-73ada7430847\" href=\"https:\/\/server03.blackpixel.se\/~designteamet\/wp-content\/uploads\/sites\/3\/2025\/03\/pressmeddelande-timab-20230703.pdf\">pressmeddelande-timab-20230703<\/a><a href=\"https:\/\/server03.blackpixel.se\/~designteamet\/wp-content\/uploads\/sites\/3\/2025\/03\/pressmeddelande-timab-20230703.pdf\" class=\"wp-block-file__button wp-element-button\" download aria-describedby=\"wp-block-file--media-a9164b27-81be-4e0f-9837-73ada7430847\">Ladda ner<\/a><\/div>\n\n\n\n<h2 class=\"wp-block-heading\">Pressmeddelande engelska<\/h2>\n\n\n\n<div class=\"wp-block-file has-link-color wp-elements-eab1963a7ce6a4634169d7e47322f1ff\"><a id=\"wp-block-file--media-90e85913-f01a-44a4-bf18-95e30614f7b7\" href=\"https:\/\/server03.blackpixel.se\/~designteamet\/wp-content\/uploads\/sites\/3\/2025\/03\/pressmeddelande-timab-20230703_eng-gb.pdf\">pressmeddelande-timab-20230703_eng-gb<\/a><a href=\"https:\/\/server03.blackpixel.se\/~designteamet\/wp-content\/uploads\/sites\/3\/2025\/03\/pressmeddelande-timab-20230703_eng-gb.pdf\" class=\"wp-block-file__button wp-element-button\" download aria-describedby=\"wp-block-file--media-90e85913-f01a-44a4-bf18-95e30614f7b7\">Ladda ner<\/a><\/div>\n\n\n\n<p><\/p>\n","protected":false},"excerpt":{"rendered":"<p>Nordic Climate Group f\u00f6rst\u00e4rker sin position i Stor-Stockholm genom f\u00f6rv\u00e4rvet av TIMAB, Tim Kyla AB.<\/p>\n","protected":false},"author":1,"featured_media":6364,"comment_status":"open","ping_status":"open","sticky":false,"template":"","format":"standard","meta":{"_acf_changed":false,"footnotes":""},"categories":[10],"tags":[],"class_list":["post-6363","post","type-post","status-publish","format-standard","has-post-thumbnail","hentry","category-forvarv"],"acf":[],"yoast_head":"<!-- This site is optimized with the Yoast SEO plugin v25.4 - https:\/\/yoast.com\/wordpress\/plugins\/seo\/ -->\n<title>TIMAB ansluter till Nordic Climate Group - Dotterbolag<\/title>\n<meta name=\"robots\" content=\"noindex, follow, max-snippet:-1, max-image-preview:large, max-video-preview:-1\" \/>\n<meta property=\"og:locale\" content=\"sv_SE\" \/>\n<meta property=\"og:type\" content=\"article\" \/>\n<meta property=\"og:title\" content=\"TIMAB ansluter till Nordic Climate Group - Dotterbolag\" \/>\n<meta property=\"og:description\" content=\"Nordic Climate Group f\u00f6rst\u00e4rker sin position i Stor-Stockholm genom f\u00f6rv\u00e4rvet av TIMAB, Tim Kyla AB.\" \/>\n<meta property=\"og:url\" content=\"https:\/\/www.nordicclimategroup.se\/dotterbolag\/nyhetsrum\/nyheter\/forvarv\/timab-ansluter-till-nordic-climate-group\/\" \/>\n<meta property=\"og:site_name\" content=\"Dotterbolag\" \/>\n<meta property=\"article:published_time\" content=\"2023-07-03T14:17:00+00:00\" \/>\n<meta property=\"article:modified_time\" content=\"2025-03-21T14:20:38+00:00\" \/>\n<meta property=\"og:image\" content=\"https:\/\/www.nordicclimategroup.se\/dotterbolag\/wp-content\/uploads\/sites\/3\/2025\/03\/timab-press.jpg_anchorcentermodecropwidth480upscalefalsernd133379640942930000.jpg\" \/>\n\t<meta property=\"og:image:width\" content=\"480\" \/>\n\t<meta property=\"og:image:height\" content=\"640\" \/>\n\t<meta property=\"og:image:type\" content=\"image\/jpeg\" \/>\n<meta name=\"author\" content=\"admin\" \/>\n<meta name=\"twitter:card\" content=\"summary_large_image\" \/>\n<meta name=\"twitter:label1\" content=\"Skriven av\" \/>\n\t<meta name=\"twitter:data1\" content=\"admin\" \/>\n\t<meta name=\"twitter:label2\" content=\"Ber\u00e4knad l\u00e4stid\" \/>\n\t<meta name=\"twitter:data2\" content=\"2 minuter\" \/>\n<script type=\"application\/ld+json\" class=\"yoast-schema-graph\">{\"@context\":\"https:\/\/schema.org\",\"@graph\":[{\"@type\":\"Article\",\"@id\":\"https:\/\/www.nordicclimategroup.se\/dotterbolag\/nyhetsrum\/nyheter\/forvarv\/timab-ansluter-till-nordic-climate-group\/#article\",\"isPartOf\":{\"@id\":\"https:\/\/www.nordicclimategroup.se\/dotterbolag\/nyhetsrum\/nyheter\/forvarv\/timab-ansluter-till-nordic-climate-group\/\"},\"author\":{\"name\":\"admin\",\"@id\":\"https:\/\/www.nordicclimategroup.se\/dotterbolag\/#\/schema\/person\/facad66499691d7986ce0d727cd80347\"},\"headline\":\"TIMAB ansluter till Nordic Climate Group\",\"datePublished\":\"2023-07-03T14:17:00+00:00\",\"dateModified\":\"2025-03-21T14:20:38+00:00\",\"mainEntityOfPage\":{\"@id\":\"https:\/\/www.nordicclimategroup.se\/dotterbolag\/nyhetsrum\/nyheter\/forvarv\/timab-ansluter-till-nordic-climate-group\/\"},\"wordCount\":411,\"commentCount\":0,\"publisher\":{\"@id\":\"https:\/\/www.nordicclimategroup.se\/dotterbolag\/#organization\"},\"image\":{\"@id\":\"https:\/\/www.nordicclimategroup.se\/dotterbolag\/nyhetsrum\/nyheter\/forvarv\/timab-ansluter-till-nordic-climate-group\/#primaryimage\"},\"thumbnailUrl\":\"https:\/\/www.nordicclimategroup.se\/dotterbolag\/wp-content\/uploads\/sites\/3\/2025\/03\/timab-press.jpg_anchorcentermodecropwidth480upscalefalsernd133379640942930000.jpg\",\"articleSection\":[\"F\u00f6rv\u00e4rv\"],\"inLanguage\":\"sv-SE\",\"potentialAction\":[{\"@type\":\"CommentAction\",\"name\":\"Comment\",\"target\":[\"https:\/\/www.nordicclimategroup.se\/dotterbolag\/nyhetsrum\/nyheter\/forvarv\/timab-ansluter-till-nordic-climate-group\/#respond\"]}]},{\"@type\":\"WebPage\",\"@id\":\"https:\/\/www.nordicclimategroup.se\/dotterbolag\/nyhetsrum\/nyheter\/forvarv\/timab-ansluter-till-nordic-climate-group\/\",\"url\":\"https:\/\/www.nordicclimategroup.se\/dotterbolag\/nyhetsrum\/nyheter\/forvarv\/timab-ansluter-till-nordic-climate-group\/\",\"name\":\"TIMAB ansluter till Nordic Climate Group - Dotterbolag\",\"isPartOf\":{\"@id\":\"https:\/\/www.nordicclimategroup.se\/dotterbolag\/#website\"},\"primaryImageOfPage\":{\"@id\":\"https:\/\/www.nordicclimategroup.se\/dotterbolag\/nyhetsrum\/nyheter\/forvarv\/timab-ansluter-till-nordic-climate-group\/#primaryimage\"},\"image\":{\"@id\":\"https:\/\/www.nordicclimategroup.se\/dotterbolag\/nyhetsrum\/nyheter\/forvarv\/timab-ansluter-till-nordic-climate-group\/#primaryimage\"},\"thumbnailUrl\":\"https:\/\/www.nordicclimategroup.se\/dotterbolag\/wp-content\/uploads\/sites\/3\/2025\/03\/timab-press.jpg_anchorcentermodecropwidth480upscalefalsernd133379640942930000.jpg\",\"datePublished\":\"2023-07-03T14:17:00+00:00\",\"dateModified\":\"2025-03-21T14:20:38+00:00\",\"inLanguage\":\"sv-SE\",\"potentialAction\":[{\"@type\":\"ReadAction\",\"target\":[\"https:\/\/www.nordicclimategroup.se\/dotterbolag\/nyhetsrum\/nyheter\/forvarv\/timab-ansluter-till-nordic-climate-group\/\"]}]},{\"@type\":\"ImageObject\",\"inLanguage\":\"sv-SE\",\"@id\":\"https:\/\/www.nordicclimategroup.se\/dotterbolag\/nyhetsrum\/nyheter\/forvarv\/timab-ansluter-till-nordic-climate-group\/#primaryimage\",\"url\":\"https:\/\/www.nordicclimategroup.se\/dotterbolag\/wp-content\/uploads\/sites\/3\/2025\/03\/timab-press.jpg_anchorcentermodecropwidth480upscalefalsernd133379640942930000.jpg\",\"contentUrl\":\"https:\/\/www.nordicclimategroup.se\/dotterbolag\/wp-content\/uploads\/sites\/3\/2025\/03\/timab-press.jpg_anchorcentermodecropwidth480upscalefalsernd133379640942930000.jpg\",\"width\":480,\"height\":640},{\"@type\":\"WebSite\",\"@id\":\"https:\/\/www.nordicclimategroup.se\/dotterbolag\/#website\",\"url\":\"https:\/\/www.nordicclimategroup.se\/dotterbolag\/\",\"name\":\"Dotterbolag\",\"description\":\"\",\"publisher\":{\"@id\":\"https:\/\/www.nordicclimategroup.se\/dotterbolag\/#organization\"},\"potentialAction\":[{\"@type\":\"SearchAction\",\"target\":{\"@type\":\"EntryPoint\",\"urlTemplate\":\"https:\/\/www.nordicclimategroup.se\/dotterbolag\/?s={search_term_string}\"},\"query-input\":{\"@type\":\"PropertyValueSpecification\",\"valueRequired\":true,\"valueName\":\"search_term_string\"}}],\"inLanguage\":\"sv-SE\"},{\"@type\":\"Organization\",\"@id\":\"https:\/\/www.nordicclimategroup.se\/dotterbolag\/#organization\",\"name\":\"Dotterbolag\",\"url\":\"https:\/\/www.nordicclimategroup.se\/dotterbolag\/\",\"logo\":{\"@type\":\"ImageObject\",\"inLanguage\":\"sv-SE\",\"@id\":\"https:\/\/www.nordicclimategroup.se\/dotterbolag\/#\/schema\/logo\/image\/\",\"url\":\"https:\/\/www.nordicclimategroup.se\/dotterbolag\/wp-content\/uploads\/sites\/3\/2024\/02\/NCG-LOGO.svg\",\"contentUrl\":\"https:\/\/www.nordicclimategroup.se\/dotterbolag\/wp-content\/uploads\/sites\/3\/2024\/02\/NCG-LOGO.svg\",\"caption\":\"Dotterbolag\"},\"image\":{\"@id\":\"https:\/\/www.nordicclimategroup.se\/dotterbolag\/#\/schema\/logo\/image\/\"}},{\"@type\":\"Person\",\"@id\":\"https:\/\/www.nordicclimategroup.se\/dotterbolag\/#\/schema\/person\/facad66499691d7986ce0d727cd80347\",\"name\":\"admin\",\"image\":{\"@type\":\"ImageObject\",\"inLanguage\":\"sv-SE\",\"@id\":\"https:\/\/www.nordicclimategroup.se\/dotterbolag\/#\/schema\/person\/image\/\",\"url\":\"https:\/\/secure.gravatar.com\/avatar\/04bb6f505c842e525adc7c63df6c0b599b63fe7fde089987dbab6e0bcf6882b3?s=96&d=mm&r=g\",\"contentUrl\":\"https:\/\/secure.gravatar.com\/avatar\/04bb6f505c842e525adc7c63df6c0b599b63fe7fde089987dbab6e0bcf6882b3?s=96&d=mm&r=g\",\"caption\":\"admin\"},\"sameAs\":[\"https:\/\/designteamet.se\"],\"url\":\"https:\/\/www.nordicclimategroup.se\/dotterbolag\/nyhetsrum\/nyheter\/author\/designteamet\/\"}]}<\/script>\n<!-- \/ Yoast SEO plugin. -->","yoast_head_json":{"title":"TIMAB ansluter till Nordic Climate Group - Dotterbolag","robots":{"index":"noindex","follow":"follow","max-snippet":"max-snippet:-1","max-image-preview":"max-image-preview:large","max-video-preview":"max-video-preview:-1"},"og_locale":"sv_SE","og_type":"article","og_title":"TIMAB ansluter till Nordic Climate Group - Dotterbolag","og_description":"Nordic Climate Group f\u00f6rst\u00e4rker sin position i Stor-Stockholm genom f\u00f6rv\u00e4rvet av TIMAB, Tim Kyla AB.","og_url":"https:\/\/www.nordicclimategroup.se\/dotterbolag\/nyhetsrum\/nyheter\/forvarv\/timab-ansluter-till-nordic-climate-group\/","og_site_name":"Dotterbolag","article_published_time":"2023-07-03T14:17:00+00:00","article_modified_time":"2025-03-21T14:20:38+00:00","og_image":[{"width":480,"height":640,"url":"https:\/\/www.nordicclimategroup.se\/dotterbolag\/wp-content\/uploads\/sites\/3\/2025\/03\/timab-press.jpg_anchorcentermodecropwidth480upscalefalsernd133379640942930000.jpg","type":"image\/jpeg"}],"author":"admin","twitter_card":"summary_large_image","twitter_misc":{"Skriven av":"admin","Ber\u00e4knad l\u00e4stid":"2 minuter"},"schema":{"@context":"https:\/\/schema.org","@graph":[{"@type":"Article","@id":"https:\/\/www.nordicclimategroup.se\/dotterbolag\/nyhetsrum\/nyheter\/forvarv\/timab-ansluter-till-nordic-climate-group\/#article","isPartOf":{"@id":"https:\/\/www.nordicclimategroup.se\/dotterbolag\/nyhetsrum\/nyheter\/forvarv\/timab-ansluter-till-nordic-climate-group\/"},"author":{"name":"admin","@id":"https:\/\/www.nordicclimategroup.se\/dotterbolag\/#\/schema\/person\/facad66499691d7986ce0d727cd80347"},"headline":"TIMAB ansluter till Nordic Climate Group","datePublished":"2023-07-03T14:17:00+00:00","dateModified":"2025-03-21T14:20:38+00:00","mainEntityOfPage":{"@id":"https:\/\/www.nordicclimategroup.se\/dotterbolag\/nyhetsrum\/nyheter\/forvarv\/timab-ansluter-till-nordic-climate-group\/"},"wordCount":411,"commentCount":0,"publisher":{"@id":"https:\/\/www.nordicclimategroup.se\/dotterbolag\/#organization"},"image":{"@id":"https:\/\/www.nordicclimategroup.se\/dotterbolag\/nyhetsrum\/nyheter\/forvarv\/timab-ansluter-till-nordic-climate-group\/#primaryimage"},"thumbnailUrl":"https:\/\/www.nordicclimategroup.se\/dotterbolag\/wp-content\/uploads\/sites\/3\/2025\/03\/timab-press.jpg_anchorcentermodecropwidth480upscalefalsernd133379640942930000.jpg","articleSection":["F\u00f6rv\u00e4rv"],"inLanguage":"sv-SE","potentialAction":[{"@type":"CommentAction","name":"Comment","target":["https:\/\/www.nordicclimategroup.se\/dotterbolag\/nyhetsrum\/nyheter\/forvarv\/timab-ansluter-till-nordic-climate-group\/#respond"]}]},{"@type":"WebPage","@id":"https:\/\/www.nordicclimategroup.se\/dotterbolag\/nyhetsrum\/nyheter\/forvarv\/timab-ansluter-till-nordic-climate-group\/","url":"https:\/\/www.nordicclimategroup.se\/dotterbolag\/nyhetsrum\/nyheter\/forvarv\/timab-ansluter-till-nordic-climate-group\/","name":"TIMAB ansluter till Nordic Climate Group - Dotterbolag","isPartOf":{"@id":"https:\/\/www.nordicclimategroup.se\/dotterbolag\/#website"},"primaryImageOfPage":{"@id":"https:\/\/www.nordicclimategroup.se\/dotterbolag\/nyhetsrum\/nyheter\/forvarv\/timab-ansluter-till-nordic-climate-group\/#primaryimage"},"image":{"@id":"https:\/\/www.nordicclimategroup.se\/dotterbolag\/nyhetsrum\/nyheter\/forvarv\/timab-ansluter-till-nordic-climate-group\/#primaryimage"},"thumbnailUrl":"https:\/\/www.nordicclimategroup.se\/dotterbolag\/wp-content\/uploads\/sites\/3\/2025\/03\/timab-press.jpg_anchorcentermodecropwidth480upscalefalsernd133379640942930000.jpg","datePublished":"2023-07-03T14:17:00+00:00","dateModified":"2025-03-21T14:20:38+00:00","inLanguage":"sv-SE","potentialAction":[{"@type":"ReadAction","target":["https:\/\/www.nordicclimategroup.se\/dotterbolag\/nyhetsrum\/nyheter\/forvarv\/timab-ansluter-till-nordic-climate-group\/"]}]},{"@type":"ImageObject","inLanguage":"sv-SE","@id":"https:\/\/www.nordicclimategroup.se\/dotterbolag\/nyhetsrum\/nyheter\/forvarv\/timab-ansluter-till-nordic-climate-group\/#primaryimage","url":"https:\/\/www.nordicclimategroup.se\/dotterbolag\/wp-content\/uploads\/sites\/3\/2025\/03\/timab-press.jpg_anchorcentermodecropwidth480upscalefalsernd133379640942930000.jpg","contentUrl":"https:\/\/www.nordicclimategroup.se\/dotterbolag\/wp-content\/uploads\/sites\/3\/2025\/03\/timab-press.jpg_anchorcentermodecropwidth480upscalefalsernd133379640942930000.jpg","width":480,"height":640},{"@type":"WebSite","@id":"https:\/\/www.nordicclimategroup.se\/dotterbolag\/#website","url":"https:\/\/www.nordicclimategroup.se\/dotterbolag\/","name":"Dotterbolag","description":"","publisher":{"@id":"https:\/\/www.nordicclimategroup.se\/dotterbolag\/#organization"},"potentialAction":[{"@type":"SearchAction","target":{"@type":"EntryPoint","urlTemplate":"https:\/\/www.nordicclimategroup.se\/dotterbolag\/?s={search_term_string}"},"query-input":{"@type":"PropertyValueSpecification","valueRequired":true,"valueName":"search_term_string"}}],"inLanguage":"sv-SE"},{"@type":"Organization","@id":"https:\/\/www.nordicclimategroup.se\/dotterbolag\/#organization","name":"Dotterbolag","url":"https:\/\/www.nordicclimategroup.se\/dotterbolag\/","logo":{"@type":"ImageObject","inLanguage":"sv-SE","@id":"https:\/\/www.nordicclimategroup.se\/dotterbolag\/#\/schema\/logo\/image\/","url":"https:\/\/www.nordicclimategroup.se\/dotterbolag\/wp-content\/uploads\/sites\/3\/2024\/02\/NCG-LOGO.svg","contentUrl":"https:\/\/www.nordicclimategroup.se\/dotterbolag\/wp-content\/uploads\/sites\/3\/2024\/02\/NCG-LOGO.svg","caption":"Dotterbolag"},"image":{"@id":"https:\/\/www.nordicclimategroup.se\/dotterbolag\/#\/schema\/logo\/image\/"}},{"@type":"Person","@id":"https:\/\/www.nordicclimategroup.se\/dotterbolag\/#\/schema\/person\/facad66499691d7986ce0d727cd80347","name":"admin","image":{"@type":"ImageObject","inLanguage":"sv-SE","@id":"https:\/\/www.nordicclimategroup.se\/dotterbolag\/#\/schema\/person\/image\/","url":"https:\/\/secure.gravatar.com\/avatar\/04bb6f505c842e525adc7c63df6c0b599b63fe7fde089987dbab6e0bcf6882b3?s=96&d=mm&r=g","contentUrl":"https:\/\/secure.gravatar.com\/avatar\/04bb6f505c842e525adc7c63df6c0b599b63fe7fde089987dbab6e0bcf6882b3?s=96&d=mm&r=g","caption":"admin"},"sameAs":["https:\/\/designteamet.se"],"url":"https:\/\/www.nordicclimategroup.se\/dotterbolag\/nyhetsrum\/nyheter\/author\/designteamet\/"}]}},"_links":{"self":[{"href":"https:\/\/www.nordicclimategroup.se\/dotterbolag\/wp-json\/wp\/v2\/posts\/6363","targetHints":{"allow":["GET"]}}],"collection":[{"href":"https:\/\/www.nordicclimategroup.se\/dotterbolag\/wp-json\/wp\/v2\/posts"}],"about":[{"href":"https:\/\/www.nordicclimategroup.se\/dotterbolag\/wp-json\/wp\/v2\/types\/post"}],"author":[{"embeddable":true,"href":"https:\/\/www.nordicclimategroup.se\/dotterbolag\/wp-json\/wp\/v2\/users\/1"}],"replies":[{"embeddable":true,"href":"https:\/\/www.nordicclimategroup.se\/dotterbolag\/wp-json\/wp\/v2\/comments?post=6363"}],"version-history":[{"count":2,"href":"https:\/\/www.nordicclimategroup.se\/dotterbolag\/wp-json\/wp\/v2\/posts\/6363\/revisions"}],"predecessor-version":[{"id":6368,"href":"https:\/\/www.nordicclimategroup.se\/dotterbolag\/wp-json\/wp\/v2\/posts\/6363\/revisions\/6368"}],"wp:featuredmedia":[{"embeddable":true,"href":"https:\/\/www.nordicclimategroup.se\/dotterbolag\/wp-json\/wp\/v2\/media\/6364"}],"wp:attachment":[{"href":"https:\/\/www.nordicclimategroup.se\/dotterbolag\/wp-json\/wp\/v2\/media?parent=6363"}],"wp:term":[{"taxonomy":"category","embeddable":true,"href":"https:\/\/www.nordicclimategroup.se\/dotterbolag\/wp-json\/wp\/v2\/categories?post=6363"},{"taxonomy":"post_tag","embeddable":true,"href":"https:\/\/www.nordicclimategroup.se\/dotterbolag\/wp-json\/wp\/v2\/tags?post=6363"}],"curies":[{"name":"wp","href":"https:\/\/api.w.org\/{rel}","templated":true}]}}