{"id":6343,"date":"2023-08-24T14:03:00","date_gmt":"2023-08-24T14:03:00","guid":{"rendered":"https:\/\/server03.blackpixel.se\/~designteamet\/?p=6343"},"modified":"2025-03-21T14:09:53","modified_gmt":"2025-03-21T14:09:53","slug":"pvn-koleteknik-a-s-nordic-climate-group-vaxer-vidare-i-danmark","status":"publish","type":"post","link":"https:\/\/www.nordicclimategroup.se\/dotterbolag\/nyhetsrum\/nyheter\/forvarv\/pvn-koleteknik-a-s-nordic-climate-group-vaxer-vidare-i-danmark\/","title":{"rendered":"PVN K\u00f8leteknik A\/S \u2013 Nordic Climate Group v\u00e4xer vidare i Danmark"},"content":{"rendered":"\n<p>Nordic Climate Group expanderar ytterligare i Danmark genom f\u00f6rv\u00e4rvet av PVN K<em>\u00f8<\/em>leteknik med huvudkontor i Ringe p\u00e5 Fyn. Genom aff\u00e4ren f\u00f6rst\u00e4rker Nordic Climate Group sin roll i Danmark samt som Nordens ledande installat\u00f6r av kyl-, v\u00e4rme- och energil\u00f6sningar. Ambitionen \u00e4r att expandera den danska verksamheten med fler f\u00f6rv\u00e4rv. Nordic Climate Group som etablerades 2021 oms\u00e4tter med f\u00f6rv\u00e4rvet av PVN K<em>\u00f8l<\/em>eteknik 3,4 miljarder SEK och har cirka 1&nbsp;200 anst\u00e4llda vid drygt 70 lokala etableringar i Norden.<\/p>\n\n\n\n<p>PVN K<em>\u00f8l<\/em>eteknik som grundades f\u00f6r \u00f6ver 60 \u00e5r sedan \u00e4r ett av Danmarks mest anrika kylf\u00f6retag. Bolaget som drivs i tredje generationen har en central marknadsposition inom kylteknik, levererar b\u00e5de installationer och service samt utvecklar och tillverkar kylutrustning till flygindustrin. Bolaget oms\u00e4tter omkring DKK 65 miljoner och har 30 anst\u00e4llda.<\/p>\n\n\n\n<p>\u00ad\u2013 Efter flera \u00e5r av utvecklingsarbete tar vi nu n\u00e4sta steg genom att ansluta till Nordic Climate Group. Det har varit ett bra lagarbete inom bolaget som g\u00f6r att vi nu \u00e4r redo. Vi har en stark f\u00f6rankring p\u00e5 Fyn och ser stora m\u00f6jligheter till utveckling inom gruppen och d\u00e5 framf\u00f6r allt tillsammans med SA-AL K<em>\u00f8<\/em>leteknik. PVN K<em>\u00f8<\/em>leteknik st\u00e5r starka med satsningar p\u00e5 naturliga k\u00f6ldmedier, digitalisering och kvalitetsprocesser. Tack vare v\u00e5r betydande erfarenhet av tillverkning och installation ser vi tydliga synergier med de andra bolagen i Nordic Climate Group. Nu f\u00e5r vi unika m\u00f6jligheter till samarbete b\u00e5de inom Danmark och de andra nordiska l\u00e4nderna. Det k\u00e4nns verkligen bra att nu kunna vara aktiva i ett sammanhang med branschens ledande bolag, s\u00e4ger Thomas Panum, VD, PVN K<em>\u00f8<\/em>leteknik.<\/p>\n\n\n\n<p>\u2013 H\u00e5llbarhet och energieffektivisering har stor efterfr\u00e5gan och vi m\u00f6ter den med st\u00e4ndig utveckling. V\u00e5r erfarenhet av CO2 (koldioxid) tillsammans med starka kundrelationer g\u00f6r att vi kan skapa konkret nytta hos kunderna. Det inneb\u00e4r \u00e4ven att vi har goda m\u00f6jligheter att utveckla tekniker och ge dem sp\u00e4nnande arbetsuppgifter. Anslutningen till Nordic Climate Group inneb\u00e4r en fortsatt s\u00e4ker och stabil drift av f\u00f6retaget till f\u00f6rm\u00e5n f\u00f6r anst\u00e4llda, kunder och leverant\u00f6rer, s\u00e4ger Martin Thirup, teknisk chef, PVN K<em>\u00f8<\/em>leteknik.<\/p>\n\n\n\n<p>Grunden i Nordic Climate Groups verksamhet \u00e4r en stark lokal marknadsposition. Det inneb\u00e4r att PVN K<em>\u00f8<\/em>leteknik p\u00e5 samma s\u00e4tt som andra bolag i gruppen arbetar vidare med sitt lokala varum\u00e4rke, tidigare \u00e4gare forts\u00e4tter i samma roller och nuvarande verksamhet inklusive befintliga kunduppdrag prioriteras.<\/p>\n\n\n\n<p>\u2013 N\u00e4r vi nu tar v\u00e5rt andra steg i Danmark vill vi bygga vidare p\u00e5 tanken om att engagera de b\u00e4sta bolagen i de l\u00e4nder vi har verksamhet. I dialogen med PVN K<em>\u00f8<\/em>leteknik har vi s\u00e4rskilt uppskattat deras inriktning p\u00e5 h\u00e5llbarhet, intresse f\u00f6r utveckling av kompetens och ett brett kunderbjudande, s\u00e4ger Fredrik Gren, VD, Nordic Climate Group. D\u00e4rtill har vi s\u00e4rskilt uppskattat ett tydligt fokus p\u00e5 service som alltid \u00e4r avg\u00f6rande f\u00f6r att utveckla kundrelationer.<\/p>\n\n\n\n<p>Nordic Climate Groups fokus \u00e4r att hj\u00e4lpa sina kunder att minimera klimatavtrycket och maximera energieffektiviteten. Planen \u00e4r att forts\u00e4tta bygga ett ledande bolag i norra Europa med stark tillv\u00e4xt b\u00e5de organiskt och genom ytterligare f\u00f6rv\u00e4rv. Modellen bygger p\u00e5 entrepren\u00f6rskraft, decentraliserade verksamhetsenheter med samarbeten inom aff\u00e4rer\/upphandlingar, personalutbildning och delande av tekniskt kunnande.<\/p>\n\n\n\n<div style=\"height:50px\" aria-hidden=\"true\" class=\"wp-block-spacer\"><\/div>\n\n\n\n<figure class=\"wp-block-gallery has-nested-images columns-3 is-cropped wp-block-gallery-1 is-layout-flex wp-block-gallery-is-layout-flex\">\n<figure class=\"wp-block-image size-full has-custom-border\"><img fetchpriority=\"high\" decoding=\"async\" width=\"480\" height=\"480\" data-id=\"6345\" src=\"https:\/\/server03.blackpixel.se\/~designteamet\/wp-content\/uploads\/sites\/3\/2025\/03\/thomas.png_anchorcentermodecropwidth480upscalefalsernd133459122437570000.png\" alt=\"Thomas Panum, VD, PVN K\u00f8leteknik\n\" class=\"wp-image-6345\" style=\"border-radius:4px\" srcset=\"https:\/\/www.nordicclimategroup.se\/dotterbolag\/wp-content\/uploads\/sites\/3\/2025\/03\/thomas.png_anchorcentermodecropwidth480upscalefalsernd133459122437570000.png 480w, https:\/\/www.nordicclimategroup.se\/dotterbolag\/wp-content\/uploads\/sites\/3\/2025\/03\/thomas.png_anchorcentermodecropwidth480upscalefalsernd133459122437570000-300x300.png 300w, https:\/\/www.nordicclimategroup.se\/dotterbolag\/wp-content\/uploads\/sites\/3\/2025\/03\/thomas.png_anchorcentermodecropwidth480upscalefalsernd133459122437570000-150x150.png 150w\" sizes=\"(max-width: 480px) 100vw, 480px\" \/><figcaption class=\"wp-element-caption\">Thomas Panum, VD, PVN K\u00f8leteknik\n<\/figcaption><\/figure>\n\n\n\n<figure class=\"wp-block-image size-full has-custom-border\"><img decoding=\"async\" width=\"480\" height=\"480\" data-id=\"6346\" src=\"https:\/\/server03.blackpixel.se\/~designteamet\/wp-content\/uploads\/sites\/3\/2025\/03\/martin.png_anchorcentermodecropwidth480upscalefalsernd133459122434570000.png\" alt=\"Martin Thirup, Teknisk Chef, PVN K\u00f8leteknik\n\" class=\"wp-image-6346\" style=\"border-radius:4px\" srcset=\"https:\/\/www.nordicclimategroup.se\/dotterbolag\/wp-content\/uploads\/sites\/3\/2025\/03\/martin.png_anchorcentermodecropwidth480upscalefalsernd133459122434570000.png 480w, https:\/\/www.nordicclimategroup.se\/dotterbolag\/wp-content\/uploads\/sites\/3\/2025\/03\/martin.png_anchorcentermodecropwidth480upscalefalsernd133459122434570000-300x300.png 300w, https:\/\/www.nordicclimategroup.se\/dotterbolag\/wp-content\/uploads\/sites\/3\/2025\/03\/martin.png_anchorcentermodecropwidth480upscalefalsernd133459122434570000-150x150.png 150w\" sizes=\"(max-width: 480px) 100vw, 480px\" \/><figcaption class=\"wp-element-caption\">Martin Thirup, Teknisk Chef, PVN K\u00f8leteknik\n<\/figcaption><\/figure>\n\n\n\n<figure class=\"wp-block-image size-full has-custom-border\"><img decoding=\"async\" width=\"480\" height=\"599\" data-id=\"6347\" src=\"https:\/\/server03.blackpixel.se\/~designteamet\/wp-content\/uploads\/sites\/3\/2025\/03\/fredrik-gren6.jpg_center0.333090565046766150.5015198063103844modecropwidth480upscalefalsernd133733713250430000-1.jpg\" alt=\"Fredrik Gren, VD, Nordic Climate Group\n\" class=\"wp-image-6347\" style=\"border-radius:4px\" srcset=\"https:\/\/www.nordicclimategroup.se\/dotterbolag\/wp-content\/uploads\/sites\/3\/2025\/03\/fredrik-gren6.jpg_center0.333090565046766150.5015198063103844modecropwidth480upscalefalsernd133733713250430000-1.jpg 480w, https:\/\/www.nordicclimategroup.se\/dotterbolag\/wp-content\/uploads\/sites\/3\/2025\/03\/fredrik-gren6.jpg_center0.333090565046766150.5015198063103844modecropwidth480upscalefalsernd133733713250430000-1-240x300.jpg 240w\" sizes=\"(max-width: 480px) 100vw, 480px\" \/><figcaption class=\"wp-element-caption\">Fredrik Gren, VD, Nordic Climate Group\n<\/figcaption><\/figure>\n<\/figure>\n\n\n\n<div style=\"height:50px\" aria-hidden=\"true\" class=\"wp-block-spacer\"><\/div>\n\n\n\n<h2 class=\"wp-block-heading\">F\u00f6r mer information v\u00e4nligen kontakta<\/h2>\n\n\n\n<p>Fredrik Gren, VD Nordic Climate Group<br>Tel +46&nbsp;705 11 64 99<br><a href=\"mailto:fredrik.gren@nordicclimategroup.se\">fredrik.gren@nordicclimategroup.se<\/a><\/p>\n\n\n\n<p>Thomas Panum, VD, PVN K<em>\u00f8<\/em>leteknik<br><a href=\"mailto:tbp@pvn.dk\">tbp@pvn.dk<\/a><br>Tel: 63 62 40 05<br>Direkt: 20 69 10 21<\/p>\n\n\n\n<div style=\"height:50px\" aria-hidden=\"true\" class=\"wp-block-spacer\"><\/div>\n\n\n\n<h2 class=\"wp-block-heading\">Om PVN\u00a0K<em>\u00f8<\/em>leteknik<\/h2>\n\n\n\n<p>Poul Verner Nielsen grundade PVN K<em>\u00f8<\/em>leteknik 1961 och drev det i ett antal \u00e5r innan hans tv\u00e5 s\u00f6ner Torben och Steen tog \u00f6ver verksamheten. D\u00e4refter har bolaget drivits av Thomas Panum och Martin Thirup.<\/p>\n\n\n\n<div style=\"height:50px\" aria-hidden=\"true\" class=\"wp-block-spacer\"><\/div>\n\n\n\n<figure class=\"wp-block-image size-full is-resized has-custom-border\"><img loading=\"lazy\" decoding=\"async\" width=\"480\" height=\"270\" src=\"https:\/\/server03.blackpixel.se\/~designteamet\/wp-content\/uploads\/sites\/3\/2025\/03\/pvn-0291.jpg_anchorcentermodecropwidth480upscalefalsernd133459118172300000.jpg\" alt=\"PVN K\u00f8leteknik\n\" class=\"wp-image-6348\" style=\"border-radius:4px;width:800px;height:auto\" srcset=\"https:\/\/www.nordicclimategroup.se\/dotterbolag\/wp-content\/uploads\/sites\/3\/2025\/03\/pvn-0291.jpg_anchorcentermodecropwidth480upscalefalsernd133459118172300000.jpg 480w, https:\/\/www.nordicclimategroup.se\/dotterbolag\/wp-content\/uploads\/sites\/3\/2025\/03\/pvn-0291.jpg_anchorcentermodecropwidth480upscalefalsernd133459118172300000-300x169.jpg 300w\" sizes=\"(max-width: 480px) 100vw, 480px\" \/><figcaption class=\"wp-element-caption\">PVN K\u00f8leteknik\n<\/figcaption><\/figure>\n\n\n\n<div style=\"height:50px\" aria-hidden=\"true\" class=\"wp-block-spacer\"><\/div>\n\n\n\n<h2 class=\"wp-block-heading\">Pressmeddelande svenska<\/h2>\n\n\n\n<div class=\"wp-block-file has-link-color wp-elements-8bbc44f067dd2fa051abbc81aaf58b63\"><a id=\"wp-block-file--media-03ee00b9-d0b1-49ef-8df2-917d788e93c7\" href=\"https:\/\/server03.blackpixel.se\/~designteamet\/wp-content\/uploads\/sites\/3\/2025\/03\/pressmeddelande-pvn-danmark-20230824_-swe-002.pdf\" target=\"_blank\" rel=\"noreferrer noopener\">pressmeddelande-pvn-danmark-20230824_-swe-002<\/a><a href=\"https:\/\/server03.blackpixel.se\/~designteamet\/wp-content\/uploads\/sites\/3\/2025\/03\/pressmeddelande-pvn-danmark-20230824_-swe-002.pdf\" class=\"wp-block-file__button wp-element-button\" download aria-describedby=\"wp-block-file--media-03ee00b9-d0b1-49ef-8df2-917d788e93c7\">Ladda ner<\/a><\/div>\n\n\n\n<h2 class=\"wp-block-heading\">Pressmeddelande engelska<\/h2>\n\n\n\n<div class=\"wp-block-file has-link-color wp-elements-73f057d820d1ab2e5b0f35b3536a7736\"><a id=\"wp-block-file--media-a17e037e-04ac-4291-a7f8-debe466aa896\" href=\"https:\/\/server03.blackpixel.se\/~designteamet\/wp-content\/uploads\/sites\/3\/2025\/03\/pressrelease-ncg-pvn-denmark-20230824_eng-002.pdf\" target=\"_blank\" rel=\"noreferrer noopener\">pressrelease-ncg-pvn-denmark-20230824_eng-002<\/a><a href=\"https:\/\/server03.blackpixel.se\/~designteamet\/wp-content\/uploads\/sites\/3\/2025\/03\/pressrelease-ncg-pvn-denmark-20230824_eng-002.pdf\" class=\"wp-block-file__button wp-element-button\" download aria-describedby=\"wp-block-file--media-a17e037e-04ac-4291-a7f8-debe466aa896\">Ladda ner<\/a><\/div>\n\n\n\n<p><\/p>\n","protected":false},"excerpt":{"rendered":"<p>Nordic Climate Group expanderar ytterligare i Danmark genom f\u00f6rv\u00e4rvet av PVN K\u00f8leteknik med huvudkontor i Ringe p\u00e5 Fyn. Genom aff\u00e4ren f\u00f6rst\u00e4rker Nordic Climate Group sin roll i Danmark samt som Nordens ledande installat\u00f6r av kyl-, v\u00e4rme- och energil\u00f6sningar.<\/p>\n","protected":false},"author":1,"featured_media":6344,"comment_status":"open","ping_status":"open","sticky":false,"template":"","format":"standard","meta":{"_acf_changed":false,"footnotes":""},"categories":[10],"tags":[],"class_list":["post-6343","post","type-post","status-publish","format-standard","has-post-thumbnail","hentry","category-forvarv"],"acf":[],"yoast_head":"<!-- This site is optimized with the Yoast SEO plugin v25.4 - https:\/\/yoast.com\/wordpress\/plugins\/seo\/ -->\n<title>PVN K\u00f8leteknik A\/S \u2013 Nordic Climate Group v\u00e4xer vidare i Danmark - Dotterbolag<\/title>\n<meta name=\"robots\" content=\"noindex, follow, max-snippet:-1, max-image-preview:large, max-video-preview:-1\" \/>\n<meta property=\"og:locale\" content=\"sv_SE\" \/>\n<meta property=\"og:type\" content=\"article\" \/>\n<meta property=\"og:title\" content=\"PVN K\u00f8leteknik A\/S \u2013 Nordic Climate Group v\u00e4xer vidare i Danmark - Dotterbolag\" \/>\n<meta property=\"og:description\" content=\"Nordic Climate Group expanderar ytterligare i Danmark genom f\u00f6rv\u00e4rvet av PVN K\u00f8leteknik med huvudkontor i Ringe p\u00e5 Fyn. Genom aff\u00e4ren f\u00f6rst\u00e4rker Nordic Climate Group sin roll i Danmark samt som Nordens ledande installat\u00f6r av kyl-, v\u00e4rme- och energil\u00f6sningar.\" \/>\n<meta property=\"og:url\" content=\"https:\/\/www.nordicclimategroup.se\/dotterbolag\/nyhetsrum\/nyheter\/forvarv\/pvn-koleteknik-a-s-nordic-climate-group-vaxer-vidare-i-danmark\/\" \/>\n<meta property=\"og:site_name\" content=\"Dotterbolag\" \/>\n<meta property=\"article:published_time\" content=\"2023-08-24T14:03:00+00:00\" \/>\n<meta property=\"article:modified_time\" content=\"2025-03-21T14:09:53+00:00\" \/>\n<meta property=\"og:image\" content=\"https:\/\/www.nordicclimategroup.se\/dotterbolag\/wp-content\/uploads\/sites\/3\/2025\/03\/pvn-09529.jpg_anchorcentermodecropwidth590height590upscalefalsernd133459122437270000.jpg\" \/>\n\t<meta property=\"og:image:width\" content=\"590\" \/>\n\t<meta property=\"og:image:height\" content=\"590\" \/>\n\t<meta property=\"og:image:type\" content=\"image\/jpeg\" \/>\n<meta name=\"author\" content=\"admin\" \/>\n<meta name=\"twitter:card\" content=\"summary_large_image\" \/>\n<meta name=\"twitter:label1\" content=\"Skriven av\" \/>\n\t<meta name=\"twitter:data1\" content=\"admin\" \/>\n\t<meta name=\"twitter:label2\" content=\"Ber\u00e4knad l\u00e4stid\" \/>\n\t<meta name=\"twitter:data2\" content=\"5 minuter\" \/>\n<script type=\"application\/ld+json\" class=\"yoast-schema-graph\">{\"@context\":\"https:\/\/schema.org\",\"@graph\":[{\"@type\":\"Article\",\"@id\":\"https:\/\/www.nordicclimategroup.se\/dotterbolag\/nyhetsrum\/nyheter\/forvarv\/pvn-koleteknik-a-s-nordic-climate-group-vaxer-vidare-i-danmark\/#article\",\"isPartOf\":{\"@id\":\"https:\/\/www.nordicclimategroup.se\/dotterbolag\/nyhetsrum\/nyheter\/forvarv\/pvn-koleteknik-a-s-nordic-climate-group-vaxer-vidare-i-danmark\/\"},\"author\":{\"name\":\"admin\",\"@id\":\"https:\/\/www.nordicclimategroup.se\/dotterbolag\/#\/schema\/person\/facad66499691d7986ce0d727cd80347\"},\"headline\":\"PVN K\u00f8leteknik A\/S \u2013 Nordic Climate Group v\u00e4xer vidare i Danmark\",\"datePublished\":\"2023-08-24T14:03:00+00:00\",\"dateModified\":\"2025-03-21T14:09:53+00:00\",\"mainEntityOfPage\":{\"@id\":\"https:\/\/www.nordicclimategroup.se\/dotterbolag\/nyhetsrum\/nyheter\/forvarv\/pvn-koleteknik-a-s-nordic-climate-group-vaxer-vidare-i-danmark\/\"},\"wordCount\":688,\"commentCount\":0,\"publisher\":{\"@id\":\"https:\/\/www.nordicclimategroup.se\/dotterbolag\/#organization\"},\"image\":{\"@id\":\"https:\/\/www.nordicclimategroup.se\/dotterbolag\/nyhetsrum\/nyheter\/forvarv\/pvn-koleteknik-a-s-nordic-climate-group-vaxer-vidare-i-danmark\/#primaryimage\"},\"thumbnailUrl\":\"https:\/\/www.nordicclimategroup.se\/dotterbolag\/wp-content\/uploads\/sites\/3\/2025\/03\/pvn-09529.jpg_anchorcentermodecropwidth590height590upscalefalsernd133459122437270000.jpg\",\"articleSection\":[\"F\u00f6rv\u00e4rv\"],\"inLanguage\":\"sv-SE\",\"potentialAction\":[{\"@type\":\"CommentAction\",\"name\":\"Comment\",\"target\":[\"https:\/\/www.nordicclimategroup.se\/dotterbolag\/nyhetsrum\/nyheter\/forvarv\/pvn-koleteknik-a-s-nordic-climate-group-vaxer-vidare-i-danmark\/#respond\"]}]},{\"@type\":\"WebPage\",\"@id\":\"https:\/\/www.nordicclimategroup.se\/dotterbolag\/nyhetsrum\/nyheter\/forvarv\/pvn-koleteknik-a-s-nordic-climate-group-vaxer-vidare-i-danmark\/\",\"url\":\"https:\/\/www.nordicclimategroup.se\/dotterbolag\/nyhetsrum\/nyheter\/forvarv\/pvn-koleteknik-a-s-nordic-climate-group-vaxer-vidare-i-danmark\/\",\"name\":\"PVN K\u00f8leteknik A\/S \u2013 Nordic Climate Group v\u00e4xer vidare i Danmark - Dotterbolag\",\"isPartOf\":{\"@id\":\"https:\/\/www.nordicclimategroup.se\/dotterbolag\/#website\"},\"primaryImageOfPage\":{\"@id\":\"https:\/\/www.nordicclimategroup.se\/dotterbolag\/nyhetsrum\/nyheter\/forvarv\/pvn-koleteknik-a-s-nordic-climate-group-vaxer-vidare-i-danmark\/#primaryimage\"},\"image\":{\"@id\":\"https:\/\/www.nordicclimategroup.se\/dotterbolag\/nyhetsrum\/nyheter\/forvarv\/pvn-koleteknik-a-s-nordic-climate-group-vaxer-vidare-i-danmark\/#primaryimage\"},\"thumbnailUrl\":\"https:\/\/www.nordicclimategroup.se\/dotterbolag\/wp-content\/uploads\/sites\/3\/2025\/03\/pvn-09529.jpg_anchorcentermodecropwidth590height590upscalefalsernd133459122437270000.jpg\",\"datePublished\":\"2023-08-24T14:03:00+00:00\",\"dateModified\":\"2025-03-21T14:09:53+00:00\",\"inLanguage\":\"sv-SE\",\"potentialAction\":[{\"@type\":\"ReadAction\",\"target\":[\"https:\/\/www.nordicclimategroup.se\/dotterbolag\/nyhetsrum\/nyheter\/forvarv\/pvn-koleteknik-a-s-nordic-climate-group-vaxer-vidare-i-danmark\/\"]}]},{\"@type\":\"ImageObject\",\"inLanguage\":\"sv-SE\",\"@id\":\"https:\/\/www.nordicclimategroup.se\/dotterbolag\/nyhetsrum\/nyheter\/forvarv\/pvn-koleteknik-a-s-nordic-climate-group-vaxer-vidare-i-danmark\/#primaryimage\",\"url\":\"https:\/\/www.nordicclimategroup.se\/dotterbolag\/wp-content\/uploads\/sites\/3\/2025\/03\/pvn-09529.jpg_anchorcentermodecropwidth590height590upscalefalsernd133459122437270000.jpg\",\"contentUrl\":\"https:\/\/www.nordicclimategroup.se\/dotterbolag\/wp-content\/uploads\/sites\/3\/2025\/03\/pvn-09529.jpg_anchorcentermodecropwidth590height590upscalefalsernd133459122437270000.jpg\",\"width\":590,\"height\":590},{\"@type\":\"WebSite\",\"@id\":\"https:\/\/www.nordicclimategroup.se\/dotterbolag\/#website\",\"url\":\"https:\/\/www.nordicclimategroup.se\/dotterbolag\/\",\"name\":\"Dotterbolag\",\"description\":\"\",\"publisher\":{\"@id\":\"https:\/\/www.nordicclimategroup.se\/dotterbolag\/#organization\"},\"potentialAction\":[{\"@type\":\"SearchAction\",\"target\":{\"@type\":\"EntryPoint\",\"urlTemplate\":\"https:\/\/www.nordicclimategroup.se\/dotterbolag\/?s={search_term_string}\"},\"query-input\":{\"@type\":\"PropertyValueSpecification\",\"valueRequired\":true,\"valueName\":\"search_term_string\"}}],\"inLanguage\":\"sv-SE\"},{\"@type\":\"Organization\",\"@id\":\"https:\/\/www.nordicclimategroup.se\/dotterbolag\/#organization\",\"name\":\"Dotterbolag\",\"url\":\"https:\/\/www.nordicclimategroup.se\/dotterbolag\/\",\"logo\":{\"@type\":\"ImageObject\",\"inLanguage\":\"sv-SE\",\"@id\":\"https:\/\/www.nordicclimategroup.se\/dotterbolag\/#\/schema\/logo\/image\/\",\"url\":\"https:\/\/www.nordicclimategroup.se\/dotterbolag\/wp-content\/uploads\/sites\/3\/2024\/02\/NCG-LOGO.svg\",\"contentUrl\":\"https:\/\/www.nordicclimategroup.se\/dotterbolag\/wp-content\/uploads\/sites\/3\/2024\/02\/NCG-LOGO.svg\",\"caption\":\"Dotterbolag\"},\"image\":{\"@id\":\"https:\/\/www.nordicclimategroup.se\/dotterbolag\/#\/schema\/logo\/image\/\"}},{\"@type\":\"Person\",\"@id\":\"https:\/\/www.nordicclimategroup.se\/dotterbolag\/#\/schema\/person\/facad66499691d7986ce0d727cd80347\",\"name\":\"admin\",\"image\":{\"@type\":\"ImageObject\",\"inLanguage\":\"sv-SE\",\"@id\":\"https:\/\/www.nordicclimategroup.se\/dotterbolag\/#\/schema\/person\/image\/\",\"url\":\"https:\/\/secure.gravatar.com\/avatar\/04bb6f505c842e525adc7c63df6c0b599b63fe7fde089987dbab6e0bcf6882b3?s=96&d=mm&r=g\",\"contentUrl\":\"https:\/\/secure.gravatar.com\/avatar\/04bb6f505c842e525adc7c63df6c0b599b63fe7fde089987dbab6e0bcf6882b3?s=96&d=mm&r=g\",\"caption\":\"admin\"},\"sameAs\":[\"https:\/\/designteamet.se\"],\"url\":\"https:\/\/www.nordicclimategroup.se\/dotterbolag\/nyhetsrum\/nyheter\/author\/designteamet\/\"}]}<\/script>\n<!-- \/ Yoast SEO plugin. -->","yoast_head_json":{"title":"PVN K\u00f8leteknik A\/S \u2013 Nordic Climate Group v\u00e4xer vidare i Danmark - Dotterbolag","robots":{"index":"noindex","follow":"follow","max-snippet":"max-snippet:-1","max-image-preview":"max-image-preview:large","max-video-preview":"max-video-preview:-1"},"og_locale":"sv_SE","og_type":"article","og_title":"PVN K\u00f8leteknik A\/S \u2013 Nordic Climate Group v\u00e4xer vidare i Danmark - Dotterbolag","og_description":"Nordic Climate Group expanderar ytterligare i Danmark genom f\u00f6rv\u00e4rvet av PVN K\u00f8leteknik med huvudkontor i Ringe p\u00e5 Fyn. Genom aff\u00e4ren f\u00f6rst\u00e4rker Nordic Climate Group sin roll i Danmark samt som Nordens ledande installat\u00f6r av kyl-, v\u00e4rme- och energil\u00f6sningar.","og_url":"https:\/\/www.nordicclimategroup.se\/dotterbolag\/nyhetsrum\/nyheter\/forvarv\/pvn-koleteknik-a-s-nordic-climate-group-vaxer-vidare-i-danmark\/","og_site_name":"Dotterbolag","article_published_time":"2023-08-24T14:03:00+00:00","article_modified_time":"2025-03-21T14:09:53+00:00","og_image":[{"width":590,"height":590,"url":"https:\/\/www.nordicclimategroup.se\/dotterbolag\/wp-content\/uploads\/sites\/3\/2025\/03\/pvn-09529.jpg_anchorcentermodecropwidth590height590upscalefalsernd133459122437270000.jpg","type":"image\/jpeg"}],"author":"admin","twitter_card":"summary_large_image","twitter_misc":{"Skriven av":"admin","Ber\u00e4knad l\u00e4stid":"5 minuter"},"schema":{"@context":"https:\/\/schema.org","@graph":[{"@type":"Article","@id":"https:\/\/www.nordicclimategroup.se\/dotterbolag\/nyhetsrum\/nyheter\/forvarv\/pvn-koleteknik-a-s-nordic-climate-group-vaxer-vidare-i-danmark\/#article","isPartOf":{"@id":"https:\/\/www.nordicclimategroup.se\/dotterbolag\/nyhetsrum\/nyheter\/forvarv\/pvn-koleteknik-a-s-nordic-climate-group-vaxer-vidare-i-danmark\/"},"author":{"name":"admin","@id":"https:\/\/www.nordicclimategroup.se\/dotterbolag\/#\/schema\/person\/facad66499691d7986ce0d727cd80347"},"headline":"PVN K\u00f8leteknik A\/S \u2013 Nordic Climate Group v\u00e4xer vidare i Danmark","datePublished":"2023-08-24T14:03:00+00:00","dateModified":"2025-03-21T14:09:53+00:00","mainEntityOfPage":{"@id":"https:\/\/www.nordicclimategroup.se\/dotterbolag\/nyhetsrum\/nyheter\/forvarv\/pvn-koleteknik-a-s-nordic-climate-group-vaxer-vidare-i-danmark\/"},"wordCount":688,"commentCount":0,"publisher":{"@id":"https:\/\/www.nordicclimategroup.se\/dotterbolag\/#organization"},"image":{"@id":"https:\/\/www.nordicclimategroup.se\/dotterbolag\/nyhetsrum\/nyheter\/forvarv\/pvn-koleteknik-a-s-nordic-climate-group-vaxer-vidare-i-danmark\/#primaryimage"},"thumbnailUrl":"https:\/\/www.nordicclimategroup.se\/dotterbolag\/wp-content\/uploads\/sites\/3\/2025\/03\/pvn-09529.jpg_anchorcentermodecropwidth590height590upscalefalsernd133459122437270000.jpg","articleSection":["F\u00f6rv\u00e4rv"],"inLanguage":"sv-SE","potentialAction":[{"@type":"CommentAction","name":"Comment","target":["https:\/\/www.nordicclimategroup.se\/dotterbolag\/nyhetsrum\/nyheter\/forvarv\/pvn-koleteknik-a-s-nordic-climate-group-vaxer-vidare-i-danmark\/#respond"]}]},{"@type":"WebPage","@id":"https:\/\/www.nordicclimategroup.se\/dotterbolag\/nyhetsrum\/nyheter\/forvarv\/pvn-koleteknik-a-s-nordic-climate-group-vaxer-vidare-i-danmark\/","url":"https:\/\/www.nordicclimategroup.se\/dotterbolag\/nyhetsrum\/nyheter\/forvarv\/pvn-koleteknik-a-s-nordic-climate-group-vaxer-vidare-i-danmark\/","name":"PVN K\u00f8leteknik A\/S \u2013 Nordic Climate Group v\u00e4xer vidare i Danmark - Dotterbolag","isPartOf":{"@id":"https:\/\/www.nordicclimategroup.se\/dotterbolag\/#website"},"primaryImageOfPage":{"@id":"https:\/\/www.nordicclimategroup.se\/dotterbolag\/nyhetsrum\/nyheter\/forvarv\/pvn-koleteknik-a-s-nordic-climate-group-vaxer-vidare-i-danmark\/#primaryimage"},"image":{"@id":"https:\/\/www.nordicclimategroup.se\/dotterbolag\/nyhetsrum\/nyheter\/forvarv\/pvn-koleteknik-a-s-nordic-climate-group-vaxer-vidare-i-danmark\/#primaryimage"},"thumbnailUrl":"https:\/\/www.nordicclimategroup.se\/dotterbolag\/wp-content\/uploads\/sites\/3\/2025\/03\/pvn-09529.jpg_anchorcentermodecropwidth590height590upscalefalsernd133459122437270000.jpg","datePublished":"2023-08-24T14:03:00+00:00","dateModified":"2025-03-21T14:09:53+00:00","inLanguage":"sv-SE","potentialAction":[{"@type":"ReadAction","target":["https:\/\/www.nordicclimategroup.se\/dotterbolag\/nyhetsrum\/nyheter\/forvarv\/pvn-koleteknik-a-s-nordic-climate-group-vaxer-vidare-i-danmark\/"]}]},{"@type":"ImageObject","inLanguage":"sv-SE","@id":"https:\/\/www.nordicclimategroup.se\/dotterbolag\/nyhetsrum\/nyheter\/forvarv\/pvn-koleteknik-a-s-nordic-climate-group-vaxer-vidare-i-danmark\/#primaryimage","url":"https:\/\/www.nordicclimategroup.se\/dotterbolag\/wp-content\/uploads\/sites\/3\/2025\/03\/pvn-09529.jpg_anchorcentermodecropwidth590height590upscalefalsernd133459122437270000.jpg","contentUrl":"https:\/\/www.nordicclimategroup.se\/dotterbolag\/wp-content\/uploads\/sites\/3\/2025\/03\/pvn-09529.jpg_anchorcentermodecropwidth590height590upscalefalsernd133459122437270000.jpg","width":590,"height":590},{"@type":"WebSite","@id":"https:\/\/www.nordicclimategroup.se\/dotterbolag\/#website","url":"https:\/\/www.nordicclimategroup.se\/dotterbolag\/","name":"Dotterbolag","description":"","publisher":{"@id":"https:\/\/www.nordicclimategroup.se\/dotterbolag\/#organization"},"potentialAction":[{"@type":"SearchAction","target":{"@type":"EntryPoint","urlTemplate":"https:\/\/www.nordicclimategroup.se\/dotterbolag\/?s={search_term_string}"},"query-input":{"@type":"PropertyValueSpecification","valueRequired":true,"valueName":"search_term_string"}}],"inLanguage":"sv-SE"},{"@type":"Organization","@id":"https:\/\/www.nordicclimategroup.se\/dotterbolag\/#organization","name":"Dotterbolag","url":"https:\/\/www.nordicclimategroup.se\/dotterbolag\/","logo":{"@type":"ImageObject","inLanguage":"sv-SE","@id":"https:\/\/www.nordicclimategroup.se\/dotterbolag\/#\/schema\/logo\/image\/","url":"https:\/\/www.nordicclimategroup.se\/dotterbolag\/wp-content\/uploads\/sites\/3\/2024\/02\/NCG-LOGO.svg","contentUrl":"https:\/\/www.nordicclimategroup.se\/dotterbolag\/wp-content\/uploads\/sites\/3\/2024\/02\/NCG-LOGO.svg","caption":"Dotterbolag"},"image":{"@id":"https:\/\/www.nordicclimategroup.se\/dotterbolag\/#\/schema\/logo\/image\/"}},{"@type":"Person","@id":"https:\/\/www.nordicclimategroup.se\/dotterbolag\/#\/schema\/person\/facad66499691d7986ce0d727cd80347","name":"admin","image":{"@type":"ImageObject","inLanguage":"sv-SE","@id":"https:\/\/www.nordicclimategroup.se\/dotterbolag\/#\/schema\/person\/image\/","url":"https:\/\/secure.gravatar.com\/avatar\/04bb6f505c842e525adc7c63df6c0b599b63fe7fde089987dbab6e0bcf6882b3?s=96&d=mm&r=g","contentUrl":"https:\/\/secure.gravatar.com\/avatar\/04bb6f505c842e525adc7c63df6c0b599b63fe7fde089987dbab6e0bcf6882b3?s=96&d=mm&r=g","caption":"admin"},"sameAs":["https:\/\/designteamet.se"],"url":"https:\/\/www.nordicclimategroup.se\/dotterbolag\/nyhetsrum\/nyheter\/author\/designteamet\/"}]}},"_links":{"self":[{"href":"https:\/\/www.nordicclimategroup.se\/dotterbolag\/wp-json\/wp\/v2\/posts\/6343","targetHints":{"allow":["GET"]}}],"collection":[{"href":"https:\/\/www.nordicclimategroup.se\/dotterbolag\/wp-json\/wp\/v2\/posts"}],"about":[{"href":"https:\/\/www.nordicclimategroup.se\/dotterbolag\/wp-json\/wp\/v2\/types\/post"}],"author":[{"embeddable":true,"href":"https:\/\/www.nordicclimategroup.se\/dotterbolag\/wp-json\/wp\/v2\/users\/1"}],"replies":[{"embeddable":true,"href":"https:\/\/www.nordicclimategroup.se\/dotterbolag\/wp-json\/wp\/v2\/comments?post=6343"}],"version-history":[{"count":3,"href":"https:\/\/www.nordicclimategroup.se\/dotterbolag\/wp-json\/wp\/v2\/posts\/6343\/revisions"}],"predecessor-version":[{"id":6353,"href":"https:\/\/www.nordicclimategroup.se\/dotterbolag\/wp-json\/wp\/v2\/posts\/6343\/revisions\/6353"}],"wp:featuredmedia":[{"embeddable":true,"href":"https:\/\/www.nordicclimategroup.se\/dotterbolag\/wp-json\/wp\/v2\/media\/6344"}],"wp:attachment":[{"href":"https:\/\/www.nordicclimategroup.se\/dotterbolag\/wp-json\/wp\/v2\/media?parent=6343"}],"wp:term":[{"taxonomy":"category","embeddable":true,"href":"https:\/\/www.nordicclimategroup.se\/dotterbolag\/wp-json\/wp\/v2\/categories?post=6343"},{"taxonomy":"post_tag","embeddable":true,"href":"https:\/\/www.nordicclimategroup.se\/dotterbolag\/wp-json\/wp\/v2\/tags?post=6343"}],"curies":[{"name":"wp","href":"https:\/\/api.w.org\/{rel}","templated":true}]}}