{"id":6324,"date":"2023-08-28T13:53:00","date_gmt":"2023-08-28T13:53:00","guid":{"rendered":"https:\/\/server03.blackpixel.se\/~designteamet\/?p=6324"},"modified":"2025-03-21T14:01:31","modified_gmt":"2025-03-21T14:01:31","slug":"kylanlaggningar-i-norrkoping-ab-ansluter-till-nordic-climate-group","status":"publish","type":"post","link":"https:\/\/www.nordicclimategroup.se\/dotterbolag\/nyhetsrum\/nyheter\/forvarv\/kylanlaggningar-i-norrkoping-ab-ansluter-till-nordic-climate-group\/","title":{"rendered":"Kylanl\u00e4ggningar i Norrk\u00f6ping AB ansluter till Nordic Climate Group"},"content":{"rendered":"\n<p>Nordic Climate Group f\u00f6rst\u00e4rker sin position i \u00f6stra Sverige genom f\u00f6rv\u00e4rvet av Kylanl\u00e4ggningar i Norrk\u00f6ping AB. Bolaget som fokuserar p\u00e5 kyl- och v\u00e4rmepumpsl\u00f6sningar f\u00f6r klimat, livsmedelsindustri och stork\u00f6k \u00e4r ett viktigt tillskott till Nordic Climate Group som bef\u00e4ster sin position som Nordens ledande akt\u00f6r inom kyl-, v\u00e4rme- och energieffektiva installationer. Kylanl\u00e4ggningar etablerades 1988 och \u00e4r v\u00e4l inarbetade i \u00d6sterg\u00f6tland och S\u00f6rmland. Kylanl\u00e4ggningar oms\u00e4tter 37 miljoner SEK och har 16 anst\u00e4llda.<\/p>\n\n\n\n<p>&#8211; L\u00e5nga kundrelationer baserat p\u00e5 noggrannhet och kvalitet har pr\u00e4glat v\u00e5rt arbete sedan starten 1988. Att vi nu ansluter till Nordic Climate Group \u00e4r ett steg f\u00f6r att s\u00e4kerst\u00e4lla att vi kan jobba vidare p\u00e5 den v\u00e4gen. Vi ser ocks\u00e5 att v\u00e5rt helhetst\u00e4nk \u201dfr\u00e5n id\u00e9 till f\u00e4rdig entreprenad\u201d st\u00e4rks genom samarbetsm\u00f6jligheterna med de andra bolagen i gruppen, s\u00e4ger Mats Hint, VD, Kylanl\u00e4ggningar. D\u00e4rtill kommer vi i en utvecklingsmilj\u00f6 som skapar m\u00f6jligheter att kunna erbjuda det allra b\u00e4sta inom energieffektivitet och l\u00f6sningar med naturliga k\u00f6ldmedier.<\/p>\n\n\n\n<p>Grunden i Nordic Climate Groups verksamhet \u00e4r en stark lokal marknadsposition. Det inneb\u00e4r att Kylanl\u00e4ggningar, precis som de andra bolagen som ing\u00e5r i gruppen, jobbar vidare med sitt lokala varum\u00e4rke, tidigare bolagsledning kvarst\u00e5r och nuvarande verksamhet samt kunder prioriteras. Nordic Climate Group har sedan tidigare installations- och serviceverksamhet i \u00d6sterg\u00f6tland genom GS Kylservice och Wester Kylteknik.&nbsp;<\/p>\n\n\n\n<p>&#8211; Det \u00e4r med gl\u00e4dje jag v\u00e4lkomnar Kylanl\u00e4ggningar till Nordic Climate Group. Det \u00e4r precis den typen av f\u00f6retag som st\u00e4rker gruppen. V\u00e4lsk\u00f6tt och p\u00e5litligt b\u00e5de f\u00f6r kunder och medarbetare. Tryggheten fr\u00e5n id\u00e9 via entreprenad till service och underh\u00e5ll st\u00e4mmer v\u00e4l med v\u00e5r filosofi och v\u00e5rt servicet\u00e4nkande inom gruppen, s\u00e4ger Fredrik Gren, koncernchef, Nordic Climate Group.<\/p>\n\n\n\n<p>Nordic Climate Groups fokus \u00e4r att hj\u00e4lpa sina kunder att minimera klimatavtrycket och maximera energieffektiviteten. Planen \u00e4r att forts\u00e4tta bygga ett ledande bolag i norra Europa med stark tillv\u00e4xt b\u00e5de organiskt och genom ytterligare f\u00f6rv\u00e4rv.<\/p>\n\n\n\n<p>&#8211; Vi \u00e4r \u00f6vertygade om att v\u00e5r framg\u00e5ng bygger p\u00e5 entrepren\u00f6rskraft, decentraliserade verksamhetsenheter med samarbeten inom aff\u00e4rer\/upphandlingar, personalutbildning och delande av tekniskt kunnande, s\u00e4ger Fredrik Gren.<\/p>\n\n\n\n<div style=\"height:50px\" aria-hidden=\"true\" class=\"wp-block-spacer\"><\/div>\n\n\n\n<h2 class=\"wp-block-heading\">F\u00f6r mer information v\u00e4nligen kontakta<\/h2>\n\n\n\n<p>Fredrik Gren, VD Nordic Climate Group<br>Tel +46&nbsp;705 11 64 99<br><a href=\"mailto:fredrik.gren@nordicclimategroup.se\">fredrik.gren@nordicclimategroup.se<\/a><\/p>\n\n\n\n<p>Mats Hint, VD, Kylanl\u00e4ggningar i Norrk\u00f6ping<\/p>\n\n\n\n<p>Tel +46&nbsp;70&nbsp;521 04 05<\/p>\n\n\n\n<p><a href=\"mailto:mats@knab.se%20u\">mats@knab.se<\/a><\/p>\n\n\n\n<div style=\"height:50px\" aria-hidden=\"true\" class=\"wp-block-spacer\"><\/div>\n\n\n\n<figure class=\"wp-block-gallery has-nested-images columns-default is-cropped wp-block-gallery-1 is-layout-flex wp-block-gallery-is-layout-flex\">\n<figure class=\"wp-block-image size-full has-custom-border\"><img fetchpriority=\"high\" decoding=\"async\" width=\"480\" height=\"640\" data-id=\"6329\" src=\"https:\/\/server03.blackpixel.se\/~designteamet\/wp-content\/uploads\/sites\/3\/2025\/03\/img_8984.jpeg_anchorcentermodecropwidth480upscalefalsernd133607862949700000.jpg\" alt=\"Mats Hint, VD, Kylanl\u00e4ggningar Norrk\u00f6ping\" class=\"wp-image-6329\" style=\"border-radius:4px\" srcset=\"https:\/\/www.nordicclimategroup.se\/dotterbolag\/wp-content\/uploads\/sites\/3\/2025\/03\/img_8984.jpeg_anchorcentermodecropwidth480upscalefalsernd133607862949700000.jpg 480w, https:\/\/www.nordicclimategroup.se\/dotterbolag\/wp-content\/uploads\/sites\/3\/2025\/03\/img_8984.jpeg_anchorcentermodecropwidth480upscalefalsernd133607862949700000-225x300.jpg 225w\" sizes=\"(max-width: 480px) 100vw, 480px\" \/><figcaption class=\"wp-element-caption\">Mats Hint, VD, Kylanl\u00e4ggningar Norrk\u00f6ping<\/figcaption><\/figure>\n\n\n\n<figure class=\"wp-block-image size-full has-custom-border\"><img decoding=\"async\" width=\"480\" height=\"599\" data-id=\"6328\" src=\"https:\/\/server03.blackpixel.se\/~designteamet\/wp-content\/uploads\/sites\/3\/2025\/03\/fredrik-gren6.jpg_center0.333090565046766150.5015198063103844modecropwidth480upscalefalsernd133733713250430000.jpg\" alt=\"Fredrik Gren, VD, Nordic Climate Group\n\" class=\"wp-image-6328\" style=\"border-radius:4px\" srcset=\"https:\/\/www.nordicclimategroup.se\/dotterbolag\/wp-content\/uploads\/sites\/3\/2025\/03\/fredrik-gren6.jpg_center0.333090565046766150.5015198063103844modecropwidth480upscalefalsernd133733713250430000.jpg 480w, https:\/\/www.nordicclimategroup.se\/dotterbolag\/wp-content\/uploads\/sites\/3\/2025\/03\/fredrik-gren6.jpg_center0.333090565046766150.5015198063103844modecropwidth480upscalefalsernd133733713250430000-240x300.jpg 240w\" sizes=\"(max-width: 480px) 100vw, 480px\" \/><figcaption class=\"wp-element-caption\">Fredrik Gren, VD, Nordic Climate Group\n<\/figcaption><\/figure>\n<\/figure>\n\n\n\n<div style=\"height:50px\" aria-hidden=\"true\" class=\"wp-block-spacer\"><\/div>\n\n\n\n<h2 class=\"wp-block-heading\">Pressmeddelande svenska<\/h2>\n\n\n\n<div class=\"wp-block-file has-link-color wp-elements-acc699dc1da80ddadd16a2562c0a64e1\"><a id=\"wp-block-file--media-456d1b0f-8a65-47b9-9769-68e5524e6a14\" href=\"https:\/\/server03.blackpixel.se\/~designteamet\/wp-content\/uploads\/sites\/3\/2023\/08\/pressmeddelande-ncg-fo-rva-rvar-kylanla-ggningar-20230828.pdf\" target=\"_blank\" rel=\"noreferrer noopener\">pressmeddelande-ncg-fo-rva-rvar-kylanla-ggningar-20230828<\/a><a href=\"https:\/\/server03.blackpixel.se\/~designteamet\/wp-content\/uploads\/sites\/3\/2023\/08\/pressmeddelande-ncg-fo-rva-rvar-kylanla-ggningar-20230828.pdf\" class=\"wp-block-file__button wp-element-button\" download aria-describedby=\"wp-block-file--media-456d1b0f-8a65-47b9-9769-68e5524e6a14\">Ladda ner<\/a><\/div>\n\n\n\n<h2 class=\"wp-block-heading\">Pressmeddelande engelska<\/h2>\n\n\n\n<div class=\"wp-block-file has-link-color wp-elements-77cdf690a6a9414fa4e39f7bae9cc363\"><a id=\"wp-block-file--media-bac0a4fa-7900-4de2-ae11-1047e7b251d9\" href=\"https:\/\/server03.blackpixel.se\/~designteamet\/wp-content\/uploads\/sites\/3\/2023\/08\/pressmeddelande-ncg-fo-rva-rvar-kylanla-ggningar-20230828_eng.pdf\" target=\"_blank\" rel=\"noreferrer noopener\">pressmeddelande-ncg-fo-rva-rvar-kylanla-ggningar-20230828_eng<\/a><a href=\"https:\/\/server03.blackpixel.se\/~designteamet\/wp-content\/uploads\/sites\/3\/2023\/08\/pressmeddelande-ncg-fo-rva-rvar-kylanla-ggningar-20230828_eng.pdf\" class=\"wp-block-file__button wp-element-button\" download aria-describedby=\"wp-block-file--media-bac0a4fa-7900-4de2-ae11-1047e7b251d9\">Ladda ner<\/a><\/div>\n","protected":false},"excerpt":{"rendered":"<p>Nordic Climate Group f\u00f6rst\u00e4rker sin position i \u00f6stra Sverige genom f\u00f6rv\u00e4rvet av Kylanl\u00e4ggningar i Norrk\u00f6ping AB. Bolaget som fokuserar p\u00e5 kyl- och v\u00e4rmepumpsl\u00f6sningar f\u00f6r klimat, livsmedelsindustri och stork\u00f6k \u00e4r ett viktigt tillskott till Nordic Climate Group som bef\u00e4ster sin position som Nordens ledande akt\u00f6r inom kyl-, v\u00e4rme- och energieffektiva installationer. Kylanl\u00e4ggningar etablerades 1988 och \u00e4r v\u00e4l inarbetade i \u00d6sterg\u00f6tland och S\u00f6rmland. Kylanl\u00e4ggningar oms\u00e4tter 37 miljoner SEK och har 16 anst\u00e4llda.<\/p>\n","protected":false},"author":1,"featured_media":6326,"comment_status":"open","ping_status":"open","sticky":false,"template":"","format":"standard","meta":{"_acf_changed":false,"footnotes":""},"categories":[10],"tags":[],"class_list":["post-6324","post","type-post","status-publish","format-standard","has-post-thumbnail","hentry","category-forvarv"],"acf":[],"yoast_head":"<!-- This site is optimized with the Yoast SEO plugin v25.4 - https:\/\/yoast.com\/wordpress\/plugins\/seo\/ -->\n<title>Kylanl\u00e4ggningar i Norrk\u00f6ping AB ansluter till Nordic Climate Group - Dotterbolag<\/title>\n<meta name=\"robots\" content=\"noindex, follow, max-snippet:-1, max-image-preview:large, max-video-preview:-1\" \/>\n<meta property=\"og:locale\" content=\"sv_SE\" \/>\n<meta property=\"og:type\" content=\"article\" \/>\n<meta property=\"og:title\" content=\"Kylanl\u00e4ggningar i Norrk\u00f6ping AB ansluter till Nordic Climate Group - Dotterbolag\" \/>\n<meta property=\"og:description\" content=\"Nordic Climate Group f\u00f6rst\u00e4rker sin position i \u00f6stra Sverige genom f\u00f6rv\u00e4rvet av Kylanl\u00e4ggningar i Norrk\u00f6ping AB. Bolaget som fokuserar p\u00e5 kyl- och v\u00e4rmepumpsl\u00f6sningar f\u00f6r klimat, livsmedelsindustri och stork\u00f6k \u00e4r ett viktigt tillskott till Nordic Climate Group som bef\u00e4ster sin position som Nordens ledande akt\u00f6r inom kyl-, v\u00e4rme- och energieffektiva installationer. Kylanl\u00e4ggningar etablerades 1988 och \u00e4r v\u00e4l inarbetade i \u00d6sterg\u00f6tland och S\u00f6rmland. Kylanl\u00e4ggningar oms\u00e4tter 37 miljoner SEK och har 16 anst\u00e4llda.\" \/>\n<meta property=\"og:url\" content=\"https:\/\/www.nordicclimategroup.se\/dotterbolag\/nyhetsrum\/nyheter\/forvarv\/kylanlaggningar-i-norrkoping-ab-ansluter-till-nordic-climate-group\/\" \/>\n<meta property=\"og:site_name\" content=\"Dotterbolag\" \/>\n<meta property=\"article:published_time\" content=\"2023-08-28T13:53:00+00:00\" \/>\n<meta property=\"article:modified_time\" content=\"2025-03-21T14:01:31+00:00\" \/>\n<meta property=\"og:image\" content=\"https:\/\/www.nordicclimategroup.se\/dotterbolag\/wp-content\/uploads\/sites\/3\/2025\/03\/img_3410.jpeg_anchorcentermodecropwidth590height590upscalefalsernd133607862949070000.jpg\" \/>\n\t<meta property=\"og:image:width\" content=\"590\" \/>\n\t<meta property=\"og:image:height\" content=\"590\" \/>\n\t<meta property=\"og:image:type\" content=\"image\/jpeg\" \/>\n<meta name=\"author\" content=\"admin\" \/>\n<meta name=\"twitter:card\" content=\"summary_large_image\" \/>\n<meta name=\"twitter:label1\" content=\"Skriven av\" \/>\n\t<meta name=\"twitter:data1\" content=\"admin\" \/>\n\t<meta name=\"twitter:label2\" content=\"Ber\u00e4knad l\u00e4stid\" \/>\n\t<meta name=\"twitter:data2\" content=\"3 minuter\" \/>\n<script type=\"application\/ld+json\" class=\"yoast-schema-graph\">{\"@context\":\"https:\/\/schema.org\",\"@graph\":[{\"@type\":\"Article\",\"@id\":\"https:\/\/www.nordicclimategroup.se\/dotterbolag\/nyhetsrum\/nyheter\/forvarv\/kylanlaggningar-i-norrkoping-ab-ansluter-till-nordic-climate-group\/#article\",\"isPartOf\":{\"@id\":\"https:\/\/www.nordicclimategroup.se\/dotterbolag\/nyhetsrum\/nyheter\/forvarv\/kylanlaggningar-i-norrkoping-ab-ansluter-till-nordic-climate-group\/\"},\"author\":{\"name\":\"admin\",\"@id\":\"https:\/\/www.nordicclimategroup.se\/dotterbolag\/#\/schema\/person\/facad66499691d7986ce0d727cd80347\"},\"headline\":\"Kylanl\u00e4ggningar i Norrk\u00f6ping AB ansluter till Nordic Climate Group\",\"datePublished\":\"2023-08-28T13:53:00+00:00\",\"dateModified\":\"2025-03-21T14:01:31+00:00\",\"mainEntityOfPage\":{\"@id\":\"https:\/\/www.nordicclimategroup.se\/dotterbolag\/nyhetsrum\/nyheter\/forvarv\/kylanlaggningar-i-norrkoping-ab-ansluter-till-nordic-climate-group\/\"},\"wordCount\":467,\"commentCount\":0,\"publisher\":{\"@id\":\"https:\/\/www.nordicclimategroup.se\/dotterbolag\/#organization\"},\"image\":{\"@id\":\"https:\/\/www.nordicclimategroup.se\/dotterbolag\/nyhetsrum\/nyheter\/forvarv\/kylanlaggningar-i-norrkoping-ab-ansluter-till-nordic-climate-group\/#primaryimage\"},\"thumbnailUrl\":\"https:\/\/www.nordicclimategroup.se\/dotterbolag\/wp-content\/uploads\/sites\/3\/2025\/03\/img_3410.jpeg_anchorcentermodecropwidth590height590upscalefalsernd133607862949070000.jpg\",\"articleSection\":[\"F\u00f6rv\u00e4rv\"],\"inLanguage\":\"sv-SE\",\"potentialAction\":[{\"@type\":\"CommentAction\",\"name\":\"Comment\",\"target\":[\"https:\/\/www.nordicclimategroup.se\/dotterbolag\/nyhetsrum\/nyheter\/forvarv\/kylanlaggningar-i-norrkoping-ab-ansluter-till-nordic-climate-group\/#respond\"]}]},{\"@type\":\"WebPage\",\"@id\":\"https:\/\/www.nordicclimategroup.se\/dotterbolag\/nyhetsrum\/nyheter\/forvarv\/kylanlaggningar-i-norrkoping-ab-ansluter-till-nordic-climate-group\/\",\"url\":\"https:\/\/www.nordicclimategroup.se\/dotterbolag\/nyhetsrum\/nyheter\/forvarv\/kylanlaggningar-i-norrkoping-ab-ansluter-till-nordic-climate-group\/\",\"name\":\"Kylanl\u00e4ggningar i Norrk\u00f6ping AB ansluter till Nordic Climate Group - Dotterbolag\",\"isPartOf\":{\"@id\":\"https:\/\/www.nordicclimategroup.se\/dotterbolag\/#website\"},\"primaryImageOfPage\":{\"@id\":\"https:\/\/www.nordicclimategroup.se\/dotterbolag\/nyhetsrum\/nyheter\/forvarv\/kylanlaggningar-i-norrkoping-ab-ansluter-till-nordic-climate-group\/#primaryimage\"},\"image\":{\"@id\":\"https:\/\/www.nordicclimategroup.se\/dotterbolag\/nyhetsrum\/nyheter\/forvarv\/kylanlaggningar-i-norrkoping-ab-ansluter-till-nordic-climate-group\/#primaryimage\"},\"thumbnailUrl\":\"https:\/\/www.nordicclimategroup.se\/dotterbolag\/wp-content\/uploads\/sites\/3\/2025\/03\/img_3410.jpeg_anchorcentermodecropwidth590height590upscalefalsernd133607862949070000.jpg\",\"datePublished\":\"2023-08-28T13:53:00+00:00\",\"dateModified\":\"2025-03-21T14:01:31+00:00\",\"inLanguage\":\"sv-SE\",\"potentialAction\":[{\"@type\":\"ReadAction\",\"target\":[\"https:\/\/www.nordicclimategroup.se\/dotterbolag\/nyhetsrum\/nyheter\/forvarv\/kylanlaggningar-i-norrkoping-ab-ansluter-till-nordic-climate-group\/\"]}]},{\"@type\":\"ImageObject\",\"inLanguage\":\"sv-SE\",\"@id\":\"https:\/\/www.nordicclimategroup.se\/dotterbolag\/nyhetsrum\/nyheter\/forvarv\/kylanlaggningar-i-norrkoping-ab-ansluter-till-nordic-climate-group\/#primaryimage\",\"url\":\"https:\/\/www.nordicclimategroup.se\/dotterbolag\/wp-content\/uploads\/sites\/3\/2025\/03\/img_3410.jpeg_anchorcentermodecropwidth590height590upscalefalsernd133607862949070000.jpg\",\"contentUrl\":\"https:\/\/www.nordicclimategroup.se\/dotterbolag\/wp-content\/uploads\/sites\/3\/2025\/03\/img_3410.jpeg_anchorcentermodecropwidth590height590upscalefalsernd133607862949070000.jpg\",\"width\":590,\"height\":590},{\"@type\":\"WebSite\",\"@id\":\"https:\/\/www.nordicclimategroup.se\/dotterbolag\/#website\",\"url\":\"https:\/\/www.nordicclimategroup.se\/dotterbolag\/\",\"name\":\"Dotterbolag\",\"description\":\"\",\"publisher\":{\"@id\":\"https:\/\/www.nordicclimategroup.se\/dotterbolag\/#organization\"},\"potentialAction\":[{\"@type\":\"SearchAction\",\"target\":{\"@type\":\"EntryPoint\",\"urlTemplate\":\"https:\/\/www.nordicclimategroup.se\/dotterbolag\/?s={search_term_string}\"},\"query-input\":{\"@type\":\"PropertyValueSpecification\",\"valueRequired\":true,\"valueName\":\"search_term_string\"}}],\"inLanguage\":\"sv-SE\"},{\"@type\":\"Organization\",\"@id\":\"https:\/\/www.nordicclimategroup.se\/dotterbolag\/#organization\",\"name\":\"Dotterbolag\",\"url\":\"https:\/\/www.nordicclimategroup.se\/dotterbolag\/\",\"logo\":{\"@type\":\"ImageObject\",\"inLanguage\":\"sv-SE\",\"@id\":\"https:\/\/www.nordicclimategroup.se\/dotterbolag\/#\/schema\/logo\/image\/\",\"url\":\"https:\/\/www.nordicclimategroup.se\/dotterbolag\/wp-content\/uploads\/sites\/3\/2024\/02\/NCG-LOGO.svg\",\"contentUrl\":\"https:\/\/www.nordicclimategroup.se\/dotterbolag\/wp-content\/uploads\/sites\/3\/2024\/02\/NCG-LOGO.svg\",\"caption\":\"Dotterbolag\"},\"image\":{\"@id\":\"https:\/\/www.nordicclimategroup.se\/dotterbolag\/#\/schema\/logo\/image\/\"}},{\"@type\":\"Person\",\"@id\":\"https:\/\/www.nordicclimategroup.se\/dotterbolag\/#\/schema\/person\/facad66499691d7986ce0d727cd80347\",\"name\":\"admin\",\"image\":{\"@type\":\"ImageObject\",\"inLanguage\":\"sv-SE\",\"@id\":\"https:\/\/www.nordicclimategroup.se\/dotterbolag\/#\/schema\/person\/image\/\",\"url\":\"https:\/\/secure.gravatar.com\/avatar\/04bb6f505c842e525adc7c63df6c0b599b63fe7fde089987dbab6e0bcf6882b3?s=96&d=mm&r=g\",\"contentUrl\":\"https:\/\/secure.gravatar.com\/avatar\/04bb6f505c842e525adc7c63df6c0b599b63fe7fde089987dbab6e0bcf6882b3?s=96&d=mm&r=g\",\"caption\":\"admin\"},\"sameAs\":[\"https:\/\/designteamet.se\"],\"url\":\"https:\/\/www.nordicclimategroup.se\/dotterbolag\/nyhetsrum\/nyheter\/author\/designteamet\/\"}]}<\/script>\n<!-- \/ Yoast SEO plugin. -->","yoast_head_json":{"title":"Kylanl\u00e4ggningar i Norrk\u00f6ping AB ansluter till Nordic Climate Group - Dotterbolag","robots":{"index":"noindex","follow":"follow","max-snippet":"max-snippet:-1","max-image-preview":"max-image-preview:large","max-video-preview":"max-video-preview:-1"},"og_locale":"sv_SE","og_type":"article","og_title":"Kylanl\u00e4ggningar i Norrk\u00f6ping AB ansluter till Nordic Climate Group - Dotterbolag","og_description":"Nordic Climate Group f\u00f6rst\u00e4rker sin position i \u00f6stra Sverige genom f\u00f6rv\u00e4rvet av Kylanl\u00e4ggningar i Norrk\u00f6ping AB. Bolaget som fokuserar p\u00e5 kyl- och v\u00e4rmepumpsl\u00f6sningar f\u00f6r klimat, livsmedelsindustri och stork\u00f6k \u00e4r ett viktigt tillskott till Nordic Climate Group som bef\u00e4ster sin position som Nordens ledande akt\u00f6r inom kyl-, v\u00e4rme- och energieffektiva installationer. Kylanl\u00e4ggningar etablerades 1988 och \u00e4r v\u00e4l inarbetade i \u00d6sterg\u00f6tland och S\u00f6rmland. Kylanl\u00e4ggningar oms\u00e4tter 37 miljoner SEK och har 16 anst\u00e4llda.","og_url":"https:\/\/www.nordicclimategroup.se\/dotterbolag\/nyhetsrum\/nyheter\/forvarv\/kylanlaggningar-i-norrkoping-ab-ansluter-till-nordic-climate-group\/","og_site_name":"Dotterbolag","article_published_time":"2023-08-28T13:53:00+00:00","article_modified_time":"2025-03-21T14:01:31+00:00","og_image":[{"width":590,"height":590,"url":"https:\/\/www.nordicclimategroup.se\/dotterbolag\/wp-content\/uploads\/sites\/3\/2025\/03\/img_3410.jpeg_anchorcentermodecropwidth590height590upscalefalsernd133607862949070000.jpg","type":"image\/jpeg"}],"author":"admin","twitter_card":"summary_large_image","twitter_misc":{"Skriven av":"admin","Ber\u00e4knad l\u00e4stid":"3 minuter"},"schema":{"@context":"https:\/\/schema.org","@graph":[{"@type":"Article","@id":"https:\/\/www.nordicclimategroup.se\/dotterbolag\/nyhetsrum\/nyheter\/forvarv\/kylanlaggningar-i-norrkoping-ab-ansluter-till-nordic-climate-group\/#article","isPartOf":{"@id":"https:\/\/www.nordicclimategroup.se\/dotterbolag\/nyhetsrum\/nyheter\/forvarv\/kylanlaggningar-i-norrkoping-ab-ansluter-till-nordic-climate-group\/"},"author":{"name":"admin","@id":"https:\/\/www.nordicclimategroup.se\/dotterbolag\/#\/schema\/person\/facad66499691d7986ce0d727cd80347"},"headline":"Kylanl\u00e4ggningar i Norrk\u00f6ping AB ansluter till Nordic Climate Group","datePublished":"2023-08-28T13:53:00+00:00","dateModified":"2025-03-21T14:01:31+00:00","mainEntityOfPage":{"@id":"https:\/\/www.nordicclimategroup.se\/dotterbolag\/nyhetsrum\/nyheter\/forvarv\/kylanlaggningar-i-norrkoping-ab-ansluter-till-nordic-climate-group\/"},"wordCount":467,"commentCount":0,"publisher":{"@id":"https:\/\/www.nordicclimategroup.se\/dotterbolag\/#organization"},"image":{"@id":"https:\/\/www.nordicclimategroup.se\/dotterbolag\/nyhetsrum\/nyheter\/forvarv\/kylanlaggningar-i-norrkoping-ab-ansluter-till-nordic-climate-group\/#primaryimage"},"thumbnailUrl":"https:\/\/www.nordicclimategroup.se\/dotterbolag\/wp-content\/uploads\/sites\/3\/2025\/03\/img_3410.jpeg_anchorcentermodecropwidth590height590upscalefalsernd133607862949070000.jpg","articleSection":["F\u00f6rv\u00e4rv"],"inLanguage":"sv-SE","potentialAction":[{"@type":"CommentAction","name":"Comment","target":["https:\/\/www.nordicclimategroup.se\/dotterbolag\/nyhetsrum\/nyheter\/forvarv\/kylanlaggningar-i-norrkoping-ab-ansluter-till-nordic-climate-group\/#respond"]}]},{"@type":"WebPage","@id":"https:\/\/www.nordicclimategroup.se\/dotterbolag\/nyhetsrum\/nyheter\/forvarv\/kylanlaggningar-i-norrkoping-ab-ansluter-till-nordic-climate-group\/","url":"https:\/\/www.nordicclimategroup.se\/dotterbolag\/nyhetsrum\/nyheter\/forvarv\/kylanlaggningar-i-norrkoping-ab-ansluter-till-nordic-climate-group\/","name":"Kylanl\u00e4ggningar i Norrk\u00f6ping AB ansluter till Nordic Climate Group - Dotterbolag","isPartOf":{"@id":"https:\/\/www.nordicclimategroup.se\/dotterbolag\/#website"},"primaryImageOfPage":{"@id":"https:\/\/www.nordicclimategroup.se\/dotterbolag\/nyhetsrum\/nyheter\/forvarv\/kylanlaggningar-i-norrkoping-ab-ansluter-till-nordic-climate-group\/#primaryimage"},"image":{"@id":"https:\/\/www.nordicclimategroup.se\/dotterbolag\/nyhetsrum\/nyheter\/forvarv\/kylanlaggningar-i-norrkoping-ab-ansluter-till-nordic-climate-group\/#primaryimage"},"thumbnailUrl":"https:\/\/www.nordicclimategroup.se\/dotterbolag\/wp-content\/uploads\/sites\/3\/2025\/03\/img_3410.jpeg_anchorcentermodecropwidth590height590upscalefalsernd133607862949070000.jpg","datePublished":"2023-08-28T13:53:00+00:00","dateModified":"2025-03-21T14:01:31+00:00","inLanguage":"sv-SE","potentialAction":[{"@type":"ReadAction","target":["https:\/\/www.nordicclimategroup.se\/dotterbolag\/nyhetsrum\/nyheter\/forvarv\/kylanlaggningar-i-norrkoping-ab-ansluter-till-nordic-climate-group\/"]}]},{"@type":"ImageObject","inLanguage":"sv-SE","@id":"https:\/\/www.nordicclimategroup.se\/dotterbolag\/nyhetsrum\/nyheter\/forvarv\/kylanlaggningar-i-norrkoping-ab-ansluter-till-nordic-climate-group\/#primaryimage","url":"https:\/\/www.nordicclimategroup.se\/dotterbolag\/wp-content\/uploads\/sites\/3\/2025\/03\/img_3410.jpeg_anchorcentermodecropwidth590height590upscalefalsernd133607862949070000.jpg","contentUrl":"https:\/\/www.nordicclimategroup.se\/dotterbolag\/wp-content\/uploads\/sites\/3\/2025\/03\/img_3410.jpeg_anchorcentermodecropwidth590height590upscalefalsernd133607862949070000.jpg","width":590,"height":590},{"@type":"WebSite","@id":"https:\/\/www.nordicclimategroup.se\/dotterbolag\/#website","url":"https:\/\/www.nordicclimategroup.se\/dotterbolag\/","name":"Dotterbolag","description":"","publisher":{"@id":"https:\/\/www.nordicclimategroup.se\/dotterbolag\/#organization"},"potentialAction":[{"@type":"SearchAction","target":{"@type":"EntryPoint","urlTemplate":"https:\/\/www.nordicclimategroup.se\/dotterbolag\/?s={search_term_string}"},"query-input":{"@type":"PropertyValueSpecification","valueRequired":true,"valueName":"search_term_string"}}],"inLanguage":"sv-SE"},{"@type":"Organization","@id":"https:\/\/www.nordicclimategroup.se\/dotterbolag\/#organization","name":"Dotterbolag","url":"https:\/\/www.nordicclimategroup.se\/dotterbolag\/","logo":{"@type":"ImageObject","inLanguage":"sv-SE","@id":"https:\/\/www.nordicclimategroup.se\/dotterbolag\/#\/schema\/logo\/image\/","url":"https:\/\/www.nordicclimategroup.se\/dotterbolag\/wp-content\/uploads\/sites\/3\/2024\/02\/NCG-LOGO.svg","contentUrl":"https:\/\/www.nordicclimategroup.se\/dotterbolag\/wp-content\/uploads\/sites\/3\/2024\/02\/NCG-LOGO.svg","caption":"Dotterbolag"},"image":{"@id":"https:\/\/www.nordicclimategroup.se\/dotterbolag\/#\/schema\/logo\/image\/"}},{"@type":"Person","@id":"https:\/\/www.nordicclimategroup.se\/dotterbolag\/#\/schema\/person\/facad66499691d7986ce0d727cd80347","name":"admin","image":{"@type":"ImageObject","inLanguage":"sv-SE","@id":"https:\/\/www.nordicclimategroup.se\/dotterbolag\/#\/schema\/person\/image\/","url":"https:\/\/secure.gravatar.com\/avatar\/04bb6f505c842e525adc7c63df6c0b599b63fe7fde089987dbab6e0bcf6882b3?s=96&d=mm&r=g","contentUrl":"https:\/\/secure.gravatar.com\/avatar\/04bb6f505c842e525adc7c63df6c0b599b63fe7fde089987dbab6e0bcf6882b3?s=96&d=mm&r=g","caption":"admin"},"sameAs":["https:\/\/designteamet.se"],"url":"https:\/\/www.nordicclimategroup.se\/dotterbolag\/nyhetsrum\/nyheter\/author\/designteamet\/"}]}},"_links":{"self":[{"href":"https:\/\/www.nordicclimategroup.se\/dotterbolag\/wp-json\/wp\/v2\/posts\/6324","targetHints":{"allow":["GET"]}}],"collection":[{"href":"https:\/\/www.nordicclimategroup.se\/dotterbolag\/wp-json\/wp\/v2\/posts"}],"about":[{"href":"https:\/\/www.nordicclimategroup.se\/dotterbolag\/wp-json\/wp\/v2\/types\/post"}],"author":[{"embeddable":true,"href":"https:\/\/www.nordicclimategroup.se\/dotterbolag\/wp-json\/wp\/v2\/users\/1"}],"replies":[{"embeddable":true,"href":"https:\/\/www.nordicclimategroup.se\/dotterbolag\/wp-json\/wp\/v2\/comments?post=6324"}],"version-history":[{"count":8,"href":"https:\/\/www.nordicclimategroup.se\/dotterbolag\/wp-json\/wp\/v2\/posts\/6324\/revisions"}],"predecessor-version":[{"id":6342,"href":"https:\/\/www.nordicclimategroup.se\/dotterbolag\/wp-json\/wp\/v2\/posts\/6324\/revisions\/6342"}],"wp:featuredmedia":[{"embeddable":true,"href":"https:\/\/www.nordicclimategroup.se\/dotterbolag\/wp-json\/wp\/v2\/media\/6326"}],"wp:attachment":[{"href":"https:\/\/www.nordicclimategroup.se\/dotterbolag\/wp-json\/wp\/v2\/media?parent=6324"}],"wp:term":[{"taxonomy":"category","embeddable":true,"href":"https:\/\/www.nordicclimategroup.se\/dotterbolag\/wp-json\/wp\/v2\/categories?post=6324"},{"taxonomy":"post_tag","embeddable":true,"href":"https:\/\/www.nordicclimategroup.se\/dotterbolag\/wp-json\/wp\/v2\/tags?post=6324"}],"curies":[{"name":"wp","href":"https:\/\/api.w.org\/{rel}","templated":true}]}}