{"id":6309,"date":"2023-11-01T13:41:00","date_gmt":"2023-11-01T13:41:00","guid":{"rendered":"https:\/\/server03.blackpixel.se\/~designteamet\/?p=6309"},"modified":"2025-03-21T13:42:18","modified_gmt":"2025-03-21T13:42:18","slug":"jf-koleteknik-forvarvas-av-sa-al-koleteknik","status":"publish","type":"post","link":"https:\/\/www.nordicclimategroup.se\/dotterbolag\/nyhetsrum\/nyheter\/forvarv\/jf-koleteknik-forvarvas-av-sa-al-koleteknik\/","title":{"rendered":"JF K\u00f8leteknik f\u00f6rv\u00e4rvas av SA-AL K\u00f8leteknik"},"content":{"rendered":"\n<p>&#8211; Vi \u00e4r glada f\u00f6r samarbetet med JF K\u00f8leteknik och ser fram mot att kunna hj\u00e4lpa v\u00e5ra kunder med en bredare resurs. \u00c4ven om vi bara ing\u00e5tt i Nordic Climate Group en kort tid s\u00e5 ser vi f\u00f6rdelarna b\u00e5de f\u00f6r oss som bolag och f\u00f6r kunderna, s\u00e4ger Rune H\u00f8yer, VD, SA-AL<\/p>\n\n\n\n<p>-Det \u00e4r inspirerande att kunna samarbeta i en s\u00e5 bred grupp som Nordic Climate Group. Det ger oss helt nya f\u00f6ruts\u00e4ttningar att kunna utvecklas vidare, s\u00e4ger Morten Hansen, VD, JF K\u00f8leteknik<\/p>\n\n\n\n<p>Genom f\u00f6rv\u00e4rvet av JF K\u00f8leteknik finns Nordic Climate Group p\u00e5 6 orter i Danmark. Nordic Climate Groups fokus \u00e4r att hj\u00e4lpa sina kunder att minimera klimatavtrycket och maximera energieffektiviteten. Planen \u00e4r att forts\u00e4tta bygga ett ledande bolag i norra Europa med stark tillv\u00e4xt b\u00e5de organiskt och genom ytterligare f\u00f6rv\u00e4rv. Modellen bygger p\u00e5 entrepren\u00f6rskap, decentraliserade verksamheter med samarbeten inom aff\u00e4rer\/upphandlingar, personalutbildning och delande av tekniskt kunnande.<\/p>\n\n\n\n<div style=\"height:50px\" aria-hidden=\"true\" class=\"wp-block-spacer\"><\/div>\n\n\n\n<h2 class=\"wp-block-heading\">F\u00f6r mer information v\u00e4nligen kontakta<\/h2>\n\n\n\n<p>Rune H\u00f8yer, VD, SA-AL K<em>\u00f8<\/em>leteknik<\/p>\n\n\n\n<p>rh@koleteknik.dk<\/p>\n\n\n\n<p>Tel: 86 30 07 26&nbsp;&nbsp; Direkte: 26 39 62 39&nbsp;<\/p>\n\n\n\n<p>Fredrik Gren, VD Nordic Climate Group<br><a href=\"mailto:fredrik.gren@nordicclimategroup.se\"><\/a><\/p>\n\n\n\n<p><a href=\"mailto:fredrik.gren@nordicclimategroup.se\">fredrik.gren@nordicclimategroup.se<\/a><\/p>\n\n\n\n<p>Tel: +46&nbsp;705 11 64 99<\/p>\n","protected":false},"excerpt":{"rendered":"<p>SA-AL K\u00f8leteknik f\u00f6rv\u00e4rvar JF K\u00f8leteknik i Vejle med m\u00e5l att utveckla industrisegmentet med installation och service. Genom aff\u00e4ren breddar Nordic Climate Group, som \u00e4ger SA-AL K\u00f8leteknik, sin n\u00e4rvaro i Danmark. F\u00f6rv\u00e4rvet kompletterar gruppens danska bolag SA-AL K\u00f8leteknik, PVN K\u00f8leteknik, Buus K\u00f8leteknik och Nordk\u00f8l. Bolagen kan erbjuda danska kunder kompletta kyl-, v\u00e4rme- och energil\u00f6sningar och \u00e4r tillsammans med systerbolagen i Nordic Climate Group Nordens ledande branschakt\u00f6r.<\/p>\n","protected":false},"author":1,"featured_media":6310,"comment_status":"open","ping_status":"open","sticky":false,"template":"","format":"standard","meta":{"_acf_changed":false,"footnotes":""},"categories":[10],"tags":[],"class_list":["post-6309","post","type-post","status-publish","format-standard","has-post-thumbnail","hentry","category-forvarv"],"acf":[],"yoast_head":"<!-- This site is optimized with the Yoast SEO plugin v25.4 - https:\/\/yoast.com\/wordpress\/plugins\/seo\/ -->\n<title>JF K\u00f8leteknik f\u00f6rv\u00e4rvas av SA-AL K\u00f8leteknik - Dotterbolag<\/title>\n<meta name=\"robots\" content=\"noindex, follow, max-snippet:-1, max-image-preview:large, max-video-preview:-1\" \/>\n<meta property=\"og:locale\" content=\"sv_SE\" \/>\n<meta property=\"og:type\" content=\"article\" \/>\n<meta property=\"og:title\" content=\"JF K\u00f8leteknik f\u00f6rv\u00e4rvas av SA-AL K\u00f8leteknik - Dotterbolag\" \/>\n<meta property=\"og:description\" content=\"SA-AL K\u00f8leteknik f\u00f6rv\u00e4rvar JF K\u00f8leteknik i Vejle med m\u00e5l att utveckla industrisegmentet med installation och service. Genom aff\u00e4ren breddar Nordic Climate Group, som \u00e4ger SA-AL K\u00f8leteknik, sin n\u00e4rvaro i Danmark. F\u00f6rv\u00e4rvet kompletterar gruppens danska bolag SA-AL K\u00f8leteknik, PVN K\u00f8leteknik, Buus K\u00f8leteknik och Nordk\u00f8l. Bolagen kan erbjuda danska kunder kompletta kyl-, v\u00e4rme- och energil\u00f6sningar och \u00e4r tillsammans med systerbolagen i Nordic Climate Group Nordens ledande branschakt\u00f6r.\" \/>\n<meta property=\"og:url\" content=\"https:\/\/www.nordicclimategroup.se\/dotterbolag\/nyhetsrum\/nyheter\/forvarv\/jf-koleteknik-forvarvas-av-sa-al-koleteknik\/\" \/>\n<meta property=\"og:site_name\" content=\"Dotterbolag\" \/>\n<meta property=\"article:published_time\" content=\"2023-11-01T13:41:00+00:00\" \/>\n<meta property=\"article:modified_time\" content=\"2025-03-21T13:42:18+00:00\" \/>\n<meta property=\"og:image\" content=\"https:\/\/www.nordicclimategroup.se\/dotterbolag\/wp-content\/uploads\/sites\/3\/2025\/03\/umbraco.png_anchorcentermodecropwidth480upscalefalsernd133433216863330000.png\" \/>\n\t<meta property=\"og:image:width\" content=\"480\" \/>\n\t<meta property=\"og:image:height\" content=\"269\" \/>\n\t<meta property=\"og:image:type\" content=\"image\/png\" \/>\n<meta name=\"author\" content=\"admin\" \/>\n<meta name=\"twitter:card\" content=\"summary_large_image\" \/>\n<meta name=\"twitter:label1\" content=\"Skriven av\" \/>\n\t<meta name=\"twitter:data1\" content=\"admin\" \/>\n\t<meta name=\"twitter:label2\" content=\"Ber\u00e4knad l\u00e4stid\" \/>\n\t<meta name=\"twitter:data2\" content=\"1 minut\" \/>\n<script type=\"application\/ld+json\" class=\"yoast-schema-graph\">{\"@context\":\"https:\/\/schema.org\",\"@graph\":[{\"@type\":\"Article\",\"@id\":\"https:\/\/www.nordicclimategroup.se\/dotterbolag\/nyhetsrum\/nyheter\/forvarv\/jf-koleteknik-forvarvas-av-sa-al-koleteknik\/#article\",\"isPartOf\":{\"@id\":\"https:\/\/www.nordicclimategroup.se\/dotterbolag\/nyhetsrum\/nyheter\/forvarv\/jf-koleteknik-forvarvas-av-sa-al-koleteknik\/\"},\"author\":{\"name\":\"admin\",\"@id\":\"https:\/\/www.nordicclimategroup.se\/dotterbolag\/#\/schema\/person\/facad66499691d7986ce0d727cd80347\"},\"headline\":\"JF K\u00f8leteknik f\u00f6rv\u00e4rvas av SA-AL K\u00f8leteknik\",\"datePublished\":\"2023-11-01T13:41:00+00:00\",\"dateModified\":\"2025-03-21T13:42:18+00:00\",\"mainEntityOfPage\":{\"@id\":\"https:\/\/www.nordicclimategroup.se\/dotterbolag\/nyhetsrum\/nyheter\/forvarv\/jf-koleteknik-forvarvas-av-sa-al-koleteknik\/\"},\"wordCount\":217,\"commentCount\":0,\"publisher\":{\"@id\":\"https:\/\/www.nordicclimategroup.se\/dotterbolag\/#organization\"},\"image\":{\"@id\":\"https:\/\/www.nordicclimategroup.se\/dotterbolag\/nyhetsrum\/nyheter\/forvarv\/jf-koleteknik-forvarvas-av-sa-al-koleteknik\/#primaryimage\"},\"thumbnailUrl\":\"https:\/\/www.nordicclimategroup.se\/dotterbolag\/wp-content\/uploads\/sites\/3\/2025\/03\/umbraco.png_anchorcentermodecropwidth480upscalefalsernd133433216863330000.png\",\"articleSection\":[\"F\u00f6rv\u00e4rv\"],\"inLanguage\":\"sv-SE\",\"potentialAction\":[{\"@type\":\"CommentAction\",\"name\":\"Comment\",\"target\":[\"https:\/\/www.nordicclimategroup.se\/dotterbolag\/nyhetsrum\/nyheter\/forvarv\/jf-koleteknik-forvarvas-av-sa-al-koleteknik\/#respond\"]}]},{\"@type\":\"WebPage\",\"@id\":\"https:\/\/www.nordicclimategroup.se\/dotterbolag\/nyhetsrum\/nyheter\/forvarv\/jf-koleteknik-forvarvas-av-sa-al-koleteknik\/\",\"url\":\"https:\/\/www.nordicclimategroup.se\/dotterbolag\/nyhetsrum\/nyheter\/forvarv\/jf-koleteknik-forvarvas-av-sa-al-koleteknik\/\",\"name\":\"JF K\u00f8leteknik f\u00f6rv\u00e4rvas av SA-AL K\u00f8leteknik - Dotterbolag\",\"isPartOf\":{\"@id\":\"https:\/\/www.nordicclimategroup.se\/dotterbolag\/#website\"},\"primaryImageOfPage\":{\"@id\":\"https:\/\/www.nordicclimategroup.se\/dotterbolag\/nyhetsrum\/nyheter\/forvarv\/jf-koleteknik-forvarvas-av-sa-al-koleteknik\/#primaryimage\"},\"image\":{\"@id\":\"https:\/\/www.nordicclimategroup.se\/dotterbolag\/nyhetsrum\/nyheter\/forvarv\/jf-koleteknik-forvarvas-av-sa-al-koleteknik\/#primaryimage\"},\"thumbnailUrl\":\"https:\/\/www.nordicclimategroup.se\/dotterbolag\/wp-content\/uploads\/sites\/3\/2025\/03\/umbraco.png_anchorcentermodecropwidth480upscalefalsernd133433216863330000.png\",\"datePublished\":\"2023-11-01T13:41:00+00:00\",\"dateModified\":\"2025-03-21T13:42:18+00:00\",\"inLanguage\":\"sv-SE\",\"potentialAction\":[{\"@type\":\"ReadAction\",\"target\":[\"https:\/\/www.nordicclimategroup.se\/dotterbolag\/nyhetsrum\/nyheter\/forvarv\/jf-koleteknik-forvarvas-av-sa-al-koleteknik\/\"]}]},{\"@type\":\"ImageObject\",\"inLanguage\":\"sv-SE\",\"@id\":\"https:\/\/www.nordicclimategroup.se\/dotterbolag\/nyhetsrum\/nyheter\/forvarv\/jf-koleteknik-forvarvas-av-sa-al-koleteknik\/#primaryimage\",\"url\":\"https:\/\/www.nordicclimategroup.se\/dotterbolag\/wp-content\/uploads\/sites\/3\/2025\/03\/umbraco.png_anchorcentermodecropwidth480upscalefalsernd133433216863330000.png\",\"contentUrl\":\"https:\/\/www.nordicclimategroup.se\/dotterbolag\/wp-content\/uploads\/sites\/3\/2025\/03\/umbraco.png_anchorcentermodecropwidth480upscalefalsernd133433216863330000.png\",\"width\":480,\"height\":269},{\"@type\":\"WebSite\",\"@id\":\"https:\/\/www.nordicclimategroup.se\/dotterbolag\/#website\",\"url\":\"https:\/\/www.nordicclimategroup.se\/dotterbolag\/\",\"name\":\"Dotterbolag\",\"description\":\"\",\"publisher\":{\"@id\":\"https:\/\/www.nordicclimategroup.se\/dotterbolag\/#organization\"},\"potentialAction\":[{\"@type\":\"SearchAction\",\"target\":{\"@type\":\"EntryPoint\",\"urlTemplate\":\"https:\/\/www.nordicclimategroup.se\/dotterbolag\/?s={search_term_string}\"},\"query-input\":{\"@type\":\"PropertyValueSpecification\",\"valueRequired\":true,\"valueName\":\"search_term_string\"}}],\"inLanguage\":\"sv-SE\"},{\"@type\":\"Organization\",\"@id\":\"https:\/\/www.nordicclimategroup.se\/dotterbolag\/#organization\",\"name\":\"Dotterbolag\",\"url\":\"https:\/\/www.nordicclimategroup.se\/dotterbolag\/\",\"logo\":{\"@type\":\"ImageObject\",\"inLanguage\":\"sv-SE\",\"@id\":\"https:\/\/www.nordicclimategroup.se\/dotterbolag\/#\/schema\/logo\/image\/\",\"url\":\"https:\/\/www.nordicclimategroup.se\/dotterbolag\/wp-content\/uploads\/sites\/3\/2024\/02\/NCG-LOGO.svg\",\"contentUrl\":\"https:\/\/www.nordicclimategroup.se\/dotterbolag\/wp-content\/uploads\/sites\/3\/2024\/02\/NCG-LOGO.svg\",\"caption\":\"Dotterbolag\"},\"image\":{\"@id\":\"https:\/\/www.nordicclimategroup.se\/dotterbolag\/#\/schema\/logo\/image\/\"}},{\"@type\":\"Person\",\"@id\":\"https:\/\/www.nordicclimategroup.se\/dotterbolag\/#\/schema\/person\/facad66499691d7986ce0d727cd80347\",\"name\":\"admin\",\"image\":{\"@type\":\"ImageObject\",\"inLanguage\":\"sv-SE\",\"@id\":\"https:\/\/www.nordicclimategroup.se\/dotterbolag\/#\/schema\/person\/image\/\",\"url\":\"https:\/\/secure.gravatar.com\/avatar\/04bb6f505c842e525adc7c63df6c0b599b63fe7fde089987dbab6e0bcf6882b3?s=96&d=mm&r=g\",\"contentUrl\":\"https:\/\/secure.gravatar.com\/avatar\/04bb6f505c842e525adc7c63df6c0b599b63fe7fde089987dbab6e0bcf6882b3?s=96&d=mm&r=g\",\"caption\":\"admin\"},\"sameAs\":[\"https:\/\/designteamet.se\"],\"url\":\"https:\/\/www.nordicclimategroup.se\/dotterbolag\/nyhetsrum\/nyheter\/author\/designteamet\/\"}]}<\/script>\n<!-- \/ Yoast SEO plugin. -->","yoast_head_json":{"title":"JF K\u00f8leteknik f\u00f6rv\u00e4rvas av SA-AL K\u00f8leteknik - Dotterbolag","robots":{"index":"noindex","follow":"follow","max-snippet":"max-snippet:-1","max-image-preview":"max-image-preview:large","max-video-preview":"max-video-preview:-1"},"og_locale":"sv_SE","og_type":"article","og_title":"JF K\u00f8leteknik f\u00f6rv\u00e4rvas av SA-AL K\u00f8leteknik - Dotterbolag","og_description":"SA-AL K\u00f8leteknik f\u00f6rv\u00e4rvar JF K\u00f8leteknik i Vejle med m\u00e5l att utveckla industrisegmentet med installation och service. Genom aff\u00e4ren breddar Nordic Climate Group, som \u00e4ger SA-AL K\u00f8leteknik, sin n\u00e4rvaro i Danmark. F\u00f6rv\u00e4rvet kompletterar gruppens danska bolag SA-AL K\u00f8leteknik, PVN K\u00f8leteknik, Buus K\u00f8leteknik och Nordk\u00f8l. Bolagen kan erbjuda danska kunder kompletta kyl-, v\u00e4rme- och energil\u00f6sningar och \u00e4r tillsammans med systerbolagen i Nordic Climate Group Nordens ledande branschakt\u00f6r.","og_url":"https:\/\/www.nordicclimategroup.se\/dotterbolag\/nyhetsrum\/nyheter\/forvarv\/jf-koleteknik-forvarvas-av-sa-al-koleteknik\/","og_site_name":"Dotterbolag","article_published_time":"2023-11-01T13:41:00+00:00","article_modified_time":"2025-03-21T13:42:18+00:00","og_image":[{"width":480,"height":269,"url":"https:\/\/www.nordicclimategroup.se\/dotterbolag\/wp-content\/uploads\/sites\/3\/2025\/03\/umbraco.png_anchorcentermodecropwidth480upscalefalsernd133433216863330000.png","type":"image\/png"}],"author":"admin","twitter_card":"summary_large_image","twitter_misc":{"Skriven av":"admin","Ber\u00e4knad l\u00e4stid":"1 minut"},"schema":{"@context":"https:\/\/schema.org","@graph":[{"@type":"Article","@id":"https:\/\/www.nordicclimategroup.se\/dotterbolag\/nyhetsrum\/nyheter\/forvarv\/jf-koleteknik-forvarvas-av-sa-al-koleteknik\/#article","isPartOf":{"@id":"https:\/\/www.nordicclimategroup.se\/dotterbolag\/nyhetsrum\/nyheter\/forvarv\/jf-koleteknik-forvarvas-av-sa-al-koleteknik\/"},"author":{"name":"admin","@id":"https:\/\/www.nordicclimategroup.se\/dotterbolag\/#\/schema\/person\/facad66499691d7986ce0d727cd80347"},"headline":"JF K\u00f8leteknik f\u00f6rv\u00e4rvas av SA-AL K\u00f8leteknik","datePublished":"2023-11-01T13:41:00+00:00","dateModified":"2025-03-21T13:42:18+00:00","mainEntityOfPage":{"@id":"https:\/\/www.nordicclimategroup.se\/dotterbolag\/nyhetsrum\/nyheter\/forvarv\/jf-koleteknik-forvarvas-av-sa-al-koleteknik\/"},"wordCount":217,"commentCount":0,"publisher":{"@id":"https:\/\/www.nordicclimategroup.se\/dotterbolag\/#organization"},"image":{"@id":"https:\/\/www.nordicclimategroup.se\/dotterbolag\/nyhetsrum\/nyheter\/forvarv\/jf-koleteknik-forvarvas-av-sa-al-koleteknik\/#primaryimage"},"thumbnailUrl":"https:\/\/www.nordicclimategroup.se\/dotterbolag\/wp-content\/uploads\/sites\/3\/2025\/03\/umbraco.png_anchorcentermodecropwidth480upscalefalsernd133433216863330000.png","articleSection":["F\u00f6rv\u00e4rv"],"inLanguage":"sv-SE","potentialAction":[{"@type":"CommentAction","name":"Comment","target":["https:\/\/www.nordicclimategroup.se\/dotterbolag\/nyhetsrum\/nyheter\/forvarv\/jf-koleteknik-forvarvas-av-sa-al-koleteknik\/#respond"]}]},{"@type":"WebPage","@id":"https:\/\/www.nordicclimategroup.se\/dotterbolag\/nyhetsrum\/nyheter\/forvarv\/jf-koleteknik-forvarvas-av-sa-al-koleteknik\/","url":"https:\/\/www.nordicclimategroup.se\/dotterbolag\/nyhetsrum\/nyheter\/forvarv\/jf-koleteknik-forvarvas-av-sa-al-koleteknik\/","name":"JF K\u00f8leteknik f\u00f6rv\u00e4rvas av SA-AL K\u00f8leteknik - Dotterbolag","isPartOf":{"@id":"https:\/\/www.nordicclimategroup.se\/dotterbolag\/#website"},"primaryImageOfPage":{"@id":"https:\/\/www.nordicclimategroup.se\/dotterbolag\/nyhetsrum\/nyheter\/forvarv\/jf-koleteknik-forvarvas-av-sa-al-koleteknik\/#primaryimage"},"image":{"@id":"https:\/\/www.nordicclimategroup.se\/dotterbolag\/nyhetsrum\/nyheter\/forvarv\/jf-koleteknik-forvarvas-av-sa-al-koleteknik\/#primaryimage"},"thumbnailUrl":"https:\/\/www.nordicclimategroup.se\/dotterbolag\/wp-content\/uploads\/sites\/3\/2025\/03\/umbraco.png_anchorcentermodecropwidth480upscalefalsernd133433216863330000.png","datePublished":"2023-11-01T13:41:00+00:00","dateModified":"2025-03-21T13:42:18+00:00","inLanguage":"sv-SE","potentialAction":[{"@type":"ReadAction","target":["https:\/\/www.nordicclimategroup.se\/dotterbolag\/nyhetsrum\/nyheter\/forvarv\/jf-koleteknik-forvarvas-av-sa-al-koleteknik\/"]}]},{"@type":"ImageObject","inLanguage":"sv-SE","@id":"https:\/\/www.nordicclimategroup.se\/dotterbolag\/nyhetsrum\/nyheter\/forvarv\/jf-koleteknik-forvarvas-av-sa-al-koleteknik\/#primaryimage","url":"https:\/\/www.nordicclimategroup.se\/dotterbolag\/wp-content\/uploads\/sites\/3\/2025\/03\/umbraco.png_anchorcentermodecropwidth480upscalefalsernd133433216863330000.png","contentUrl":"https:\/\/www.nordicclimategroup.se\/dotterbolag\/wp-content\/uploads\/sites\/3\/2025\/03\/umbraco.png_anchorcentermodecropwidth480upscalefalsernd133433216863330000.png","width":480,"height":269},{"@type":"WebSite","@id":"https:\/\/www.nordicclimategroup.se\/dotterbolag\/#website","url":"https:\/\/www.nordicclimategroup.se\/dotterbolag\/","name":"Dotterbolag","description":"","publisher":{"@id":"https:\/\/www.nordicclimategroup.se\/dotterbolag\/#organization"},"potentialAction":[{"@type":"SearchAction","target":{"@type":"EntryPoint","urlTemplate":"https:\/\/www.nordicclimategroup.se\/dotterbolag\/?s={search_term_string}"},"query-input":{"@type":"PropertyValueSpecification","valueRequired":true,"valueName":"search_term_string"}}],"inLanguage":"sv-SE"},{"@type":"Organization","@id":"https:\/\/www.nordicclimategroup.se\/dotterbolag\/#organization","name":"Dotterbolag","url":"https:\/\/www.nordicclimategroup.se\/dotterbolag\/","logo":{"@type":"ImageObject","inLanguage":"sv-SE","@id":"https:\/\/www.nordicclimategroup.se\/dotterbolag\/#\/schema\/logo\/image\/","url":"https:\/\/www.nordicclimategroup.se\/dotterbolag\/wp-content\/uploads\/sites\/3\/2024\/02\/NCG-LOGO.svg","contentUrl":"https:\/\/www.nordicclimategroup.se\/dotterbolag\/wp-content\/uploads\/sites\/3\/2024\/02\/NCG-LOGO.svg","caption":"Dotterbolag"},"image":{"@id":"https:\/\/www.nordicclimategroup.se\/dotterbolag\/#\/schema\/logo\/image\/"}},{"@type":"Person","@id":"https:\/\/www.nordicclimategroup.se\/dotterbolag\/#\/schema\/person\/facad66499691d7986ce0d727cd80347","name":"admin","image":{"@type":"ImageObject","inLanguage":"sv-SE","@id":"https:\/\/www.nordicclimategroup.se\/dotterbolag\/#\/schema\/person\/image\/","url":"https:\/\/secure.gravatar.com\/avatar\/04bb6f505c842e525adc7c63df6c0b599b63fe7fde089987dbab6e0bcf6882b3?s=96&d=mm&r=g","contentUrl":"https:\/\/secure.gravatar.com\/avatar\/04bb6f505c842e525adc7c63df6c0b599b63fe7fde089987dbab6e0bcf6882b3?s=96&d=mm&r=g","caption":"admin"},"sameAs":["https:\/\/designteamet.se"],"url":"https:\/\/www.nordicclimategroup.se\/dotterbolag\/nyhetsrum\/nyheter\/author\/designteamet\/"}]}},"_links":{"self":[{"href":"https:\/\/www.nordicclimategroup.se\/dotterbolag\/wp-json\/wp\/v2\/posts\/6309","targetHints":{"allow":["GET"]}}],"collection":[{"href":"https:\/\/www.nordicclimategroup.se\/dotterbolag\/wp-json\/wp\/v2\/posts"}],"about":[{"href":"https:\/\/www.nordicclimategroup.se\/dotterbolag\/wp-json\/wp\/v2\/types\/post"}],"author":[{"embeddable":true,"href":"https:\/\/www.nordicclimategroup.se\/dotterbolag\/wp-json\/wp\/v2\/users\/1"}],"replies":[{"embeddable":true,"href":"https:\/\/www.nordicclimategroup.se\/dotterbolag\/wp-json\/wp\/v2\/comments?post=6309"}],"version-history":[{"count":1,"href":"https:\/\/www.nordicclimategroup.se\/dotterbolag\/wp-json\/wp\/v2\/posts\/6309\/revisions"}],"predecessor-version":[{"id":6311,"href":"https:\/\/www.nordicclimategroup.se\/dotterbolag\/wp-json\/wp\/v2\/posts\/6309\/revisions\/6311"}],"wp:featuredmedia":[{"embeddable":true,"href":"https:\/\/www.nordicclimategroup.se\/dotterbolag\/wp-json\/wp\/v2\/media\/6310"}],"wp:attachment":[{"href":"https:\/\/www.nordicclimategroup.se\/dotterbolag\/wp-json\/wp\/v2\/media?parent=6309"}],"wp:term":[{"taxonomy":"category","embeddable":true,"href":"https:\/\/www.nordicclimategroup.se\/dotterbolag\/wp-json\/wp\/v2\/categories?post=6309"},{"taxonomy":"post_tag","embeddable":true,"href":"https:\/\/www.nordicclimategroup.se\/dotterbolag\/wp-json\/wp\/v2\/tags?post=6309"}],"curies":[{"name":"wp","href":"https:\/\/api.w.org\/{rel}","templated":true}]}}