{"id":6299,"date":"2023-11-09T13:33:00","date_gmt":"2023-11-09T13:33:00","guid":{"rendered":"https:\/\/server03.blackpixel.se\/~designteamet\/?p=6299"},"modified":"2025-03-21T13:34:03","modified_gmt":"2025-03-21T13:34:03","slug":"kvp-dagen-2023","status":"publish","type":"post","link":"https:\/\/www.nordicclimategroup.se\/dotterbolag\/nyhetsrum\/nyheter\/annat\/kvp-dagen-2023\/","title":{"rendered":"KVP-dagen 2023"},"content":{"rendered":"\n<p>Vid verktygstorget, alldeles intill v\u00e5r monter, hittar du Mikael Dagberg som \u00e4r utbildningsansvarig hos oss. Tillsammans med Robert Hedlund har han f\u00f6rberett en massa sp\u00e4nnande experiment f\u00f6r dagen. Det kommer ryka, spraka och brinna! De kommer ocks\u00e5 visa upp relevanta verktyg och annan utrustning som underl\u00e4ttar vardagen f\u00f6r alla kyltekniker. Det h\u00e4r \u00e4r ett gyllene tillf\u00e4lle att kl\u00e4mma och k\u00e4nna p\u00e5 dessa. Och har du obesvarade fr\u00e5gor som r\u00f6r kyl- och v\u00e4rmepumpsteknik, kan dessa tv\u00e5 definitivt ge dig svaren!&nbsp;<\/p>\n\n\n\n<p>Klockan 14.20 st\u00e5r v\u00e5r Sverigechef, Mikael Anjou, och HR-chef, Malin Semb-Josefson, p\u00e5 innovationsscenen och ger tipsen som utvecklar dig och kylbranschen. Det h\u00e4r vill du inte missa!&nbsp;<\/p>\n\n\n\n<p>V\u00e4l m\u00f6tt!<\/p>\n\n\n\n<p><a href=\"https:\/\/www.nordicclimategroup.se\/aktuellt\/nyheter\/2023\/11\/kvp-dagen-2023\/#innerWrap\"><\/a><\/p>\n\n\n\n<p><\/p>\n","protected":false},"excerpt":{"rendered":"<p>Klockan 8.30-17.00 den 16 november st\u00e5r portarna \u00f6ppna till \u00e5rets KVP-dag! Vi som \u00e4r p\u00e5 plats fr\u00e5n Nordic Climate Group \u00e4r Anders Ekdahl, Mikael Dagberg, Malin Semb-Josefson, Mikael Anjou och Matilda L\u00f6fving. Att l\u00e4gga p\u00e5 minnet \u00e4r v\u00e5rt monternummer, B12. H\u00e4r kan ni, ut\u00f6ver givande samtal, f\u00e5 en v\u00e4rmande kopp kaffe, de b\u00e4sta godisarna, en klurig t\u00e4vling f\u00f6r den mest fingerf\u00e4rdige och mycket annat! <\/p>\n","protected":false},"author":1,"featured_media":6300,"comment_status":"open","ping_status":"open","sticky":false,"template":"","format":"standard","meta":{"_acf_changed":false,"footnotes":""},"categories":[12],"tags":[],"class_list":["post-6299","post","type-post","status-publish","format-standard","has-post-thumbnail","hentry","category-annat"],"acf":[],"yoast_head":"<!-- This site is optimized with the Yoast SEO plugin v25.4 - https:\/\/yoast.com\/wordpress\/plugins\/seo\/ -->\n<title>KVP-dagen 2023 - Dotterbolag<\/title>\n<meta name=\"robots\" content=\"noindex, follow, max-snippet:-1, max-image-preview:large, max-video-preview:-1\" \/>\n<meta property=\"og:locale\" content=\"sv_SE\" \/>\n<meta property=\"og:type\" content=\"article\" \/>\n<meta property=\"og:title\" content=\"KVP-dagen 2023 - Dotterbolag\" \/>\n<meta property=\"og:description\" content=\"Klockan 8.30-17.00 den 16 november st\u00e5r portarna \u00f6ppna till \u00e5rets KVP-dag! Vi som \u00e4r p\u00e5 plats fr\u00e5n Nordic Climate Group \u00e4r Anders Ekdahl, Mikael Dagberg, Malin Semb-Josefson, Mikael Anjou och Matilda L\u00f6fving. Att l\u00e4gga p\u00e5 minnet \u00e4r v\u00e5rt monternummer, B12. H\u00e4r kan ni, ut\u00f6ver givande samtal, f\u00e5 en v\u00e4rmande kopp kaffe, de b\u00e4sta godisarna, en klurig t\u00e4vling f\u00f6r den mest fingerf\u00e4rdige och mycket annat!\" \/>\n<meta property=\"og:url\" content=\"https:\/\/www.nordicclimategroup.se\/dotterbolag\/nyhetsrum\/nyheter\/annat\/kvp-dagen-2023\/\" \/>\n<meta property=\"og:site_name\" content=\"Dotterbolag\" \/>\n<meta property=\"article:published_time\" content=\"2023-11-09T13:33:00+00:00\" \/>\n<meta property=\"article:modified_time\" content=\"2025-03-21T13:34:03+00:00\" \/>\n<meta property=\"og:image\" content=\"https:\/\/www.nordicclimategroup.se\/dotterbolag\/wp-content\/uploads\/sites\/3\/2025\/03\/kvp-dagen-banner_facebook_1200x628.jpg_anchorcentermodecropwidth480upscalefalsernd133739814787530000.jpg\" \/>\n\t<meta property=\"og:image:width\" content=\"480\" \/>\n\t<meta property=\"og:image:height\" content=\"251\" \/>\n\t<meta property=\"og:image:type\" content=\"image\/jpeg\" \/>\n<meta name=\"author\" content=\"admin\" \/>\n<meta name=\"twitter:card\" content=\"summary_large_image\" \/>\n<meta name=\"twitter:label1\" content=\"Skriven av\" \/>\n\t<meta name=\"twitter:data1\" content=\"admin\" \/>\n\t<meta name=\"twitter:label2\" content=\"Ber\u00e4knad l\u00e4stid\" \/>\n\t<meta name=\"twitter:data2\" content=\"1 minut\" \/>\n<script type=\"application\/ld+json\" class=\"yoast-schema-graph\">{\"@context\":\"https:\/\/schema.org\",\"@graph\":[{\"@type\":\"Article\",\"@id\":\"https:\/\/www.nordicclimategroup.se\/dotterbolag\/nyhetsrum\/nyheter\/annat\/kvp-dagen-2023\/#article\",\"isPartOf\":{\"@id\":\"https:\/\/www.nordicclimategroup.se\/dotterbolag\/nyhetsrum\/nyheter\/annat\/kvp-dagen-2023\/\"},\"author\":{\"name\":\"admin\",\"@id\":\"https:\/\/www.nordicclimategroup.se\/dotterbolag\/#\/schema\/person\/facad66499691d7986ce0d727cd80347\"},\"headline\":\"KVP-dagen 2023\",\"datePublished\":\"2023-11-09T13:33:00+00:00\",\"dateModified\":\"2025-03-21T13:34:03+00:00\",\"mainEntityOfPage\":{\"@id\":\"https:\/\/www.nordicclimategroup.se\/dotterbolag\/nyhetsrum\/nyheter\/annat\/kvp-dagen-2023\/\"},\"wordCount\":128,\"commentCount\":0,\"publisher\":{\"@id\":\"https:\/\/www.nordicclimategroup.se\/dotterbolag\/#organization\"},\"image\":{\"@id\":\"https:\/\/www.nordicclimategroup.se\/dotterbolag\/nyhetsrum\/nyheter\/annat\/kvp-dagen-2023\/#primaryimage\"},\"thumbnailUrl\":\"https:\/\/www.nordicclimategroup.se\/dotterbolag\/wp-content\/uploads\/sites\/3\/2025\/03\/kvp-dagen-banner_facebook_1200x628.jpg_anchorcentermodecropwidth480upscalefalsernd133739814787530000.jpg\",\"articleSection\":[\"Annat\"],\"inLanguage\":\"sv-SE\",\"potentialAction\":[{\"@type\":\"CommentAction\",\"name\":\"Comment\",\"target\":[\"https:\/\/www.nordicclimategroup.se\/dotterbolag\/nyhetsrum\/nyheter\/annat\/kvp-dagen-2023\/#respond\"]}]},{\"@type\":\"WebPage\",\"@id\":\"https:\/\/www.nordicclimategroup.se\/dotterbolag\/nyhetsrum\/nyheter\/annat\/kvp-dagen-2023\/\",\"url\":\"https:\/\/www.nordicclimategroup.se\/dotterbolag\/nyhetsrum\/nyheter\/annat\/kvp-dagen-2023\/\",\"name\":\"KVP-dagen 2023 - Dotterbolag\",\"isPartOf\":{\"@id\":\"https:\/\/www.nordicclimategroup.se\/dotterbolag\/#website\"},\"primaryImageOfPage\":{\"@id\":\"https:\/\/www.nordicclimategroup.se\/dotterbolag\/nyhetsrum\/nyheter\/annat\/kvp-dagen-2023\/#primaryimage\"},\"image\":{\"@id\":\"https:\/\/www.nordicclimategroup.se\/dotterbolag\/nyhetsrum\/nyheter\/annat\/kvp-dagen-2023\/#primaryimage\"},\"thumbnailUrl\":\"https:\/\/www.nordicclimategroup.se\/dotterbolag\/wp-content\/uploads\/sites\/3\/2025\/03\/kvp-dagen-banner_facebook_1200x628.jpg_anchorcentermodecropwidth480upscalefalsernd133739814787530000.jpg\",\"datePublished\":\"2023-11-09T13:33:00+00:00\",\"dateModified\":\"2025-03-21T13:34:03+00:00\",\"inLanguage\":\"sv-SE\",\"potentialAction\":[{\"@type\":\"ReadAction\",\"target\":[\"https:\/\/www.nordicclimategroup.se\/dotterbolag\/nyhetsrum\/nyheter\/annat\/kvp-dagen-2023\/\"]}]},{\"@type\":\"ImageObject\",\"inLanguage\":\"sv-SE\",\"@id\":\"https:\/\/www.nordicclimategroup.se\/dotterbolag\/nyhetsrum\/nyheter\/annat\/kvp-dagen-2023\/#primaryimage\",\"url\":\"https:\/\/www.nordicclimategroup.se\/dotterbolag\/wp-content\/uploads\/sites\/3\/2025\/03\/kvp-dagen-banner_facebook_1200x628.jpg_anchorcentermodecropwidth480upscalefalsernd133739814787530000.jpg\",\"contentUrl\":\"https:\/\/www.nordicclimategroup.se\/dotterbolag\/wp-content\/uploads\/sites\/3\/2025\/03\/kvp-dagen-banner_facebook_1200x628.jpg_anchorcentermodecropwidth480upscalefalsernd133739814787530000.jpg\",\"width\":480,\"height\":251},{\"@type\":\"WebSite\",\"@id\":\"https:\/\/www.nordicclimategroup.se\/dotterbolag\/#website\",\"url\":\"https:\/\/www.nordicclimategroup.se\/dotterbolag\/\",\"name\":\"Dotterbolag\",\"description\":\"\",\"publisher\":{\"@id\":\"https:\/\/www.nordicclimategroup.se\/dotterbolag\/#organization\"},\"potentialAction\":[{\"@type\":\"SearchAction\",\"target\":{\"@type\":\"EntryPoint\",\"urlTemplate\":\"https:\/\/www.nordicclimategroup.se\/dotterbolag\/?s={search_term_string}\"},\"query-input\":{\"@type\":\"PropertyValueSpecification\",\"valueRequired\":true,\"valueName\":\"search_term_string\"}}],\"inLanguage\":\"sv-SE\"},{\"@type\":\"Organization\",\"@id\":\"https:\/\/www.nordicclimategroup.se\/dotterbolag\/#organization\",\"name\":\"Dotterbolag\",\"url\":\"https:\/\/www.nordicclimategroup.se\/dotterbolag\/\",\"logo\":{\"@type\":\"ImageObject\",\"inLanguage\":\"sv-SE\",\"@id\":\"https:\/\/www.nordicclimategroup.se\/dotterbolag\/#\/schema\/logo\/image\/\",\"url\":\"https:\/\/www.nordicclimategroup.se\/dotterbolag\/wp-content\/uploads\/sites\/3\/2024\/02\/NCG-LOGO.svg\",\"contentUrl\":\"https:\/\/www.nordicclimategroup.se\/dotterbolag\/wp-content\/uploads\/sites\/3\/2024\/02\/NCG-LOGO.svg\",\"caption\":\"Dotterbolag\"},\"image\":{\"@id\":\"https:\/\/www.nordicclimategroup.se\/dotterbolag\/#\/schema\/logo\/image\/\"}},{\"@type\":\"Person\",\"@id\":\"https:\/\/www.nordicclimategroup.se\/dotterbolag\/#\/schema\/person\/facad66499691d7986ce0d727cd80347\",\"name\":\"admin\",\"image\":{\"@type\":\"ImageObject\",\"inLanguage\":\"sv-SE\",\"@id\":\"https:\/\/www.nordicclimategroup.se\/dotterbolag\/#\/schema\/person\/image\/\",\"url\":\"https:\/\/secure.gravatar.com\/avatar\/04bb6f505c842e525adc7c63df6c0b599b63fe7fde089987dbab6e0bcf6882b3?s=96&d=mm&r=g\",\"contentUrl\":\"https:\/\/secure.gravatar.com\/avatar\/04bb6f505c842e525adc7c63df6c0b599b63fe7fde089987dbab6e0bcf6882b3?s=96&d=mm&r=g\",\"caption\":\"admin\"},\"sameAs\":[\"https:\/\/designteamet.se\"],\"url\":\"https:\/\/www.nordicclimategroup.se\/dotterbolag\/nyhetsrum\/nyheter\/author\/designteamet\/\"}]}<\/script>\n<!-- \/ Yoast SEO plugin. -->","yoast_head_json":{"title":"KVP-dagen 2023 - Dotterbolag","robots":{"index":"noindex","follow":"follow","max-snippet":"max-snippet:-1","max-image-preview":"max-image-preview:large","max-video-preview":"max-video-preview:-1"},"og_locale":"sv_SE","og_type":"article","og_title":"KVP-dagen 2023 - Dotterbolag","og_description":"Klockan 8.30-17.00 den 16 november st\u00e5r portarna \u00f6ppna till \u00e5rets KVP-dag! Vi som \u00e4r p\u00e5 plats fr\u00e5n Nordic Climate Group \u00e4r Anders Ekdahl, Mikael Dagberg, Malin Semb-Josefson, Mikael Anjou och Matilda L\u00f6fving. Att l\u00e4gga p\u00e5 minnet \u00e4r v\u00e5rt monternummer, B12. H\u00e4r kan ni, ut\u00f6ver givande samtal, f\u00e5 en v\u00e4rmande kopp kaffe, de b\u00e4sta godisarna, en klurig t\u00e4vling f\u00f6r den mest fingerf\u00e4rdige och mycket annat!","og_url":"https:\/\/www.nordicclimategroup.se\/dotterbolag\/nyhetsrum\/nyheter\/annat\/kvp-dagen-2023\/","og_site_name":"Dotterbolag","article_published_time":"2023-11-09T13:33:00+00:00","article_modified_time":"2025-03-21T13:34:03+00:00","og_image":[{"width":480,"height":251,"url":"https:\/\/www.nordicclimategroup.se\/dotterbolag\/wp-content\/uploads\/sites\/3\/2025\/03\/kvp-dagen-banner_facebook_1200x628.jpg_anchorcentermodecropwidth480upscalefalsernd133739814787530000.jpg","type":"image\/jpeg"}],"author":"admin","twitter_card":"summary_large_image","twitter_misc":{"Skriven av":"admin","Ber\u00e4knad l\u00e4stid":"1 minut"},"schema":{"@context":"https:\/\/schema.org","@graph":[{"@type":"Article","@id":"https:\/\/www.nordicclimategroup.se\/dotterbolag\/nyhetsrum\/nyheter\/annat\/kvp-dagen-2023\/#article","isPartOf":{"@id":"https:\/\/www.nordicclimategroup.se\/dotterbolag\/nyhetsrum\/nyheter\/annat\/kvp-dagen-2023\/"},"author":{"name":"admin","@id":"https:\/\/www.nordicclimategroup.se\/dotterbolag\/#\/schema\/person\/facad66499691d7986ce0d727cd80347"},"headline":"KVP-dagen 2023","datePublished":"2023-11-09T13:33:00+00:00","dateModified":"2025-03-21T13:34:03+00:00","mainEntityOfPage":{"@id":"https:\/\/www.nordicclimategroup.se\/dotterbolag\/nyhetsrum\/nyheter\/annat\/kvp-dagen-2023\/"},"wordCount":128,"commentCount":0,"publisher":{"@id":"https:\/\/www.nordicclimategroup.se\/dotterbolag\/#organization"},"image":{"@id":"https:\/\/www.nordicclimategroup.se\/dotterbolag\/nyhetsrum\/nyheter\/annat\/kvp-dagen-2023\/#primaryimage"},"thumbnailUrl":"https:\/\/www.nordicclimategroup.se\/dotterbolag\/wp-content\/uploads\/sites\/3\/2025\/03\/kvp-dagen-banner_facebook_1200x628.jpg_anchorcentermodecropwidth480upscalefalsernd133739814787530000.jpg","articleSection":["Annat"],"inLanguage":"sv-SE","potentialAction":[{"@type":"CommentAction","name":"Comment","target":["https:\/\/www.nordicclimategroup.se\/dotterbolag\/nyhetsrum\/nyheter\/annat\/kvp-dagen-2023\/#respond"]}]},{"@type":"WebPage","@id":"https:\/\/www.nordicclimategroup.se\/dotterbolag\/nyhetsrum\/nyheter\/annat\/kvp-dagen-2023\/","url":"https:\/\/www.nordicclimategroup.se\/dotterbolag\/nyhetsrum\/nyheter\/annat\/kvp-dagen-2023\/","name":"KVP-dagen 2023 - Dotterbolag","isPartOf":{"@id":"https:\/\/www.nordicclimategroup.se\/dotterbolag\/#website"},"primaryImageOfPage":{"@id":"https:\/\/www.nordicclimategroup.se\/dotterbolag\/nyhetsrum\/nyheter\/annat\/kvp-dagen-2023\/#primaryimage"},"image":{"@id":"https:\/\/www.nordicclimategroup.se\/dotterbolag\/nyhetsrum\/nyheter\/annat\/kvp-dagen-2023\/#primaryimage"},"thumbnailUrl":"https:\/\/www.nordicclimategroup.se\/dotterbolag\/wp-content\/uploads\/sites\/3\/2025\/03\/kvp-dagen-banner_facebook_1200x628.jpg_anchorcentermodecropwidth480upscalefalsernd133739814787530000.jpg","datePublished":"2023-11-09T13:33:00+00:00","dateModified":"2025-03-21T13:34:03+00:00","inLanguage":"sv-SE","potentialAction":[{"@type":"ReadAction","target":["https:\/\/www.nordicclimategroup.se\/dotterbolag\/nyhetsrum\/nyheter\/annat\/kvp-dagen-2023\/"]}]},{"@type":"ImageObject","inLanguage":"sv-SE","@id":"https:\/\/www.nordicclimategroup.se\/dotterbolag\/nyhetsrum\/nyheter\/annat\/kvp-dagen-2023\/#primaryimage","url":"https:\/\/www.nordicclimategroup.se\/dotterbolag\/wp-content\/uploads\/sites\/3\/2025\/03\/kvp-dagen-banner_facebook_1200x628.jpg_anchorcentermodecropwidth480upscalefalsernd133739814787530000.jpg","contentUrl":"https:\/\/www.nordicclimategroup.se\/dotterbolag\/wp-content\/uploads\/sites\/3\/2025\/03\/kvp-dagen-banner_facebook_1200x628.jpg_anchorcentermodecropwidth480upscalefalsernd133739814787530000.jpg","width":480,"height":251},{"@type":"WebSite","@id":"https:\/\/www.nordicclimategroup.se\/dotterbolag\/#website","url":"https:\/\/www.nordicclimategroup.se\/dotterbolag\/","name":"Dotterbolag","description":"","publisher":{"@id":"https:\/\/www.nordicclimategroup.se\/dotterbolag\/#organization"},"potentialAction":[{"@type":"SearchAction","target":{"@type":"EntryPoint","urlTemplate":"https:\/\/www.nordicclimategroup.se\/dotterbolag\/?s={search_term_string}"},"query-input":{"@type":"PropertyValueSpecification","valueRequired":true,"valueName":"search_term_string"}}],"inLanguage":"sv-SE"},{"@type":"Organization","@id":"https:\/\/www.nordicclimategroup.se\/dotterbolag\/#organization","name":"Dotterbolag","url":"https:\/\/www.nordicclimategroup.se\/dotterbolag\/","logo":{"@type":"ImageObject","inLanguage":"sv-SE","@id":"https:\/\/www.nordicclimategroup.se\/dotterbolag\/#\/schema\/logo\/image\/","url":"https:\/\/www.nordicclimategroup.se\/dotterbolag\/wp-content\/uploads\/sites\/3\/2024\/02\/NCG-LOGO.svg","contentUrl":"https:\/\/www.nordicclimategroup.se\/dotterbolag\/wp-content\/uploads\/sites\/3\/2024\/02\/NCG-LOGO.svg","caption":"Dotterbolag"},"image":{"@id":"https:\/\/www.nordicclimategroup.se\/dotterbolag\/#\/schema\/logo\/image\/"}},{"@type":"Person","@id":"https:\/\/www.nordicclimategroup.se\/dotterbolag\/#\/schema\/person\/facad66499691d7986ce0d727cd80347","name":"admin","image":{"@type":"ImageObject","inLanguage":"sv-SE","@id":"https:\/\/www.nordicclimategroup.se\/dotterbolag\/#\/schema\/person\/image\/","url":"https:\/\/secure.gravatar.com\/avatar\/04bb6f505c842e525adc7c63df6c0b599b63fe7fde089987dbab6e0bcf6882b3?s=96&d=mm&r=g","contentUrl":"https:\/\/secure.gravatar.com\/avatar\/04bb6f505c842e525adc7c63df6c0b599b63fe7fde089987dbab6e0bcf6882b3?s=96&d=mm&r=g","caption":"admin"},"sameAs":["https:\/\/designteamet.se"],"url":"https:\/\/www.nordicclimategroup.se\/dotterbolag\/nyhetsrum\/nyheter\/author\/designteamet\/"}]}},"_links":{"self":[{"href":"https:\/\/www.nordicclimategroup.se\/dotterbolag\/wp-json\/wp\/v2\/posts\/6299","targetHints":{"allow":["GET"]}}],"collection":[{"href":"https:\/\/www.nordicclimategroup.se\/dotterbolag\/wp-json\/wp\/v2\/posts"}],"about":[{"href":"https:\/\/www.nordicclimategroup.se\/dotterbolag\/wp-json\/wp\/v2\/types\/post"}],"author":[{"embeddable":true,"href":"https:\/\/www.nordicclimategroup.se\/dotterbolag\/wp-json\/wp\/v2\/users\/1"}],"replies":[{"embeddable":true,"href":"https:\/\/www.nordicclimategroup.se\/dotterbolag\/wp-json\/wp\/v2\/comments?post=6299"}],"version-history":[{"count":1,"href":"https:\/\/www.nordicclimategroup.se\/dotterbolag\/wp-json\/wp\/v2\/posts\/6299\/revisions"}],"predecessor-version":[{"id":6301,"href":"https:\/\/www.nordicclimategroup.se\/dotterbolag\/wp-json\/wp\/v2\/posts\/6299\/revisions\/6301"}],"wp:featuredmedia":[{"embeddable":true,"href":"https:\/\/www.nordicclimategroup.se\/dotterbolag\/wp-json\/wp\/v2\/media\/6300"}],"wp:attachment":[{"href":"https:\/\/www.nordicclimategroup.se\/dotterbolag\/wp-json\/wp\/v2\/media?parent=6299"}],"wp:term":[{"taxonomy":"category","embeddable":true,"href":"https:\/\/www.nordicclimategroup.se\/dotterbolag\/wp-json\/wp\/v2\/categories?post=6299"},{"taxonomy":"post_tag","embeddable":true,"href":"https:\/\/www.nordicclimategroup.se\/dotterbolag\/wp-json\/wp\/v2\/tags?post=6299"}],"curies":[{"name":"wp","href":"https:\/\/api.w.org\/{rel}","templated":true}]}}