{"id":6256,"date":"2024-03-11T12:55:00","date_gmt":"2024-03-11T12:55:00","guid":{"rendered":"https:\/\/server03.blackpixel.se\/~designteamet\/?p=6256"},"modified":"2025-03-21T13:08:34","modified_gmt":"2025-03-21T13:08:34","slug":"kyl-bergman-far-ny-ledarduo","status":"publish","type":"post","link":"https:\/\/www.nordicclimategroup.se\/dotterbolag\/nyhetsrum\/nyheter\/annat\/kyl-bergman-far-ny-ledarduo\/","title":{"rendered":"Kyl-Bergman f\u00e5r ny ledarduo"},"content":{"rendered":"\n<p>&#8211; Det har varit en fantastisk utveckling b\u00e5de f\u00f6r bolaget och kylbranschen under mina \u00e5r p\u00e5 Kyl-Bergman. Bolaget startades av min far Lennart 1970 och nu \u00e4r vi en del av Nordic Climate Group, som \u00e4r Nordens ledande koncern inom kyla. D\u00e4rtill en omst\u00e4llning fr\u00e5n syntetiska till naturliga k\u00f6ldmedier, en utmaning som det nya ledarteamet kommer att hantera utm\u00e4rkt ocks\u00e5 i forts\u00e4ttningen, s\u00e4ger Jonas Bergman.&nbsp;&nbsp;&nbsp; &nbsp;<\/p>\n\n\n\n<p>VD-rollen togs \u00f6ver av Adam Larsson Lockner den 1 mars 2024. Adam som firar 10 \u00e5r p\u00e5 Kyl-Bergman har en god inblick b\u00e5de i bolaget och kundernas verksamheter och behov. &nbsp;<\/p>\n\n\n\n<p>&#8211; Att ta \u00f6ver VD-rollen efter Jonas \u00e4r b\u00e5de en \u00e4ra och en utmaning, men v\u00e4ldigt stimulerande. Vi har bra och intressanta kunder samt ett kvalificerat team som kan l\u00f6sa uppdragen. S\u00e5&nbsp; f\u00f6ruts\u00e4ttningar \u00e4r goda att tillsammans med Samuel Eggertsson ta n\u00e4sta steg med Kyl-Bergman. D\u00e5 med fokus p\u00e5 naturliga k\u00f6ldmedier som ger maximal energieffektivitet och minimalt klimatavtryck. Det k\u00e4nns som en h\u00e5llbar framtid helt enkelt, s\u00e4ger Adam Larsson Lockner.<\/p>\n\n\n\n<p>Kyl-Bergman \u00e4r en del av Nordic Climate Group, en ledande akt\u00f6r inom kyl-, v\u00e4rme- och energieffektiva installationer med m\u00e5lbilden att vara en sj\u00e4lvklar f\u00f6rebild inom h\u00e5llbara klimatl\u00f6sningar. Koncernen bildades 2021 och best\u00e5r av drygt 70 lokala etableringar i Norden och har cirka 1&nbsp;250 anst\u00e4llda.<\/p>\n\n\n\n<p>&#8211; Det h\u00e4r \u00e4r ett generations- och ledarskifte som k\u00e4nns v\u00e4ldigt bra. Adam och Samuel kan verksamheten och kunderna bra samt \u00e4r kunniga och hungriga n\u00e4r det g\u00e4ller den h\u00e5llbara tekniken. Jag \u00e4r helt \u00f6vertygad om att de kommer att leverera p\u00e5 ett utm\u00e4rkt s\u00e4tt till kunderna i regionen, s\u00e4ger Mikael Anjou, Sverigechef, Nordic Climate Group.<\/p>\n\n\n\n<div style=\"height:50px\" aria-hidden=\"true\" class=\"wp-block-spacer\"><\/div>\n\n\n\n<h2 class=\"wp-block-heading\">F\u00f6r mer information v\u00e4nligen kontakta<\/h2>\n\n\n\n<p>Mikael Anjou, Sverigechef, Nordic Climate Group<\/p>\n\n\n\n<p><a href=\"mailto:mikael.anjou@nordicclimategroup.se\">mikael.anjou@nordicclimategroup.se<\/a><\/p>\n\n\n\n<p>Tel: +46&nbsp;73&nbsp;076 48 44<\/p>\n","protected":false},"excerpt":{"rendered":"<p>Efter 37 \u00e5r p\u00e5 Kyl-Bergman l\u00e4mnar VD Jonas Bergman \u00f6ver till n\u00e4sta generation. Ny VD fr\u00e5n den 1 mars 2024 \u00e4r Adam Larsson Lockner som kom till bolaget 2014. I bolagsledningen ing\u00e5r \u00e4ven Samuel Eggertsson som samtidigt tilltr\u00e4der som vice VD. Jonas Bergman kvarst\u00e5r fram till sommaren 2024 som r\u00e5dgivare till den nya ledningen. Kyl-Bergman har 10 medarbetare och oms\u00e4tter 20 miljoner SEK.<\/p>\n","protected":false},"author":1,"featured_media":6257,"comment_status":"closed","ping_status":"closed","sticky":false,"template":"","format":"standard","meta":{"_acf_changed":false,"footnotes":""},"categories":[12],"tags":[],"class_list":["post-6256","post","type-post","status-publish","format-standard","has-post-thumbnail","hentry","category-annat"],"acf":[],"yoast_head":"<!-- This site is optimized with the Yoast SEO plugin v25.4 - https:\/\/yoast.com\/wordpress\/plugins\/seo\/ -->\n<title>Kyl-Bergman f\u00e5r ny ledarduo - Dotterbolag<\/title>\n<meta name=\"robots\" content=\"noindex, follow, max-snippet:-1, max-image-preview:large, max-video-preview:-1\" \/>\n<meta property=\"og:locale\" content=\"sv_SE\" \/>\n<meta property=\"og:type\" content=\"article\" \/>\n<meta property=\"og:title\" content=\"Kyl-Bergman f\u00e5r ny ledarduo - Dotterbolag\" \/>\n<meta property=\"og:description\" content=\"Efter 37 \u00e5r p\u00e5 Kyl-Bergman l\u00e4mnar VD Jonas Bergman \u00f6ver till n\u00e4sta generation. Ny VD fr\u00e5n den 1 mars 2024 \u00e4r Adam Larsson Lockner som kom till bolaget 2014. I bolagsledningen ing\u00e5r \u00e4ven Samuel Eggertsson som samtidigt tilltr\u00e4der som vice VD. Jonas Bergman kvarst\u00e5r fram till sommaren 2024 som r\u00e5dgivare till den nya ledningen. Kyl-Bergman har 10 medarbetare och oms\u00e4tter 20 miljoner SEK.\" \/>\n<meta property=\"og:url\" content=\"https:\/\/www.nordicclimategroup.se\/dotterbolag\/nyhetsrum\/nyheter\/annat\/kyl-bergman-far-ny-ledarduo\/\" \/>\n<meta property=\"og:site_name\" content=\"Dotterbolag\" \/>\n<meta property=\"article:published_time\" content=\"2024-03-11T12:55:00+00:00\" \/>\n<meta property=\"article:modified_time\" content=\"2025-03-21T13:08:34+00:00\" \/>\n<meta property=\"og:image\" content=\"https:\/\/www.nordicclimategroup.se\/dotterbolag\/wp-content\/uploads\/sites\/3\/2025\/03\/kyl-bergman_vd-byte_-600-x-600-px.jpg_center0.559985344382407770.46152890532432045modecropwidth590height590upscalefalsernd133546175537970000.jpg\" \/>\n\t<meta property=\"og:image:width\" content=\"590\" \/>\n\t<meta property=\"og:image:height\" content=\"590\" \/>\n\t<meta property=\"og:image:type\" content=\"image\/jpeg\" \/>\n<meta name=\"author\" content=\"admin\" \/>\n<meta name=\"twitter:card\" content=\"summary_large_image\" \/>\n<meta name=\"twitter:label1\" content=\"Skriven av\" \/>\n\t<meta name=\"twitter:data1\" content=\"admin\" \/>\n\t<meta name=\"twitter:label2\" content=\"Ber\u00e4knad l\u00e4stid\" \/>\n\t<meta name=\"twitter:data2\" content=\"2 minuter\" \/>\n<script type=\"application\/ld+json\" class=\"yoast-schema-graph\">{\"@context\":\"https:\/\/schema.org\",\"@graph\":[{\"@type\":\"Article\",\"@id\":\"https:\/\/www.nordicclimategroup.se\/dotterbolag\/nyhetsrum\/nyheter\/annat\/kyl-bergman-far-ny-ledarduo\/#article\",\"isPartOf\":{\"@id\":\"https:\/\/www.nordicclimategroup.se\/dotterbolag\/nyhetsrum\/nyheter\/annat\/kyl-bergman-far-ny-ledarduo\/\"},\"author\":{\"name\":\"admin\",\"@id\":\"https:\/\/www.nordicclimategroup.se\/dotterbolag\/#\/schema\/person\/facad66499691d7986ce0d727cd80347\"},\"headline\":\"Kyl-Bergman f\u00e5r ny ledarduo\",\"datePublished\":\"2024-03-11T12:55:00+00:00\",\"dateModified\":\"2025-03-21T13:08:34+00:00\",\"mainEntityOfPage\":{\"@id\":\"https:\/\/www.nordicclimategroup.se\/dotterbolag\/nyhetsrum\/nyheter\/annat\/kyl-bergman-far-ny-ledarduo\/\"},\"wordCount\":328,\"publisher\":{\"@id\":\"https:\/\/www.nordicclimategroup.se\/dotterbolag\/#organization\"},\"image\":{\"@id\":\"https:\/\/www.nordicclimategroup.se\/dotterbolag\/nyhetsrum\/nyheter\/annat\/kyl-bergman-far-ny-ledarduo\/#primaryimage\"},\"thumbnailUrl\":\"https:\/\/www.nordicclimategroup.se\/dotterbolag\/wp-content\/uploads\/sites\/3\/2025\/03\/kyl-bergman_vd-byte_-600-x-600-px.jpg_center0.559985344382407770.46152890532432045modecropwidth590height590upscalefalsernd133546175537970000.jpg\",\"articleSection\":[\"Annat\"],\"inLanguage\":\"sv-SE\"},{\"@type\":\"WebPage\",\"@id\":\"https:\/\/www.nordicclimategroup.se\/dotterbolag\/nyhetsrum\/nyheter\/annat\/kyl-bergman-far-ny-ledarduo\/\",\"url\":\"https:\/\/www.nordicclimategroup.se\/dotterbolag\/nyhetsrum\/nyheter\/annat\/kyl-bergman-far-ny-ledarduo\/\",\"name\":\"Kyl-Bergman f\u00e5r ny ledarduo - Dotterbolag\",\"isPartOf\":{\"@id\":\"https:\/\/www.nordicclimategroup.se\/dotterbolag\/#website\"},\"primaryImageOfPage\":{\"@id\":\"https:\/\/www.nordicclimategroup.se\/dotterbolag\/nyhetsrum\/nyheter\/annat\/kyl-bergman-far-ny-ledarduo\/#primaryimage\"},\"image\":{\"@id\":\"https:\/\/www.nordicclimategroup.se\/dotterbolag\/nyhetsrum\/nyheter\/annat\/kyl-bergman-far-ny-ledarduo\/#primaryimage\"},\"thumbnailUrl\":\"https:\/\/www.nordicclimategroup.se\/dotterbolag\/wp-content\/uploads\/sites\/3\/2025\/03\/kyl-bergman_vd-byte_-600-x-600-px.jpg_center0.559985344382407770.46152890532432045modecropwidth590height590upscalefalsernd133546175537970000.jpg\",\"datePublished\":\"2024-03-11T12:55:00+00:00\",\"dateModified\":\"2025-03-21T13:08:34+00:00\",\"inLanguage\":\"sv-SE\",\"potentialAction\":[{\"@type\":\"ReadAction\",\"target\":[\"https:\/\/www.nordicclimategroup.se\/dotterbolag\/nyhetsrum\/nyheter\/annat\/kyl-bergman-far-ny-ledarduo\/\"]}]},{\"@type\":\"ImageObject\",\"inLanguage\":\"sv-SE\",\"@id\":\"https:\/\/www.nordicclimategroup.se\/dotterbolag\/nyhetsrum\/nyheter\/annat\/kyl-bergman-far-ny-ledarduo\/#primaryimage\",\"url\":\"https:\/\/www.nordicclimategroup.se\/dotterbolag\/wp-content\/uploads\/sites\/3\/2025\/03\/kyl-bergman_vd-byte_-600-x-600-px.jpg_center0.559985344382407770.46152890532432045modecropwidth590height590upscalefalsernd133546175537970000.jpg\",\"contentUrl\":\"https:\/\/www.nordicclimategroup.se\/dotterbolag\/wp-content\/uploads\/sites\/3\/2025\/03\/kyl-bergman_vd-byte_-600-x-600-px.jpg_center0.559985344382407770.46152890532432045modecropwidth590height590upscalefalsernd133546175537970000.jpg\",\"width\":590,\"height\":590},{\"@type\":\"WebSite\",\"@id\":\"https:\/\/www.nordicclimategroup.se\/dotterbolag\/#website\",\"url\":\"https:\/\/www.nordicclimategroup.se\/dotterbolag\/\",\"name\":\"Dotterbolag\",\"description\":\"\",\"publisher\":{\"@id\":\"https:\/\/www.nordicclimategroup.se\/dotterbolag\/#organization\"},\"potentialAction\":[{\"@type\":\"SearchAction\",\"target\":{\"@type\":\"EntryPoint\",\"urlTemplate\":\"https:\/\/www.nordicclimategroup.se\/dotterbolag\/?s={search_term_string}\"},\"query-input\":{\"@type\":\"PropertyValueSpecification\",\"valueRequired\":true,\"valueName\":\"search_term_string\"}}],\"inLanguage\":\"sv-SE\"},{\"@type\":\"Organization\",\"@id\":\"https:\/\/www.nordicclimategroup.se\/dotterbolag\/#organization\",\"name\":\"Dotterbolag\",\"url\":\"https:\/\/www.nordicclimategroup.se\/dotterbolag\/\",\"logo\":{\"@type\":\"ImageObject\",\"inLanguage\":\"sv-SE\",\"@id\":\"https:\/\/www.nordicclimategroup.se\/dotterbolag\/#\/schema\/logo\/image\/\",\"url\":\"https:\/\/www.nordicclimategroup.se\/dotterbolag\/wp-content\/uploads\/sites\/3\/2024\/02\/NCG-LOGO.svg\",\"contentUrl\":\"https:\/\/www.nordicclimategroup.se\/dotterbolag\/wp-content\/uploads\/sites\/3\/2024\/02\/NCG-LOGO.svg\",\"caption\":\"Dotterbolag\"},\"image\":{\"@id\":\"https:\/\/www.nordicclimategroup.se\/dotterbolag\/#\/schema\/logo\/image\/\"}},{\"@type\":\"Person\",\"@id\":\"https:\/\/www.nordicclimategroup.se\/dotterbolag\/#\/schema\/person\/facad66499691d7986ce0d727cd80347\",\"name\":\"admin\",\"image\":{\"@type\":\"ImageObject\",\"inLanguage\":\"sv-SE\",\"@id\":\"https:\/\/www.nordicclimategroup.se\/dotterbolag\/#\/schema\/person\/image\/\",\"url\":\"https:\/\/secure.gravatar.com\/avatar\/04bb6f505c842e525adc7c63df6c0b599b63fe7fde089987dbab6e0bcf6882b3?s=96&d=mm&r=g\",\"contentUrl\":\"https:\/\/secure.gravatar.com\/avatar\/04bb6f505c842e525adc7c63df6c0b599b63fe7fde089987dbab6e0bcf6882b3?s=96&d=mm&r=g\",\"caption\":\"admin\"},\"sameAs\":[\"https:\/\/designteamet.se\"],\"url\":\"https:\/\/www.nordicclimategroup.se\/dotterbolag\/nyhetsrum\/nyheter\/author\/designteamet\/\"}]}<\/script>\n<!-- \/ Yoast SEO plugin. -->","yoast_head_json":{"title":"Kyl-Bergman f\u00e5r ny ledarduo - Dotterbolag","robots":{"index":"noindex","follow":"follow","max-snippet":"max-snippet:-1","max-image-preview":"max-image-preview:large","max-video-preview":"max-video-preview:-1"},"og_locale":"sv_SE","og_type":"article","og_title":"Kyl-Bergman f\u00e5r ny ledarduo - Dotterbolag","og_description":"Efter 37 \u00e5r p\u00e5 Kyl-Bergman l\u00e4mnar VD Jonas Bergman \u00f6ver till n\u00e4sta generation. Ny VD fr\u00e5n den 1 mars 2024 \u00e4r Adam Larsson Lockner som kom till bolaget 2014. I bolagsledningen ing\u00e5r \u00e4ven Samuel Eggertsson som samtidigt tilltr\u00e4der som vice VD. Jonas Bergman kvarst\u00e5r fram till sommaren 2024 som r\u00e5dgivare till den nya ledningen. Kyl-Bergman har 10 medarbetare och oms\u00e4tter 20 miljoner SEK.","og_url":"https:\/\/www.nordicclimategroup.se\/dotterbolag\/nyhetsrum\/nyheter\/annat\/kyl-bergman-far-ny-ledarduo\/","og_site_name":"Dotterbolag","article_published_time":"2024-03-11T12:55:00+00:00","article_modified_time":"2025-03-21T13:08:34+00:00","og_image":[{"width":590,"height":590,"url":"https:\/\/www.nordicclimategroup.se\/dotterbolag\/wp-content\/uploads\/sites\/3\/2025\/03\/kyl-bergman_vd-byte_-600-x-600-px.jpg_center0.559985344382407770.46152890532432045modecropwidth590height590upscalefalsernd133546175537970000.jpg","type":"image\/jpeg"}],"author":"admin","twitter_card":"summary_large_image","twitter_misc":{"Skriven av":"admin","Ber\u00e4knad l\u00e4stid":"2 minuter"},"schema":{"@context":"https:\/\/schema.org","@graph":[{"@type":"Article","@id":"https:\/\/www.nordicclimategroup.se\/dotterbolag\/nyhetsrum\/nyheter\/annat\/kyl-bergman-far-ny-ledarduo\/#article","isPartOf":{"@id":"https:\/\/www.nordicclimategroup.se\/dotterbolag\/nyhetsrum\/nyheter\/annat\/kyl-bergman-far-ny-ledarduo\/"},"author":{"name":"admin","@id":"https:\/\/www.nordicclimategroup.se\/dotterbolag\/#\/schema\/person\/facad66499691d7986ce0d727cd80347"},"headline":"Kyl-Bergman f\u00e5r ny ledarduo","datePublished":"2024-03-11T12:55:00+00:00","dateModified":"2025-03-21T13:08:34+00:00","mainEntityOfPage":{"@id":"https:\/\/www.nordicclimategroup.se\/dotterbolag\/nyhetsrum\/nyheter\/annat\/kyl-bergman-far-ny-ledarduo\/"},"wordCount":328,"publisher":{"@id":"https:\/\/www.nordicclimategroup.se\/dotterbolag\/#organization"},"image":{"@id":"https:\/\/www.nordicclimategroup.se\/dotterbolag\/nyhetsrum\/nyheter\/annat\/kyl-bergman-far-ny-ledarduo\/#primaryimage"},"thumbnailUrl":"https:\/\/www.nordicclimategroup.se\/dotterbolag\/wp-content\/uploads\/sites\/3\/2025\/03\/kyl-bergman_vd-byte_-600-x-600-px.jpg_center0.559985344382407770.46152890532432045modecropwidth590height590upscalefalsernd133546175537970000.jpg","articleSection":["Annat"],"inLanguage":"sv-SE"},{"@type":"WebPage","@id":"https:\/\/www.nordicclimategroup.se\/dotterbolag\/nyhetsrum\/nyheter\/annat\/kyl-bergman-far-ny-ledarduo\/","url":"https:\/\/www.nordicclimategroup.se\/dotterbolag\/nyhetsrum\/nyheter\/annat\/kyl-bergman-far-ny-ledarduo\/","name":"Kyl-Bergman f\u00e5r ny ledarduo - Dotterbolag","isPartOf":{"@id":"https:\/\/www.nordicclimategroup.se\/dotterbolag\/#website"},"primaryImageOfPage":{"@id":"https:\/\/www.nordicclimategroup.se\/dotterbolag\/nyhetsrum\/nyheter\/annat\/kyl-bergman-far-ny-ledarduo\/#primaryimage"},"image":{"@id":"https:\/\/www.nordicclimategroup.se\/dotterbolag\/nyhetsrum\/nyheter\/annat\/kyl-bergman-far-ny-ledarduo\/#primaryimage"},"thumbnailUrl":"https:\/\/www.nordicclimategroup.se\/dotterbolag\/wp-content\/uploads\/sites\/3\/2025\/03\/kyl-bergman_vd-byte_-600-x-600-px.jpg_center0.559985344382407770.46152890532432045modecropwidth590height590upscalefalsernd133546175537970000.jpg","datePublished":"2024-03-11T12:55:00+00:00","dateModified":"2025-03-21T13:08:34+00:00","inLanguage":"sv-SE","potentialAction":[{"@type":"ReadAction","target":["https:\/\/www.nordicclimategroup.se\/dotterbolag\/nyhetsrum\/nyheter\/annat\/kyl-bergman-far-ny-ledarduo\/"]}]},{"@type":"ImageObject","inLanguage":"sv-SE","@id":"https:\/\/www.nordicclimategroup.se\/dotterbolag\/nyhetsrum\/nyheter\/annat\/kyl-bergman-far-ny-ledarduo\/#primaryimage","url":"https:\/\/www.nordicclimategroup.se\/dotterbolag\/wp-content\/uploads\/sites\/3\/2025\/03\/kyl-bergman_vd-byte_-600-x-600-px.jpg_center0.559985344382407770.46152890532432045modecropwidth590height590upscalefalsernd133546175537970000.jpg","contentUrl":"https:\/\/www.nordicclimategroup.se\/dotterbolag\/wp-content\/uploads\/sites\/3\/2025\/03\/kyl-bergman_vd-byte_-600-x-600-px.jpg_center0.559985344382407770.46152890532432045modecropwidth590height590upscalefalsernd133546175537970000.jpg","width":590,"height":590},{"@type":"WebSite","@id":"https:\/\/www.nordicclimategroup.se\/dotterbolag\/#website","url":"https:\/\/www.nordicclimategroup.se\/dotterbolag\/","name":"Dotterbolag","description":"","publisher":{"@id":"https:\/\/www.nordicclimategroup.se\/dotterbolag\/#organization"},"potentialAction":[{"@type":"SearchAction","target":{"@type":"EntryPoint","urlTemplate":"https:\/\/www.nordicclimategroup.se\/dotterbolag\/?s={search_term_string}"},"query-input":{"@type":"PropertyValueSpecification","valueRequired":true,"valueName":"search_term_string"}}],"inLanguage":"sv-SE"},{"@type":"Organization","@id":"https:\/\/www.nordicclimategroup.se\/dotterbolag\/#organization","name":"Dotterbolag","url":"https:\/\/www.nordicclimategroup.se\/dotterbolag\/","logo":{"@type":"ImageObject","inLanguage":"sv-SE","@id":"https:\/\/www.nordicclimategroup.se\/dotterbolag\/#\/schema\/logo\/image\/","url":"https:\/\/www.nordicclimategroup.se\/dotterbolag\/wp-content\/uploads\/sites\/3\/2024\/02\/NCG-LOGO.svg","contentUrl":"https:\/\/www.nordicclimategroup.se\/dotterbolag\/wp-content\/uploads\/sites\/3\/2024\/02\/NCG-LOGO.svg","caption":"Dotterbolag"},"image":{"@id":"https:\/\/www.nordicclimategroup.se\/dotterbolag\/#\/schema\/logo\/image\/"}},{"@type":"Person","@id":"https:\/\/www.nordicclimategroup.se\/dotterbolag\/#\/schema\/person\/facad66499691d7986ce0d727cd80347","name":"admin","image":{"@type":"ImageObject","inLanguage":"sv-SE","@id":"https:\/\/www.nordicclimategroup.se\/dotterbolag\/#\/schema\/person\/image\/","url":"https:\/\/secure.gravatar.com\/avatar\/04bb6f505c842e525adc7c63df6c0b599b63fe7fde089987dbab6e0bcf6882b3?s=96&d=mm&r=g","contentUrl":"https:\/\/secure.gravatar.com\/avatar\/04bb6f505c842e525adc7c63df6c0b599b63fe7fde089987dbab6e0bcf6882b3?s=96&d=mm&r=g","caption":"admin"},"sameAs":["https:\/\/designteamet.se"],"url":"https:\/\/www.nordicclimategroup.se\/dotterbolag\/nyhetsrum\/nyheter\/author\/designteamet\/"}]}},"_links":{"self":[{"href":"https:\/\/www.nordicclimategroup.se\/dotterbolag\/wp-json\/wp\/v2\/posts\/6256","targetHints":{"allow":["GET"]}}],"collection":[{"href":"https:\/\/www.nordicclimategroup.se\/dotterbolag\/wp-json\/wp\/v2\/posts"}],"about":[{"href":"https:\/\/www.nordicclimategroup.se\/dotterbolag\/wp-json\/wp\/v2\/types\/post"}],"author":[{"embeddable":true,"href":"https:\/\/www.nordicclimategroup.se\/dotterbolag\/wp-json\/wp\/v2\/users\/1"}],"replies":[{"embeddable":true,"href":"https:\/\/www.nordicclimategroup.se\/dotterbolag\/wp-json\/wp\/v2\/comments?post=6256"}],"version-history":[{"count":1,"href":"https:\/\/www.nordicclimategroup.se\/dotterbolag\/wp-json\/wp\/v2\/posts\/6256\/revisions"}],"predecessor-version":[{"id":6258,"href":"https:\/\/www.nordicclimategroup.se\/dotterbolag\/wp-json\/wp\/v2\/posts\/6256\/revisions\/6258"}],"wp:featuredmedia":[{"embeddable":true,"href":"https:\/\/www.nordicclimategroup.se\/dotterbolag\/wp-json\/wp\/v2\/media\/6257"}],"wp:attachment":[{"href":"https:\/\/www.nordicclimategroup.se\/dotterbolag\/wp-json\/wp\/v2\/media?parent=6256"}],"wp:term":[{"taxonomy":"category","embeddable":true,"href":"https:\/\/www.nordicclimategroup.se\/dotterbolag\/wp-json\/wp\/v2\/categories?post=6256"},{"taxonomy":"post_tag","embeddable":true,"href":"https:\/\/www.nordicclimategroup.se\/dotterbolag\/wp-json\/wp\/v2\/tags?post=6256"}],"curies":[{"name":"wp","href":"https:\/\/api.w.org\/{rel}","templated":true}]}}