{"id":6214,"date":"2024-05-30T12:33:00","date_gmt":"2024-05-30T12:33:00","guid":{"rendered":"https:\/\/server03.blackpixel.se\/~designteamet\/?p=6214"},"modified":"2025-03-21T13:08:02","modified_gmt":"2025-03-21T13:08:02","slug":"nordic-climate-group-forvarvar-reftec-i-trondheim","status":"publish","type":"post","link":"https:\/\/www.nordicclimategroup.se\/dotterbolag\/nyhetsrum\/nyheter\/forvarv\/nordic-climate-group-forvarvar-reftec-i-trondheim\/","title":{"rendered":"Nordic Climate Group f\u00f6rv\u00e4rvar Reftec i Trondheim"},"content":{"rendered":"\n<p>Reftec f\u00f6rv\u00e4rvas fr\u00e5n de tidigare del\u00e4garna Erik Dyrseth, Per Bj\u00f8rnaas och Jonny Andersen, som \u00e4gt 81% av bolaget i lika delar, samt fr\u00e5n medarbetare som \u00e4gt resterande 19 %. Grunden i Nordic Climate Groups verksamhet \u00e4r en stark lokal marknadsposition. Det inneb\u00e4r att Reftec p\u00e5 samma s\u00e4tt som andra bolag i gruppen arbetar vidare med sitt lokala varum\u00e4rke, tidigare \u00e4gare forts\u00e4tter i samma roller och nuvarande verksamhet samt att kunduppdragen prioriteras.<\/p>\n\n\n\n<p>&#8211; Vi har skapat en stabil verksamhet med en bra ekonomisk utveckling. Men f\u00f6r att ta n\u00e4sta steg vill vi vara en del av ett st\u00f6rre team. Vi har fram\u00e5triktade och tekniskt duktiga medarbetare som gillar utveckling, energioptimering och naturliga k\u00f6ldmedier. D\u00e5 vill vi s\u00e4kerst\u00e4lla att vi \u00e4r i den b\u00e4sta milj\u00f6n f\u00f6r att v\u00e4xa vidare. Det k\u00e4nner vi att Nordic Climate Group \u00e4r, s\u00e4ger Erik Dyrseth, verkst\u00e4llande direkt\u00f6r, Reftec.<\/p>\n\n\n\n<p>Reftec fokuserar p\u00e5 fastighetskunder d\u00e4r serviceavtal med energioptimering har ett \u00f6kande intresse. Det ger erfarenheter b\u00e5de f\u00f6r att utveckla kunderbjudanden och f\u00f6r att bidra till samarbeten inom Nordic Climate Group. &nbsp;&nbsp;<\/p>\n\n\n\n<p>&#8211; F\u00f6rv\u00e4rvet av Reftec \u00e4r ett v\u00e4lkommet och viktigt steg f\u00f6r Nordic Climate Group som nu f\u00e5r en stark bas i Norges tredje st\u00f6rsta kommun. D\u00e4rtill \u00e4r Reftec ytterligare ett bolag i gruppen som har fokus p\u00e5 naturliga k\u00f6ldmedier. I takt med samh\u00e4llets \u00f6kade intresse f\u00f6r h\u00e5llbarhetsfr\u00e5gor \u00e4r det v\u00e4rdefullt med fler bolag som Reftec i v\u00e5r f\u00f6retagsgrupp, s\u00e4ger Fredrik Gren, koncernchef, Nordic Climate Group.<\/p>\n\n\n\n<p>Nordic Climate Groups fokus \u00e4r att hj\u00e4lpa sina kunder att minimera klimatavtrycket och maximera energieffektiviteten. Planen \u00e4r att forts\u00e4tta bygga ett ledande bolag i norra Europa med stark tillv\u00e4xt b\u00e5de organiskt och genom ytterligare f\u00f6rv\u00e4rv. Modellen bygger p\u00e5 entrepren\u00f6rskraft, decentraliserade verksamhetsenheter med samarbeten inom aff\u00e4rer\/upphandlingar, personalutbildning och delande av tekniskt kunnande.<\/p>\n\n\n\n<div style=\"height:50px\" aria-hidden=\"true\" class=\"wp-block-spacer\"><\/div>\n\n\n\n<h2 class=\"wp-block-heading\">F\u00f6r mer information v\u00e4nligen kontakta<\/h2>\n\n\n\n<p><em>Fredrik Gren<\/em>, VD, Nordic Climate Group<br><a href=\"mailto:fredrik.gren@nordicclimategroup.se\">fredrik.gren@nordicclimategroup.se<\/a><\/p>\n\n\n\n<p>Tel: +46&nbsp;705 11 64 99<\/p>\n\n\n\n<p><em>Erik Dyrseth<\/em>, VD, Reftec AS<\/p>\n\n\n\n<p><a href=\"mailto:erik.dyrseth@reftec.no\">erik.dyrseth@reftec.no<\/a><br>Tel&nbsp; +47 41252685&nbsp;<\/p>\n\n\n\n<div style=\"height:50px\" aria-hidden=\"true\" class=\"wp-block-spacer\"><\/div>\n\n\n\n<figure class=\"wp-block-image is-resized\"><img decoding=\"async\" src=\"https:\/\/www.nordicclimategroup.se\/media\/skqjobpw\/erik-dyrseth-reftec.jpg?anchor=center&amp;mode=crop&amp;width=480&amp;upscale=false&amp;rnd=133679289198000000\" alt=\"\" style=\"width:800px;height:auto\"\/><figcaption class=\"wp-element-caption\">Erik Dyrseth, VD, Reftec<\/figcaption><\/figure>\n\n\n\n<figure class=\"wp-block-image is-resized\"><img decoding=\"async\" src=\"https:\/\/www.nordicclimategroup.se\/media\/ganldf02\/20240521_124542.jpg?anchor=center&amp;mode=crop&amp;width=480&amp;upscale=false&amp;rnd=133679289199100000\" alt=\"\" style=\"width:800px;height:auto\"\/><\/figure>\n\n\n\n<h2 class=\"wp-block-heading\">Pressmeddelande Reftec, 240530<\/h2>\n\n\n\n<p><a href=\"https:\/\/www.nordicclimategroup.se\/media\/zlsbuozl\/pressmeddelande-reftec-20240530-swe.pdf\" target=\"_blank\" rel=\"noreferrer noopener\">Pressmeddelande Reftec 20240530 SWE<\/a><\/p>\n","protected":false},"excerpt":{"rendered":"<p>Nordic Climate Group v\u00e4xer i Norge genom att f\u00f6rv\u00e4rva Reftec AS med huvudkontor i Trondheim. I f\u00f6rv\u00e4rvet ing\u00e5r \u00e4ven dotterbolaget Rana Kulde, Mo i Rana. N\u00e4r Reftec ansluter till gruppen st\u00e4rker Nordic Climate Group sin position i Tr\u00f6ndelag men \u00e4ven i andra delar av Norge d\u00e4r bolaget \u00e4r verksamt. Reftec \u00e4r specialiserade p\u00e5 energieffektiva kyl- och v\u00e4rmel\u00f6sningar med naturliga k\u00f6ldmedier inom fastighetssektorn. Reftec grundades 2007, har 14 anst\u00e4llda och oms\u00e4tter tillsammans med Rana Kulde 78 miljoner NOK verksamhets\u00e5ret 2023. Nordic Climate Group som etablerades 2021 oms\u00e4tter 4 miljarder SEK och har cirka 1.550 anst\u00e4llda vid drygt 80 lokala etableringar i Danmark, Sverige, Norge och Finland.<\/p>\n","protected":false},"author":1,"featured_media":6215,"comment_status":"closed","ping_status":"closed","sticky":false,"template":"","format":"standard","meta":{"_acf_changed":false,"footnotes":""},"categories":[10],"tags":[],"class_list":["post-6214","post","type-post","status-publish","format-standard","has-post-thumbnail","hentry","category-forvarv"],"acf":[],"yoast_head":"<!-- This site is optimized with the Yoast SEO plugin v25.4 - https:\/\/yoast.com\/wordpress\/plugins\/seo\/ -->\n<title>Nordic Climate Group f\u00f6rv\u00e4rvar Reftec i Trondheim - Dotterbolag<\/title>\n<meta name=\"robots\" content=\"noindex, follow, max-snippet:-1, max-image-preview:large, max-video-preview:-1\" \/>\n<meta property=\"og:locale\" content=\"sv_SE\" \/>\n<meta property=\"og:type\" content=\"article\" \/>\n<meta property=\"og:title\" content=\"Nordic Climate Group f\u00f6rv\u00e4rvar Reftec i Trondheim - Dotterbolag\" \/>\n<meta property=\"og:description\" content=\"Nordic Climate Group v\u00e4xer i Norge genom att f\u00f6rv\u00e4rva Reftec AS med huvudkontor i Trondheim. I f\u00f6rv\u00e4rvet ing\u00e5r \u00e4ven dotterbolaget Rana Kulde, Mo i Rana. N\u00e4r Reftec ansluter till gruppen st\u00e4rker Nordic Climate Group sin position i Tr\u00f6ndelag men \u00e4ven i andra delar av Norge d\u00e4r bolaget \u00e4r verksamt. Reftec \u00e4r specialiserade p\u00e5 energieffektiva kyl- och v\u00e4rmel\u00f6sningar med naturliga k\u00f6ldmedier inom fastighetssektorn. Reftec grundades 2007, har 14 anst\u00e4llda och oms\u00e4tter tillsammans med Rana Kulde 78 miljoner NOK verksamhets\u00e5ret 2023. Nordic Climate Group som etablerades 2021 oms\u00e4tter 4 miljarder SEK och har cirka 1.550 anst\u00e4llda vid drygt 80 lokala etableringar i Danmark, Sverige, Norge och Finland.\" \/>\n<meta property=\"og:url\" content=\"https:\/\/www.nordicclimategroup.se\/dotterbolag\/nyhetsrum\/nyheter\/forvarv\/nordic-climate-group-forvarvar-reftec-i-trondheim\/\" \/>\n<meta property=\"og:site_name\" content=\"Dotterbolag\" \/>\n<meta property=\"article:published_time\" content=\"2024-05-30T12:33:00+00:00\" \/>\n<meta property=\"article:modified_time\" content=\"2025-03-21T13:08:02+00:00\" \/>\n<meta property=\"og:image\" content=\"https:\/\/www.nordicclimategroup.se\/dotterbolag\/wp-content\/uploads\/sites\/3\/2025\/03\/2.jpg_anchorcentermodecropwidth590height590upscalefalsernd133679289199400000.jpg\" \/>\n\t<meta property=\"og:image:width\" content=\"590\" \/>\n\t<meta property=\"og:image:height\" content=\"590\" \/>\n\t<meta property=\"og:image:type\" content=\"image\/jpeg\" \/>\n<meta name=\"author\" content=\"admin\" \/>\n<meta name=\"twitter:card\" content=\"summary_large_image\" \/>\n<meta name=\"twitter:label1\" content=\"Skriven av\" \/>\n\t<meta name=\"twitter:data1\" content=\"admin\" \/>\n\t<meta name=\"twitter:label2\" content=\"Ber\u00e4knad l\u00e4stid\" \/>\n\t<meta name=\"twitter:data2\" content=\"3 minuter\" \/>\n<script type=\"application\/ld+json\" class=\"yoast-schema-graph\">{\"@context\":\"https:\/\/schema.org\",\"@graph\":[{\"@type\":\"Article\",\"@id\":\"https:\/\/www.nordicclimategroup.se\/dotterbolag\/nyhetsrum\/nyheter\/forvarv\/nordic-climate-group-forvarvar-reftec-i-trondheim\/#article\",\"isPartOf\":{\"@id\":\"https:\/\/www.nordicclimategroup.se\/dotterbolag\/nyhetsrum\/nyheter\/forvarv\/nordic-climate-group-forvarvar-reftec-i-trondheim\/\"},\"author\":{\"name\":\"admin\",\"@id\":\"https:\/\/www.nordicclimategroup.se\/dotterbolag\/#\/schema\/person\/facad66499691d7986ce0d727cd80347\"},\"headline\":\"Nordic Climate Group f\u00f6rv\u00e4rvar Reftec i Trondheim\",\"datePublished\":\"2024-05-30T12:33:00+00:00\",\"dateModified\":\"2025-03-21T13:08:02+00:00\",\"mainEntityOfPage\":{\"@id\":\"https:\/\/www.nordicclimategroup.se\/dotterbolag\/nyhetsrum\/nyheter\/forvarv\/nordic-climate-group-forvarvar-reftec-i-trondheim\/\"},\"wordCount\":389,\"publisher\":{\"@id\":\"https:\/\/www.nordicclimategroup.se\/dotterbolag\/#organization\"},\"image\":{\"@id\":\"https:\/\/www.nordicclimategroup.se\/dotterbolag\/nyhetsrum\/nyheter\/forvarv\/nordic-climate-group-forvarvar-reftec-i-trondheim\/#primaryimage\"},\"thumbnailUrl\":\"https:\/\/www.nordicclimategroup.se\/dotterbolag\/wp-content\/uploads\/sites\/3\/2025\/03\/2.jpg_anchorcentermodecropwidth590height590upscalefalsernd133679289199400000.jpg\",\"articleSection\":[\"F\u00f6rv\u00e4rv\"],\"inLanguage\":\"sv-SE\"},{\"@type\":\"WebPage\",\"@id\":\"https:\/\/www.nordicclimategroup.se\/dotterbolag\/nyhetsrum\/nyheter\/forvarv\/nordic-climate-group-forvarvar-reftec-i-trondheim\/\",\"url\":\"https:\/\/www.nordicclimategroup.se\/dotterbolag\/nyhetsrum\/nyheter\/forvarv\/nordic-climate-group-forvarvar-reftec-i-trondheim\/\",\"name\":\"Nordic Climate Group f\u00f6rv\u00e4rvar Reftec i Trondheim - Dotterbolag\",\"isPartOf\":{\"@id\":\"https:\/\/www.nordicclimategroup.se\/dotterbolag\/#website\"},\"primaryImageOfPage\":{\"@id\":\"https:\/\/www.nordicclimategroup.se\/dotterbolag\/nyhetsrum\/nyheter\/forvarv\/nordic-climate-group-forvarvar-reftec-i-trondheim\/#primaryimage\"},\"image\":{\"@id\":\"https:\/\/www.nordicclimategroup.se\/dotterbolag\/nyhetsrum\/nyheter\/forvarv\/nordic-climate-group-forvarvar-reftec-i-trondheim\/#primaryimage\"},\"thumbnailUrl\":\"https:\/\/www.nordicclimategroup.se\/dotterbolag\/wp-content\/uploads\/sites\/3\/2025\/03\/2.jpg_anchorcentermodecropwidth590height590upscalefalsernd133679289199400000.jpg\",\"datePublished\":\"2024-05-30T12:33:00+00:00\",\"dateModified\":\"2025-03-21T13:08:02+00:00\",\"inLanguage\":\"sv-SE\",\"potentialAction\":[{\"@type\":\"ReadAction\",\"target\":[\"https:\/\/www.nordicclimategroup.se\/dotterbolag\/nyhetsrum\/nyheter\/forvarv\/nordic-climate-group-forvarvar-reftec-i-trondheim\/\"]}]},{\"@type\":\"ImageObject\",\"inLanguage\":\"sv-SE\",\"@id\":\"https:\/\/www.nordicclimategroup.se\/dotterbolag\/nyhetsrum\/nyheter\/forvarv\/nordic-climate-group-forvarvar-reftec-i-trondheim\/#primaryimage\",\"url\":\"https:\/\/www.nordicclimategroup.se\/dotterbolag\/wp-content\/uploads\/sites\/3\/2025\/03\/2.jpg_anchorcentermodecropwidth590height590upscalefalsernd133679289199400000.jpg\",\"contentUrl\":\"https:\/\/www.nordicclimategroup.se\/dotterbolag\/wp-content\/uploads\/sites\/3\/2025\/03\/2.jpg_anchorcentermodecropwidth590height590upscalefalsernd133679289199400000.jpg\",\"width\":590,\"height\":590},{\"@type\":\"WebSite\",\"@id\":\"https:\/\/www.nordicclimategroup.se\/dotterbolag\/#website\",\"url\":\"https:\/\/www.nordicclimategroup.se\/dotterbolag\/\",\"name\":\"Dotterbolag\",\"description\":\"\",\"publisher\":{\"@id\":\"https:\/\/www.nordicclimategroup.se\/dotterbolag\/#organization\"},\"potentialAction\":[{\"@type\":\"SearchAction\",\"target\":{\"@type\":\"EntryPoint\",\"urlTemplate\":\"https:\/\/www.nordicclimategroup.se\/dotterbolag\/?s={search_term_string}\"},\"query-input\":{\"@type\":\"PropertyValueSpecification\",\"valueRequired\":true,\"valueName\":\"search_term_string\"}}],\"inLanguage\":\"sv-SE\"},{\"@type\":\"Organization\",\"@id\":\"https:\/\/www.nordicclimategroup.se\/dotterbolag\/#organization\",\"name\":\"Dotterbolag\",\"url\":\"https:\/\/www.nordicclimategroup.se\/dotterbolag\/\",\"logo\":{\"@type\":\"ImageObject\",\"inLanguage\":\"sv-SE\",\"@id\":\"https:\/\/www.nordicclimategroup.se\/dotterbolag\/#\/schema\/logo\/image\/\",\"url\":\"https:\/\/www.nordicclimategroup.se\/dotterbolag\/wp-content\/uploads\/sites\/3\/2024\/02\/NCG-LOGO.svg\",\"contentUrl\":\"https:\/\/www.nordicclimategroup.se\/dotterbolag\/wp-content\/uploads\/sites\/3\/2024\/02\/NCG-LOGO.svg\",\"caption\":\"Dotterbolag\"},\"image\":{\"@id\":\"https:\/\/www.nordicclimategroup.se\/dotterbolag\/#\/schema\/logo\/image\/\"}},{\"@type\":\"Person\",\"@id\":\"https:\/\/www.nordicclimategroup.se\/dotterbolag\/#\/schema\/person\/facad66499691d7986ce0d727cd80347\",\"name\":\"admin\",\"image\":{\"@type\":\"ImageObject\",\"inLanguage\":\"sv-SE\",\"@id\":\"https:\/\/www.nordicclimategroup.se\/dotterbolag\/#\/schema\/person\/image\/\",\"url\":\"https:\/\/secure.gravatar.com\/avatar\/04bb6f505c842e525adc7c63df6c0b599b63fe7fde089987dbab6e0bcf6882b3?s=96&d=mm&r=g\",\"contentUrl\":\"https:\/\/secure.gravatar.com\/avatar\/04bb6f505c842e525adc7c63df6c0b599b63fe7fde089987dbab6e0bcf6882b3?s=96&d=mm&r=g\",\"caption\":\"admin\"},\"sameAs\":[\"https:\/\/designteamet.se\"],\"url\":\"https:\/\/www.nordicclimategroup.se\/dotterbolag\/nyhetsrum\/nyheter\/author\/designteamet\/\"}]}<\/script>\n<!-- \/ Yoast SEO plugin. -->","yoast_head_json":{"title":"Nordic Climate Group f\u00f6rv\u00e4rvar Reftec i Trondheim - Dotterbolag","robots":{"index":"noindex","follow":"follow","max-snippet":"max-snippet:-1","max-image-preview":"max-image-preview:large","max-video-preview":"max-video-preview:-1"},"og_locale":"sv_SE","og_type":"article","og_title":"Nordic Climate Group f\u00f6rv\u00e4rvar Reftec i Trondheim - Dotterbolag","og_description":"Nordic Climate Group v\u00e4xer i Norge genom att f\u00f6rv\u00e4rva Reftec AS med huvudkontor i Trondheim. I f\u00f6rv\u00e4rvet ing\u00e5r \u00e4ven dotterbolaget Rana Kulde, Mo i Rana. N\u00e4r Reftec ansluter till gruppen st\u00e4rker Nordic Climate Group sin position i Tr\u00f6ndelag men \u00e4ven i andra delar av Norge d\u00e4r bolaget \u00e4r verksamt. Reftec \u00e4r specialiserade p\u00e5 energieffektiva kyl- och v\u00e4rmel\u00f6sningar med naturliga k\u00f6ldmedier inom fastighetssektorn. Reftec grundades 2007, har 14 anst\u00e4llda och oms\u00e4tter tillsammans med Rana Kulde 78 miljoner NOK verksamhets\u00e5ret 2023. Nordic Climate Group som etablerades 2021 oms\u00e4tter 4 miljarder SEK och har cirka 1.550 anst\u00e4llda vid drygt 80 lokala etableringar i Danmark, Sverige, Norge och Finland.","og_url":"https:\/\/www.nordicclimategroup.se\/dotterbolag\/nyhetsrum\/nyheter\/forvarv\/nordic-climate-group-forvarvar-reftec-i-trondheim\/","og_site_name":"Dotterbolag","article_published_time":"2024-05-30T12:33:00+00:00","article_modified_time":"2025-03-21T13:08:02+00:00","og_image":[{"width":590,"height":590,"url":"https:\/\/www.nordicclimategroup.se\/dotterbolag\/wp-content\/uploads\/sites\/3\/2025\/03\/2.jpg_anchorcentermodecropwidth590height590upscalefalsernd133679289199400000.jpg","type":"image\/jpeg"}],"author":"admin","twitter_card":"summary_large_image","twitter_misc":{"Skriven av":"admin","Ber\u00e4knad l\u00e4stid":"3 minuter"},"schema":{"@context":"https:\/\/schema.org","@graph":[{"@type":"Article","@id":"https:\/\/www.nordicclimategroup.se\/dotterbolag\/nyhetsrum\/nyheter\/forvarv\/nordic-climate-group-forvarvar-reftec-i-trondheim\/#article","isPartOf":{"@id":"https:\/\/www.nordicclimategroup.se\/dotterbolag\/nyhetsrum\/nyheter\/forvarv\/nordic-climate-group-forvarvar-reftec-i-trondheim\/"},"author":{"name":"admin","@id":"https:\/\/www.nordicclimategroup.se\/dotterbolag\/#\/schema\/person\/facad66499691d7986ce0d727cd80347"},"headline":"Nordic Climate Group f\u00f6rv\u00e4rvar Reftec i Trondheim","datePublished":"2024-05-30T12:33:00+00:00","dateModified":"2025-03-21T13:08:02+00:00","mainEntityOfPage":{"@id":"https:\/\/www.nordicclimategroup.se\/dotterbolag\/nyhetsrum\/nyheter\/forvarv\/nordic-climate-group-forvarvar-reftec-i-trondheim\/"},"wordCount":389,"publisher":{"@id":"https:\/\/www.nordicclimategroup.se\/dotterbolag\/#organization"},"image":{"@id":"https:\/\/www.nordicclimategroup.se\/dotterbolag\/nyhetsrum\/nyheter\/forvarv\/nordic-climate-group-forvarvar-reftec-i-trondheim\/#primaryimage"},"thumbnailUrl":"https:\/\/www.nordicclimategroup.se\/dotterbolag\/wp-content\/uploads\/sites\/3\/2025\/03\/2.jpg_anchorcentermodecropwidth590height590upscalefalsernd133679289199400000.jpg","articleSection":["F\u00f6rv\u00e4rv"],"inLanguage":"sv-SE"},{"@type":"WebPage","@id":"https:\/\/www.nordicclimategroup.se\/dotterbolag\/nyhetsrum\/nyheter\/forvarv\/nordic-climate-group-forvarvar-reftec-i-trondheim\/","url":"https:\/\/www.nordicclimategroup.se\/dotterbolag\/nyhetsrum\/nyheter\/forvarv\/nordic-climate-group-forvarvar-reftec-i-trondheim\/","name":"Nordic Climate Group f\u00f6rv\u00e4rvar Reftec i Trondheim - Dotterbolag","isPartOf":{"@id":"https:\/\/www.nordicclimategroup.se\/dotterbolag\/#website"},"primaryImageOfPage":{"@id":"https:\/\/www.nordicclimategroup.se\/dotterbolag\/nyhetsrum\/nyheter\/forvarv\/nordic-climate-group-forvarvar-reftec-i-trondheim\/#primaryimage"},"image":{"@id":"https:\/\/www.nordicclimategroup.se\/dotterbolag\/nyhetsrum\/nyheter\/forvarv\/nordic-climate-group-forvarvar-reftec-i-trondheim\/#primaryimage"},"thumbnailUrl":"https:\/\/www.nordicclimategroup.se\/dotterbolag\/wp-content\/uploads\/sites\/3\/2025\/03\/2.jpg_anchorcentermodecropwidth590height590upscalefalsernd133679289199400000.jpg","datePublished":"2024-05-30T12:33:00+00:00","dateModified":"2025-03-21T13:08:02+00:00","inLanguage":"sv-SE","potentialAction":[{"@type":"ReadAction","target":["https:\/\/www.nordicclimategroup.se\/dotterbolag\/nyhetsrum\/nyheter\/forvarv\/nordic-climate-group-forvarvar-reftec-i-trondheim\/"]}]},{"@type":"ImageObject","inLanguage":"sv-SE","@id":"https:\/\/www.nordicclimategroup.se\/dotterbolag\/nyhetsrum\/nyheter\/forvarv\/nordic-climate-group-forvarvar-reftec-i-trondheim\/#primaryimage","url":"https:\/\/www.nordicclimategroup.se\/dotterbolag\/wp-content\/uploads\/sites\/3\/2025\/03\/2.jpg_anchorcentermodecropwidth590height590upscalefalsernd133679289199400000.jpg","contentUrl":"https:\/\/www.nordicclimategroup.se\/dotterbolag\/wp-content\/uploads\/sites\/3\/2025\/03\/2.jpg_anchorcentermodecropwidth590height590upscalefalsernd133679289199400000.jpg","width":590,"height":590},{"@type":"WebSite","@id":"https:\/\/www.nordicclimategroup.se\/dotterbolag\/#website","url":"https:\/\/www.nordicclimategroup.se\/dotterbolag\/","name":"Dotterbolag","description":"","publisher":{"@id":"https:\/\/www.nordicclimategroup.se\/dotterbolag\/#organization"},"potentialAction":[{"@type":"SearchAction","target":{"@type":"EntryPoint","urlTemplate":"https:\/\/www.nordicclimategroup.se\/dotterbolag\/?s={search_term_string}"},"query-input":{"@type":"PropertyValueSpecification","valueRequired":true,"valueName":"search_term_string"}}],"inLanguage":"sv-SE"},{"@type":"Organization","@id":"https:\/\/www.nordicclimategroup.se\/dotterbolag\/#organization","name":"Dotterbolag","url":"https:\/\/www.nordicclimategroup.se\/dotterbolag\/","logo":{"@type":"ImageObject","inLanguage":"sv-SE","@id":"https:\/\/www.nordicclimategroup.se\/dotterbolag\/#\/schema\/logo\/image\/","url":"https:\/\/www.nordicclimategroup.se\/dotterbolag\/wp-content\/uploads\/sites\/3\/2024\/02\/NCG-LOGO.svg","contentUrl":"https:\/\/www.nordicclimategroup.se\/dotterbolag\/wp-content\/uploads\/sites\/3\/2024\/02\/NCG-LOGO.svg","caption":"Dotterbolag"},"image":{"@id":"https:\/\/www.nordicclimategroup.se\/dotterbolag\/#\/schema\/logo\/image\/"}},{"@type":"Person","@id":"https:\/\/www.nordicclimategroup.se\/dotterbolag\/#\/schema\/person\/facad66499691d7986ce0d727cd80347","name":"admin","image":{"@type":"ImageObject","inLanguage":"sv-SE","@id":"https:\/\/www.nordicclimategroup.se\/dotterbolag\/#\/schema\/person\/image\/","url":"https:\/\/secure.gravatar.com\/avatar\/04bb6f505c842e525adc7c63df6c0b599b63fe7fde089987dbab6e0bcf6882b3?s=96&d=mm&r=g","contentUrl":"https:\/\/secure.gravatar.com\/avatar\/04bb6f505c842e525adc7c63df6c0b599b63fe7fde089987dbab6e0bcf6882b3?s=96&d=mm&r=g","caption":"admin"},"sameAs":["https:\/\/designteamet.se"],"url":"https:\/\/www.nordicclimategroup.se\/dotterbolag\/nyhetsrum\/nyheter\/author\/designteamet\/"}]}},"_links":{"self":[{"href":"https:\/\/www.nordicclimategroup.se\/dotterbolag\/wp-json\/wp\/v2\/posts\/6214","targetHints":{"allow":["GET"]}}],"collection":[{"href":"https:\/\/www.nordicclimategroup.se\/dotterbolag\/wp-json\/wp\/v2\/posts"}],"about":[{"href":"https:\/\/www.nordicclimategroup.se\/dotterbolag\/wp-json\/wp\/v2\/types\/post"}],"author":[{"embeddable":true,"href":"https:\/\/www.nordicclimategroup.se\/dotterbolag\/wp-json\/wp\/v2\/users\/1"}],"replies":[{"embeddable":true,"href":"https:\/\/www.nordicclimategroup.se\/dotterbolag\/wp-json\/wp\/v2\/comments?post=6214"}],"version-history":[{"count":1,"href":"https:\/\/www.nordicclimategroup.se\/dotterbolag\/wp-json\/wp\/v2\/posts\/6214\/revisions"}],"predecessor-version":[{"id":6216,"href":"https:\/\/www.nordicclimategroup.se\/dotterbolag\/wp-json\/wp\/v2\/posts\/6214\/revisions\/6216"}],"wp:featuredmedia":[{"embeddable":true,"href":"https:\/\/www.nordicclimategroup.se\/dotterbolag\/wp-json\/wp\/v2\/media\/6215"}],"wp:attachment":[{"href":"https:\/\/www.nordicclimategroup.se\/dotterbolag\/wp-json\/wp\/v2\/media?parent=6214"}],"wp:term":[{"taxonomy":"category","embeddable":true,"href":"https:\/\/www.nordicclimategroup.se\/dotterbolag\/wp-json\/wp\/v2\/categories?post=6214"},{"taxonomy":"post_tag","embeddable":true,"href":"https:\/\/www.nordicclimategroup.se\/dotterbolag\/wp-json\/wp\/v2\/tags?post=6214"}],"curies":[{"name":"wp","href":"https:\/\/api.w.org\/{rel}","templated":true}]}}